{"id":469303,"date":"2024-09-04T18:09:18","date_gmt":"2024-09-04T22:09:18","guid":{"rendered":"https:\/\/unifranz.edu.bo\/?p=469303"},"modified":"2024-09-04T18:10:49","modified_gmt":"2024-09-04T22:10:49","slug":"una-segunda-oportunidad-jovenes-de-qalahuma-se-capacitan-para-lograr-su-reinsercion-social","status":"publish","type":"post","link":"https:\/\/unifranz.edu.bo\/pt\/blog\/una-segunda-oportunidad-jovenes-de-qalahuma-se-capacitan-para-lograr-su-reinsercion-social\/","title":{"rendered":"Una segunda oportunidad: j\u00f3venes de Qalahuma se capacitan para lograr su reinserci\u00f3n social"},"content":{"rendered":"<div><span style=\"color: #000000; letter-spacing: 0.02em;\">\u00bfQui\u00e9n dijo que las segundas oportunidades no existen? Cristian dej\u00f3 el Centro de Rehabilitaci\u00f3n de Qalahuma, especializado en atenci\u00f3n a menores, hace ocho meses, tras cumplir condena por un delito que cometi\u00f3. A sus 21 a\u00f1os, siente que la vida le vuelve a sonre\u00edr y que le brinda una nueva oportunidad con el street food, un emprendimiento de comida preparada al momento y de forma artesanal, con un costo accesible, para llevar o consumir al paso.<\/span><\/div>\n<div>\n<p><span style=\"color: #000000;\">Cristian aprendi\u00f3 el oficio durante su encierro, en talleres de capacitaci\u00f3n en gastronom\u00eda, contabilidad, plataformas sociales, marketing y atenci\u00f3n al cliente, entre otras habilidades, con la intenci\u00f3n de<b>\u00a0reinsertarse a la sociedad<\/b> y evitar reincidir, dice Daniel Callisaya, director departamental de R\u00e9gimen Penitenciario en La Paz.<\/span><\/p>\n<\/div>\n<div>\n<p><span style=\"color: #000000;\">Con ese prop\u00f3sito, en abril de 2024, el Centro e Incubadora de Emprendimientos y Negocios (CIEN), de la carrera de Administraci\u00f3n de Empresas de la Universidad Franz Tamayo (Unifranz El Alto), junto a Visi\u00f3n Mundial Bolivia (proyecto Youth Ready) y la Fundaci\u00f3n Aydha, en coordinaci\u00f3n con la Direcci\u00f3n General de R\u00e9gimen Penitenciario, puso en marcha un\u00a0<b>programa de formaci\u00f3n para los adolescentes y j\u00f3venes privados de libertad<\/b>\u00a0del Centro de Rehabilitaci\u00f3n de Qalahuma.<\/span><\/p>\n<\/div>\n<div>\n<p><span style=\"color: #000000;\">El objetivo fue brindar a los internos habilidades empresariales, blandas y de gesti\u00f3n para que, posteriormente, al recuperar su libertad, puedan<b>\u00a0iniciar sus propios emprendimientos.<\/b><\/span><\/p>\n<\/div>\n<div>\n<p><span style=\"color: #000000;\">\u201cPara el CIEN ha sido muy alentador apoyar a estos j\u00f3venes que necesitan adquirir las diferentes herramientas y habilidades que les hemos brindado para que puedan fortalecer sus emprendimientos\u201d, destaca Patricia Pozo, directora de la carrera de Administraci\u00f3n de Empresas de Unifranz, refiri\u00e9ndose al trabajo realizado durante cuatro meses en el centro de rehabilitaci\u00f3n.<\/span><\/p>\n<\/div>\n<div>\n<p><span style=\"color: #000000;\">Aprender a emprender, seg\u00fan la acad\u00e9mica, es uno de los pilares fundamentales que sostiene esta iniciativa. Su alcance va m\u00e1s all\u00e1 de los muros de la universidad y<b>\u00a0se extiende a la comunidad en su conjunto<\/b>, como es el caso del Centro de Qalahuma.<\/span><\/p>\n<\/div>\n<div>\n<p><span style=\"color: #000000;\">En Bolivia, la reinserci\u00f3n social de manera productiva para los j\u00f3venes que han delinquido y han pasado por centros de rehabilitaci\u00f3n se complica, generalmente, por la<b>\u00a0falta de oportunidades y apoyo<\/b>, incluso, por parte de sus propias familias.<\/span><\/p>\n<\/div>\n<div>\n<p><span style=\"color: #000000;\">\u201cSi dejamos sin herramientas a las personas que en alg\u00fan momento cometieron un delito, lamentablemente, cuando salgan lo volver\u00e1n a hacer. De ah\u00ed la importancia de\u00a0<b>dotarlos de habilidades que les permitan emprender<\/b>\u00a0una vez que retomen su libertad\u201d, dice Daniel Callisaya, director departamental de R\u00e9gimen Penitenciario de La Paz.<\/span><\/p>\n<\/div>\n<div>\n<h6><span style=\"color: #000000;\"><strong>Modelo de reinserci\u00f3n social<\/strong><\/span><\/h6>\n<\/div>\n<div>\n<p><span style=\"color: #000000;\">Qalahuma, ubicado en el municipio de Viacha del departamento de La Paz, es un centro de rehabilitaci\u00f3n social para j\u00f3venes que<b>\u00a0busca convertirse en un modelo a nivel nacional<\/b>, seg\u00fan el director departamental de R\u00e9gimen Penitenciario.<\/span><\/p>\n<\/div>\n<div>\n<p><span style=\"color: #000000;\">Este centro acoge a m\u00e1s de 350 j\u00f3venes de entre 18 y 28 a\u00f1os que han sido condenados por diversos delitos, incluidos aquellos cometidos por desconocimiento de la ley. Se diferencia de otros centros penitenciarios porque\u00a0<b>se enfoca en la rehabilitaci\u00f3n en lugar del castigo<\/b>, evitando el \u00abcontagio criminal\u00bb que ocurre cuando j\u00f3venes con delitos menores conviven con criminales experimentados.<\/span><\/p>\n<\/div>\n<div>\n<p><span style=\"color: #000000;\">En este centro, adem\u00e1s del apoyo para superar adicciones o traumas, los j\u00f3venes\u00a0<b>reciben formaci\u00f3n en habilidades pr\u00e1cticas, t\u00e9cnicas y humanas<\/b>\u00a0que les permitan generar ingresos despu\u00e9s de su reclusi\u00f3n.<\/span><\/p>\n<\/div>\n<div>\n<p><span style=\"color: #000000;\">Ejemplos de superaci\u00f3n y \u00e9xito, como el de Cristian, demuestran que con el apoyo adecuado es posible cambiar el rumbo de vida de estos j\u00f3venes, que, por decisiones equivocadas, terminaron en un centro de rehabilitaci\u00f3n.<\/span><iframe loading=\"lazy\" title=\"Educaci\u00f3n y Sociedad |Reinserci\u00f3n: segunda oportunidad\" src=\"https:\/\/www.youtube.com\/embed\/g9aPoOJH6M8\" width=\"853\" height=\"480\" frameborder=\"0\" allowfullscreen=\"allowfullscreen\" data-mce-fragment=\"1\"><\/iframe><\/p>\n<\/div>\n<div>\n<h6><span style=\"color: #000000;\">El papel de la sociedad en la reinserci\u00f3n<\/span><\/h6>\n<\/div>\n<div>\n<p><span style=\"color: #000000;\">El \u00e9xito de la reinserci\u00f3n de los j\u00f3venes en conflicto con la ley no depende \u00fanicamente del Estado; la sociedad tambi\u00e9n tiene un papel crucial.<\/span><\/p>\n<\/div>\n<div>\n<p><span style=\"color: #000000;\">Sin embargo,\u00a0<b>la estigmatizaci\u00f3n es uno de los mayores obst\u00e1culos<\/b>\u00a0que enfrentan al intentar reinsertarse, ya que a menudo son rechazados por sus propias familias o comunidades, lo que puede llevarlos nuevamente al camino del delito. Para evitar la reincidencia, es fundamental que la sociedad les ofrezca una verdadera segunda oportunidad, sin prejuicios ni discriminaci\u00f3n.<\/span><\/p>\n<\/div>\n<div>\n<p><span style=\"color: #000000;\">\u201cEllos<b>\u00a0necesitan una nueva oportunidad<\/b>, pero se encuentran con barreras como la estigmatizaci\u00f3n por parte de la sociedad (\u2026). Lamentablemente, muchos de estos j\u00f3venes ni siquiera entienden de qu\u00e9 se trata el delito por el que est\u00e1n recluidos\u201d, reflexiona Callisaya.<\/span><\/p>\n<\/div>\n<div>\n<p><span style=\"color: #000000;\">Iniciativas como el seguimiento post penitenciario son esenciales para asegurar que los j\u00f3venes no recaigan en la delincuencia. Programas de capacitaci\u00f3n como el que lleva adelante el CIEN no solo ayudan al exprivado de libertad, sino tambi\u00e9n a sus familias, prepar\u00e1ndolas para recibirlos y apoyarlos en su reintegraci\u00f3n.<\/span><\/p>\n<\/div>\n<div>\n<h6><span style=\"color: #000000;\"><strong>Una segunda oportunidad para construir futuro<\/strong><\/span><\/h6>\n<\/div>\n<div>\n<p><span style=\"color: #000000;\">El camino hacia la reinserci\u00f3n es complejo y desafiante, pero fundamental. La colaboraci\u00f3n entre el Estado, la academia y la sociedad es vital para lograr que estos j\u00f3venes no solo se mantengan alejados del delito, sino que tambi\u00e9n se conviertan en ciudadanos productivos y responsables.<\/span><\/p>\n<\/div>\n<div>\n<p><span style=\"color: #000000;\">\u201cTodos merecemos una segunda oportunidad. En Qalahuma vimos muchos j\u00f3venes con diferentes talentos y valores. Ellos\u00a0<b>solo necesitan una oportunidad\u00a0<\/b>para reintegrarse a la sociedad, fortaleciendo los emprendimientos que ya tienen y mostrando lo que son capaces de crear\u201d, afirma Pozo.<\/span><\/p>\n<\/div>\n<div>\n<p><span style=\"color: #000000;\">La clave est\u00e1 en\u00a0<b>no cerrarles las puertas\u00a0<\/b>y ofrecerles el apoyo necesario para que puedan construir un futuro mejor. Al brindarles una segunda oportunidad, las instituciones est\u00e1n contribuyendo a la construcci\u00f3n de una sociedad m\u00e1s inclusiva y justa para todos.<\/span><\/p>\n<\/div>","protected":false},"excerpt":{"rendered":"<p>\u00bfQui\u00e9n dijo que las segundas oportunidades no existen? Cristian dej\u00f3 el Centro de Rehabilitaci\u00f3n de Qalahuma, especializado en atenci\u00f3n a menores, hace ocho meses, tras cumplir condena por un delito que cometi\u00f3. A sus 21 a\u00f1os, siente que la vida le vuelve a sonre\u00edr y que le brinda una nueva oportunidad con el street food, &hellip; <a href=\"https:\/\/unifranz.edu.bo\/pt\/blog\/una-segunda-oportunidad-jovenes-de-qalahuma-se-capacitan-para-lograr-su-reinsercion-social\/\">Continued<\/a><\/p>","protected":false},"author":45,"featured_media":469304,"comment_status":"open","ping_status":"open","sticky":false,"template":"","format":"standard","meta":{"_acf_changed":false,"footnotes":""},"categories":[2602,60,2186,8406,1862,1782],"tags":[9648,1422,164,9518,3790,242],"class_list":["post-469303","post","type-post","status-publish","format-standard","has-post-thumbnail","hentry","category-administracion-de-empresas","category-blog","category-carreras-es","category-cien","category-educacion","category-unifranz","tag-centro-de-rehabilitacion","tag-innovacion-en-educacion","tag-jovenes","tag-qalahuma","tag-segunda-oportunidad","tag-unifranz"],"acf":[],"_links":{"self":[{"href":"https:\/\/unifranz.edu.bo\/pt\/wp-json\/wp\/v2\/posts\/469303","targetHints":{"allow":["GET"]}}],"collection":[{"href":"https:\/\/unifranz.edu.bo\/pt\/wp-json\/wp\/v2\/posts"}],"about":[{"href":"https:\/\/unifranz.edu.bo\/pt\/wp-json\/wp\/v2\/types\/post"}],"author":[{"embeddable":true,"href":"https:\/\/unifranz.edu.bo\/pt\/wp-json\/wp\/v2\/users\/45"}],"replies":[{"embeddable":true,"href":"https:\/\/unifranz.edu.bo\/pt\/wp-json\/wp\/v2\/comments?post=469303"}],"version-history":[{"count":4,"href":"https:\/\/unifranz.edu.bo\/pt\/wp-json\/wp\/v2\/posts\/469303\/revisions"}],"predecessor-version":[{"id":469308,"href":"https:\/\/unifranz.edu.bo\/pt\/wp-json\/wp\/v2\/posts\/469303\/revisions\/469308"}],"wp:featuredmedia":[{"embeddable":true,"href":"https:\/\/unifranz.edu.bo\/pt\/wp-json\/wp\/v2\/media\/469304"}],"wp:attachment":[{"href":"https:\/\/unifranz.edu.bo\/pt\/wp-json\/wp\/v2\/media?parent=469303"}],"wp:term":[{"taxonomy":"category","embeddable":true,"href":"https:\/\/unifranz.edu.bo\/pt\/wp-json\/wp\/v2\/categories?post=469303"},{"taxonomy":"post_tag","embeddable":true,"href":"https:\/\/unifranz.edu.bo\/pt\/wp-json\/wp\/v2\/tags?post=469303"}],"curies":[{"name":"wp","href":"https:\/\/api.w.org\/{rel}","templated":true}]}}