{"id":459228,"date":"2024-08-28T10:36:18","date_gmt":"2024-08-28T14:36:18","guid":{"rendered":"https:\/\/unifranz.edu.bo\/?p=459228"},"modified":"2024-08-28T12:34:43","modified_gmt":"2024-08-28T16:34:43","slug":"unifranz-iii-convencion-de-rectores-y-lideres-gestores-de-sostenibilidad-y-sustentabilidad","status":"publish","type":"post","link":"https:\/\/unifranz.edu.bo\/pt\/internacionalizacion\/unifranz-iii-convencion-de-rectores-y-lideres-gestores-de-sostenibilidad-y-sustentabilidad\/","title":{"rendered":"Unifranz presente en la III Convenci\u00f3n de rectores y l\u00edderes gestores de sostenibilidad y sustentabilidad"},"content":{"rendered":"<p><span style=\"color: #000000;\">La rectora nacional de la Universidad Franz Tamayo,<strong> Unifranz, Ver\u00f3nica \u00c1greda<\/strong>, representa al pa\u00eds en la <strong>\u201cIII Convenci\u00f3n de rectores y l\u00edderes gestores de sostenibilidad y sustentabilidad\u201d<\/strong>, que se desarrolla en Cartagena de Indias, Colombia. El encuentro es impulsado por el Instituto Internacional de Educaci\u00f3n Superior de la <strong>UNESCO <\/strong>para la Educaci\u00f3n Superior en Am\u00e9rica Latina y el Caribe (<strong>IESALC<\/strong>) con el objetivo de sentar las bases de una red de redes orientada a impulsar el cumplimiento de la Agenda 2030 de las Naciones Unidas.<\/span><\/p>\n<p><span style=\"color: #000000;\">Modelos educativos sostenibles, justicia clim\u00e1tica, liderazgo y transformaci\u00f3n, son algunos de los temas que se abordan en el encuentro que re\u00fane entre el 27 y 30 de agosto, a m\u00e1s de un millar de autoridades acad\u00e9micas, l\u00edderes y dirigentes educativos, investigadores, consultores, docentes, estudiantes, dirigentes y profesionales de diversas organizaciones p\u00fablicas y privadas de Iberoam\u00e9rica.\u00a0<\/span><\/p>\n<p><span style=\"color: #000000;\">\u201c<strong>La sostenibilidad forma parte del ADN de nuestra universidad<\/strong>. Es parte de nuestra filosof\u00eda institucional, transformar personas en aras de potenciarlas como agentes de cambio con responsabilidad social(&#8230;). y es uno de nuestros valores institucionales, expresada en su dimensi\u00f3n m\u00e1s amplia, porque queremos transformar la forma en la que se aprende para generar mayor consciencia y dotar de competencias a las personas con las que sean m\u00e1s conscientes y capaces de resolver problemas urgentes de la sociedad\u201d, asegura la rectora de Unifranz y secretaria Acad\u00e9mica de la Asociaci\u00f3n Nacional de Universidades Privadas (ANUP) de Bolivia, quien participa en el evento.<\/span><\/p>\n<p><span style=\"color: #000000;\">El encuentro es organizado por la <strong>Unesco IESALC<\/strong>, junto a la <strong>Organizaci\u00f3n de los Estados Iberoamericanos<\/strong> (OIE), la Asociaci\u00f3n Iberoamericana de Educaci\u00f3n Superior a Distancia (<strong>AIESAD<\/strong>), la Asociaci\u00f3n Colombiana de Instituciones de Educaci\u00f3n Superior con Programas a Distancia \u2013 <strong>ACESAD<\/strong> y la Universidad Nacional Abierta y a Distancia (<strong>UNAD<\/strong>), con la premisa de que la educaci\u00f3n superior es clave para liderar el cambio hacia una econom\u00eda verde, mediante, el fomento de la investigaci\u00f3n para gestionar soluciones innovadoras a problem\u00e1ticas planetarias y la implementaci\u00f3n de pr\u00e1cticas sostenibles en los campus universitarios.<\/span><\/p>\n<p><span style=\"color: #000000;\">En ese marco, la primera jornada de la convenci\u00f3n de rectores centr\u00f3 su atenci\u00f3n en la ponencia \u201cCambiando el Paradigma Educativo: Hacia una Sociedad Sostenible\u201d de <strong>Francesc Pedr\u00f3, director de la Unesco IESALC.<\/strong><\/span><\/p>\n<p><span style=\"color: #000000;\">Ver\u00f3nica \u00c1greda de la Unifranz (Bolivia), Juana Rosario Duarte Galeas de la Universidad Metropolitana de Honduras, Marcelo Fernando Figari de la Universidad Hospital Italiano de Buenos Aires (Argentina), German Anzola de la Universidad de Ciencias Aplicadas y Ambientales de Colombia y Ana Mar\u00eda Pi\u00f1eros Ricardos de la Fundaci\u00f3n Universitaria Juan N. Corpas, tambi\u00e9n de Colombia, lideraron el panel \u201cAlianzas de valor e impacto para transformar el futuro\u201d.<\/span><\/p>\n<p>&nbsp;<\/p>\n<figure id=\"attachment_459252\" aria-describedby=\"caption-attachment-459252\" style=\"width: 900px\" class=\"wp-caption alignnone\"><img loading=\"lazy\" decoding=\"async\" class=\"wp-image-459252\" src=\"https:\/\/unifranz.edu.bo\/wp-content\/uploads\/2024\/08\/1-300x200.jpeg\" alt=\"\" width=\"900\" height=\"600\" srcset=\"https:\/\/unifranz.edu.bo\/wp-content\/uploads\/2024\/08\/1-300x200.jpeg 300w, https:\/\/unifranz.edu.bo\/wp-content\/uploads\/2024\/08\/1-1024x683.jpeg 1024w, https:\/\/unifranz.edu.bo\/wp-content\/uploads\/2024\/08\/1-768x512.jpeg 768w, https:\/\/unifranz.edu.bo\/wp-content\/uploads\/2024\/08\/1-1536x1024.jpeg 1536w, https:\/\/unifranz.edu.bo\/wp-content\/uploads\/2024\/08\/1-18x12.jpeg 18w, https:\/\/unifranz.edu.bo\/wp-content\/uploads\/2024\/08\/1.jpeg 1600w\" sizes=\"auto, (max-width: 900px) 100vw, 900px\" \/><figcaption id=\"caption-attachment-459252\" class=\"wp-caption-text\"><\/span> <em><span style=\"color: #000000;\">Ver\u00f3nica \u00c1greda de la Unifranz (Bolivia) en el panel \u201cAlianzas de valor e impacto para transformar el futuro\u201d.<\/span><\/em><\/figcaption><\/figure>\n<p>&nbsp;<\/p>\n<p><span style=\"color: #000000;\">La dinamizaci\u00f3n h\u00edbrida de pr\u00e1cticas de sostenibilidad y de sustentabilidad y la educaci\u00f3n h\u00edbrida, con conceptos, fundamentos y estrategias fueron parte del temario de reflexi\u00f3n en el arranque de la tercera versi\u00f3n de la convenci\u00f3n que prev\u00e9 las ponencias magistrales de Esther Lence, representante de la OEI; Jaime Alberto Leal Afanador, rector de la UNAD; Mariano Jabonero, pedagogo espa\u00f1ol experto en pol\u00edtica de cooperaci\u00f3n educativa, cultural y cient\u00edfica en Iberoam\u00e9rica, entre otros.<\/span><\/p>\n<p><span style=\"color: #000000;\">Para el rector de la UNAD, esta tercera convenci\u00f3n permite intercambiar miradas y experiencias entre l\u00edderes regionales en torno a los avances, pr\u00e1cticas exitosas y desaf\u00edos comunes que permitan generar acciones colectivas que coadyuven procesos formativos en pro de la construcci\u00f3n de escenarios sostenibles y sustentables para Iberoam\u00e9rica.<\/span><\/p>\n<p><span style=\"color: #000000;\">La participaci\u00f3n de Unifranz en este evento internacional que re\u00fane a gestores de sostenibilidad y sustentabilidad de Iberoam\u00e9rica, subraya el compromiso de la universidad con la mejora continua de la educaci\u00f3n superior en la regi\u00f3n, as\u00ed como con la colaboraci\u00f3n internacional en la b\u00fasqueda de soluciones innovadoras para los desaf\u00edos actuales y futuros.\u00a0<\/span><\/p>\n<p><span style=\"color: #000000;\"><strong>Red de redes para la sostenibilidad y la sustentabilidad<\/strong><\/span><\/p>\n<p><span style=\"color: #000000;\">La Unesco IESALC trabaja en la consolidaci\u00f3n del proyecto \u201cRed de rectores y rectoras por y para la sostenibilidad. Alianzas para la transformaci\u00f3n\u201d, con el prop\u00f3sito de potenciar, desde la institucionalidad educativa de Iberoam\u00e9rica. Se prev\u00e9 que, a futuro, otras redes e instituciones de diversos sectores se integren para dar mayor trascendencia al compromiso con los ODS.<\/span><\/p>\n<p><span style=\"color: #000000;\">La \u201cRed de Redes para la Sostenibilidad y la Sustentabilidad\u201d busca constituirse en un hito importante para liderar el proceso de forma cooperativa y estrat\u00e9gica y ofrecer un espacio para la construcci\u00f3n de alianzas de valor con otros actores clave, como gobiernos, empresas y organizaciones de la sociedad civil.<\/span><\/p>","protected":false},"excerpt":{"rendered":"<p>La rectora nacional de la Universidad Franz Tamayo, Unifranz, Ver\u00f3nica \u00c1greda, representa al pa\u00eds en la \u201cIII Convenci\u00f3n de rectores y l\u00edderes gestores de sostenibilidad y sustentabilidad\u201d, que se desarrolla en Cartagena de Indias, Colombia. El encuentro es impulsado por el Instituto Internacional de Educaci\u00f3n Superior de la UNESCO para la Educaci\u00f3n Superior en Am\u00e9rica &hellip; <a href=\"https:\/\/unifranz.edu.bo\/pt\/internacionalizacion\/unifranz-iii-convencion-de-rectores-y-lideres-gestores-de-sostenibilidad-y-sustentabilidad\/\">Continued<\/a><\/p>","protected":false},"author":45,"featured_media":459231,"comment_status":"open","ping_status":"open","sticky":false,"template":"","format":"standard","meta":{"_acf_changed":false,"footnotes":""},"categories":[5100,1862,1708,2858,1608,2102,1782],"tags":[9552,1422,248,9548,9550,374,242,1646],"class_list":["post-459228","post","type-post","status-publish","format-standard","has-post-thumbnail","hentry","category-bolivia","category-educacion","category-innovacion","category-innovacion-en-educacion","category-internacionalizacion","category-unesco","category-unifranz","tag-iii-convencion-de-rectores-y-lideres-gestores-de-sostenibilidad-y-sustentabilidad","tag-innovacion-en-educacion","tag-internacionalizacion","tag-lideres-en-educacion","tag-rectores","tag-unesco","tag-unifranz","tag-veronica-agreda"],"acf":[],"_links":{"self":[{"href":"https:\/\/unifranz.edu.bo\/pt\/wp-json\/wp\/v2\/posts\/459228","targetHints":{"allow":["GET"]}}],"collection":[{"href":"https:\/\/unifranz.edu.bo\/pt\/wp-json\/wp\/v2\/posts"}],"about":[{"href":"https:\/\/unifranz.edu.bo\/pt\/wp-json\/wp\/v2\/types\/post"}],"author":[{"embeddable":true,"href":"https:\/\/unifranz.edu.bo\/pt\/wp-json\/wp\/v2\/users\/45"}],"replies":[{"embeddable":true,"href":"https:\/\/unifranz.edu.bo\/pt\/wp-json\/wp\/v2\/comments?post=459228"}],"version-history":[{"count":3,"href":"https:\/\/unifranz.edu.bo\/pt\/wp-json\/wp\/v2\/posts\/459228\/revisions"}],"predecessor-version":[{"id":459253,"href":"https:\/\/unifranz.edu.bo\/pt\/wp-json\/wp\/v2\/posts\/459228\/revisions\/459253"}],"wp:featuredmedia":[{"embeddable":true,"href":"https:\/\/unifranz.edu.bo\/pt\/wp-json\/wp\/v2\/media\/459231"}],"wp:attachment":[{"href":"https:\/\/unifranz.edu.bo\/pt\/wp-json\/wp\/v2\/media?parent=459228"}],"wp:term":[{"taxonomy":"category","embeddable":true,"href":"https:\/\/unifranz.edu.bo\/pt\/wp-json\/wp\/v2\/categories?post=459228"},{"taxonomy":"post_tag","embeddable":true,"href":"https:\/\/unifranz.edu.bo\/pt\/wp-json\/wp\/v2\/tags?post=459228"}],"curies":[{"name":"wp","href":"https:\/\/api.w.org\/{rel}","templated":true}]}}