{"id":427982,"date":"2024-08-12T17:36:38","date_gmt":"2024-08-12T21:36:38","guid":{"rendered":"https:\/\/unifranz.edu.bo\/?p=427982"},"modified":"2024-08-12T17:43:38","modified_gmt":"2024-08-12T21:43:38","slug":"seis-momentos-clave-en-la-historia-de-bolivia","status":"publish","type":"post","link":"https:\/\/unifranz.edu.bo\/pt\/carreras\/seis-momentos-clave-en-la-historia-de-bolivia\/","title":{"rendered":"Seis momentos clave en la historia de Bolivia"},"content":{"rendered":"<p><span style=\"color: #000000;\">Por Lily Zurita<\/span><\/p>\n<p><span style=\"font-weight: 400; color: #000000;\">Bolivia cumpli\u00f3 199 a\u00f1os de vida independiente, entre guerras, conflictos internos y grandes transformaciones, cada uno de estos hitos ha tenido un impacto trascendental en la vida del pa\u00eds y sus habitantes.<\/span><\/p>\n<p><span style=\"font-weight: 400; color: #000000;\">Hablar de historia es sumamente complejo y dif\u00edcil, ya que \u00e9sta se escribe con cada peque\u00f1o acontecimiento, cambiando y mutando en el proceso; sin embargo, existen algunos momentos cuyo impacto es tan grande que es imposible ignorarlos.<\/span><\/p>\n<p><span style=\"font-weight: 400; color: #000000;\">\u201cReflexionar sobre los momentos hist\u00f3ricos relevantes de Bolivia y seleccionar entre ellos los m\u00e1s importantes resulta una tarea sumamente compleja considerando que la historia se encuentra llena de matices econ\u00f3micos, sociales, culturales, jur\u00eddicos y pol\u00edticos, entre otros\u201d, expresa Ronald Vargas, abogado y docente de la carrera de Derecho de la Universidad Franz Tamayo,\u00a0Unifranz<\/span><\/p>\n<p><span style=\"font-weight: 400; color: #000000;\">El experto agrega que, sin embargo, haciendo un ejercicio de resumen y siendo inevitablemente reduccionista por lo vasto de la historia, existen, al menos seis momentos cuya importancia los hace especiales y necesarios de mencionar.<\/span><\/p>\n<p><span style=\"color: #000000;\"><b>Momentos clave en la historia de Bolivia<\/b><\/span><\/p>\n<ul>\n<li aria-level=\"1\"><span style=\"color: #000000;\"><b>La independencia<\/b><\/span><\/li>\n<\/ul>\n<p><span style=\"font-weight: 400; color: #000000;\">\u201cEn primer lugar, es insoslayable referirse a la independencia de Bolivia el a\u00f1o 1825, misma que ha generado evidentes cambios debido a que las circunstancias fueron propicias para la autodeterminaci\u00f3n del pa\u00eds\u201d, explica Vargas.\u00a0<\/span><\/p>\n<p><span style=\"font-weight: 400; color: #000000;\">Sin embargo, indica el abogado, esta tarea no fue f\u00e1cil debido a que los pa\u00edses vecinos tambi\u00e9n se encontraban estructurando sus Estados, lo que gener\u00f3 una gesti\u00f3n p\u00fablica basada en un centro de impulsi\u00f3n pol\u00edtica y la consolidaci\u00f3n de un presidencialismo fuerte.<\/span><\/p>\n<p><span style=\"font-weight: 400; color: #000000;\">Por su parte, el abogado y polit\u00f3logo Federico Paniagua, agrega que es necesario ver a la independencia de Bolivia como un proceso m\u00e1s que como un acontecimiento, ya que \u00e9sta comenz\u00f3 a forjarse en 1809, con las proclamas de Chuquisaca y La Paz, pioneras en la independencia latinoamericana, pero tambi\u00e9n entender que forman parte del flujo hist\u00f3rico mundial, al que tambi\u00e9n responden la independencia de Estados Unidos, la Revoluci\u00f3n Francesa y la Revoluci\u00f3n Industrial.<\/span><\/p>\n<p><span style=\"font-weight: 400; color: #000000;\">\u201cNuestra independencia y los hechos que sucedieron en los a\u00f1os posteriores forman parte de un flujo hist\u00f3rico que se inicia muchos a\u00f1os antes que en Sudam\u00e9rica, inicia y concluye en Bolivia y que tiene muchos otros momentos intermedios de lucha y cambios\u201d, expresa Paniagua.<\/span><\/p>\n<ul>\n<li aria-level=\"1\"><span style=\"color: #000000;\"><b>Guerra del Pac\u00edfico<\/b><\/span><\/li>\n<\/ul>\n<p><span style=\"font-weight: 400; color: #000000;\">\u201cOtro evento que forma parte de los traumas hist\u00f3ricos de relevancia es la Guerra del Pac\u00edfico de 1879, que culmin\u00f3 con una situaci\u00f3n geopol\u00edtica desfavorable para Bolivia por la p\u00e9rdida del Litoral y una afectaci\u00f3n al potencial econ\u00f3mico del pa\u00eds debido a que las exportaciones en pa\u00edses sin salida al mar implican mayor gasto de recursos\u201d.\u00a0<\/span><\/p>\n<p><span style=\"font-weight: 400; color: #000000;\">Vargas explica que este conflicto b\u00e9lico tambi\u00e9n gener\u00f3 un valor de unidad, llegando a determinarse la reivindicaci\u00f3n mar\u00edtima y el derecho que tiene Bolivia al territorio que da acceso al oc\u00e9ano Pac\u00edfico en la Constituci\u00f3n boliviana de 2009.<\/span><\/p>\n<p><span style=\"font-weight: 400; color: #000000;\">Paniagua, por su parte, indica que esta guerra gener\u00f3 una serie de afectaciones econ\u00f3micas por la imposibilidad de tener propios puertos y una estructura de cambio pol\u00edtico y social, que gener\u00f3 una gran inestabilidad.<\/span><\/p>\n<ul>\n<li aria-level=\"1\"><span style=\"color: #000000;\"><b>Guerra Federal<\/b><\/span><\/li>\n<\/ul>\n<p><span style=\"font-weight: 400; color: #000000;\">\u201cEntre los eventos que constituyeron importantes cambios en nuestro pa\u00eds tambi\u00e9n encontramos la Guerra Federal de 1899, que se suscit\u00f3 entre liberales y conservadores como fruto de la ley de radicatoria de 1898 que establec\u00eda que el Poder Ejecutivo deb\u00eda residir permanentemente en Sucre\u201d, dice Vargas.<\/span><\/p>\n<p><span style=\"font-weight: 400; color: #000000;\">Este suceso gener\u00f3 importantes cambios y tambi\u00e9n dej\u00f3 en suspenso algunos asuntos entre los que mencionamos los siguientes:<\/span><\/p>\n<ul>\n<li style=\"font-weight: 400;\" aria-level=\"1\"><span style=\"font-weight: 400; color: #000000;\">La Paz se consolid\u00f3 como sede de gobierno.<\/span><\/li>\n<li style=\"font-weight: 400;\" aria-level=\"1\"><span style=\"font-weight: 400; color: #000000;\">Se evidenci\u00f3 el protagonismo del sector ind\u00edgena que era un sector no solo olvidado, sino tambi\u00e9n afectado por el latifundio y el desconocimiento de sus tierras. Motivo por el que fueron importantes los liderazgos de Z\u00e1rate Willka, Juan Lero, Lorenzo Ramirez, Asensio Fuentes y Cruz Mamani.<\/span><\/li>\n<li style=\"font-weight: 400;\" aria-level=\"1\"><span style=\"font-weight: 400; color: #000000;\">Este episodio es un antecedente importante de la descentralizaci\u00f3n, aunque el federalismo no haya sido implementado.<\/span><\/li>\n<\/ul>\n<ul>\n<li aria-level=\"1\"><span style=\"color: #000000;\"><b>Guerra del Chaco<\/b><\/span><\/li>\n<\/ul>\n<p><span style=\"font-weight: 400; color: #000000;\">Tambi\u00e9n cabe mencionar en esta rememoraci\u00f3n de sucesos hist\u00f3ricos a la guerra del Chaco, suscitada entre los a\u00f1os 1932 y 1935, que tuvo como consecuencias la p\u00e9rdida del Chaco Boreal y el aumento de la deuda externa.\u00a0<\/span><\/p>\n<p><span style=\"font-weight: 400; color: #000000;\">\u201cEste evento resulta de particular importancia para el pa\u00eds, pues ha constituido un escenario para reconocer la diversidad y pluralidad en Bolivia. Asimismo, se hicieron evidentes las desigualdades sociales y la discriminaci\u00f3n existente, generando un ambiente \u00f3ptimo para la creaci\u00f3n de partidos pol\u00edticos y tambi\u00e9n una antesala de la Constituci\u00f3n de 1938 que instaur\u00f3 el constitucionalismo social en nuestro pa\u00eds\u201d, apunta Vargas.<\/span><\/p>\n<p><span style=\"font-weight: 400; color: #000000;\">En consonancia, Paniagua indica que la Guerra del Chaco fue un momento clave en nuestra historia porque fue cuando Bolivia se reconoci\u00f3 a s\u00ed misma.<\/span><\/p>\n<p><span style=\"font-weight: 400; color: #000000;\">\u201cHasta ese momento, la poblaci\u00f3n del pa\u00eds no se reconoc\u00eda, las personas de las diferentes regiones no sab\u00edan nada acerca de sus connacionales, pero en las arenas del Chaco, se dieron cuenta de que eran parte de una sola naci\u00f3n\u201d, expresa el abogado y polit\u00f3logo.<\/span><\/p>\n<ul>\n<li aria-level=\"1\"><span style=\"color: #000000;\"><b>Revoluci\u00f3n del 52\u00a0<\/b><\/span><\/li>\n<\/ul>\n<p><span style=\"font-weight: 400; color: #000000;\">\u201cSi bien es cierto que existieron avances significativos en temas de relevancia, es la revoluci\u00f3n de 1952, en la que el cat\u00e1logo de avances en los diferentes \u00e1mbitos se hace evidente ya que en el \u00e1mbito pol\u00edtico se reconoce el sufragio universal, la nacionalizaci\u00f3n de las minas, la reforma agraria en beneficio de los ind\u00edgenas y la reforma educativa con miras a suprimir el analfabetismo\u201d, puntualiza el docente de Derecho.<\/span><\/p>\n<p><span style=\"font-weight: 400; color: #000000;\">El protagonismo de V\u00edctor Paz Estenssoro, Hern\u00e1n Siles Zuazo y Juan Lech\u00edn Oquendo para la implementaci\u00f3n de estas medidas denota un cambio de mentalidad en el colectivo social otorgando un rol protector al Estado, mismo que se mantiene hasta el d\u00eda de hoy en la normativa Constitucional.<\/span><\/p>\n<ul>\n<li aria-level=\"1\"><span style=\"color: #000000;\"><b>Dictaduras y retorno a la democracia\u00a0<\/b><\/span><\/li>\n<\/ul>\n<p><span style=\"font-weight: 400; color: #000000;\">Pese a la existencia de importantes avances en los \u00e1mbitos econ\u00f3mico, pol\u00edtico, social y cultural, existen ciertas caracter\u00edsticas y momentos grises que no se pueden desconocer como la corrupci\u00f3n, la inestabilidad pol\u00edtica y la violencia que se suscitaron, aunque no \u00fanicamente, durante las dictaduras entre 1964 y 1982.\u00a0<\/span><\/p>\n<p><span style=\"font-weight: 400; color: #000000;\">Este momento constituy\u00f3 un grave peligro para la autodeterminaci\u00f3n del pa\u00eds, ya que se vivi\u00f3 un terrorismo de Estado con injerencia externa. Tambi\u00e9n gener\u00f3 responsabilidad para el Estado boliviano ante la Corte Interamericana de Derechos Humanos en diferentes casos como Trujillo Oroza, Flores Bedregal o Ticona Estrada contra Bolivia, entre otros.<\/span><\/p>\n<p><span style=\"font-weight: 400; color: #000000;\">\u201cFinalmente, es aceptado que el a\u00f1o 1982, Bolivia recuper\u00f3 la democracia con el gobierno de Hern\u00e1n Siles Zuazo y es desde entonces que nos encontramos ante grandes desaf\u00edos como la inclusi\u00f3n social y un manejo responsable de la econom\u00eda. La Constituci\u00f3n de 2009 ha demostrado grandes avances, sin embargo, tenemos un camino trazado con largo trecho por recorrer\u201d, explica Vargas.<\/span><\/p>\n<p><span style=\"color: #000000;\"><b>Otros momentos<\/b><\/span><\/p>\n<p><span style=\"font-weight: 400; color: #000000;\">Ambos expertos coinciden en que en los \u00faltimos 30 a\u00f1os se han producido otros momentos clave para entender a la Bolivia de hoy, entre los que podemos destacar:<\/span><\/p>\n<p><span style=\"font-weight: 400; color: #000000;\">Las guerras del Agua y el Gas en 2000 y 2003, respectivamente, la nacionalizaci\u00f3n de los hidrocarburos en 2006, la convocatoria a una Asamblea Constituyente, la formulaci\u00f3n de la nueva Constituci\u00f3n Pol\u00edtica del Estado y la refundaci\u00f3n de Bolivia en 2009, la crisis pol\u00edtica de 2019, entre otros.<\/span><\/p>","protected":false},"excerpt":{"rendered":"<p>Por Lily Zurita Bolivia cumpli\u00f3 199 a\u00f1os de vida independiente, entre guerras, conflictos internos y grandes transformaciones, cada uno de estos hitos ha tenido un impacto trascendental en la vida del pa\u00eds y sus habitantes. Hablar de historia es sumamente complejo y dif\u00edcil, ya que \u00e9sta se escribe con cada peque\u00f1o acontecimiento, cambiando y mutando &hellip; <a href=\"https:\/\/unifranz.edu.bo\/pt\/carreras\/seis-momentos-clave-en-la-historia-de-bolivia\/\">Continued<\/a><\/p>","protected":false},"author":45,"featured_media":427983,"comment_status":"open","ping_status":"open","sticky":false,"template":"","format":"standard","meta":{"_acf_changed":false,"footnotes":""},"categories":[60,5100,35,1862,1782],"tags":[9494,266,39,1178,1422,278,242],"class_list":["post-427982","post","type-post","status-publish","format-standard","has-post-thumbnail","hentry","category-blog","category-bolivia","category-carreras","category-educacion","category-unifranz","tag-6-momentos-clave","tag-bolivia","tag-derecho","tag-historia","tag-innovacion-en-educacion","tag-periodismo","tag-unifranz"],"acf":[],"_links":{"self":[{"href":"https:\/\/unifranz.edu.bo\/pt\/wp-json\/wp\/v2\/posts\/427982","targetHints":{"allow":["GET"]}}],"collection":[{"href":"https:\/\/unifranz.edu.bo\/pt\/wp-json\/wp\/v2\/posts"}],"about":[{"href":"https:\/\/unifranz.edu.bo\/pt\/wp-json\/wp\/v2\/types\/post"}],"author":[{"embeddable":true,"href":"https:\/\/unifranz.edu.bo\/pt\/wp-json\/wp\/v2\/users\/45"}],"replies":[{"embeddable":true,"href":"https:\/\/unifranz.edu.bo\/pt\/wp-json\/wp\/v2\/comments?post=427982"}],"version-history":[{"count":1,"href":"https:\/\/unifranz.edu.bo\/pt\/wp-json\/wp\/v2\/posts\/427982\/revisions"}],"predecessor-version":[{"id":427984,"href":"https:\/\/unifranz.edu.bo\/pt\/wp-json\/wp\/v2\/posts\/427982\/revisions\/427984"}],"wp:featuredmedia":[{"embeddable":true,"href":"https:\/\/unifranz.edu.bo\/pt\/wp-json\/wp\/v2\/media\/427983"}],"wp:attachment":[{"href":"https:\/\/unifranz.edu.bo\/pt\/wp-json\/wp\/v2\/media?parent=427982"}],"wp:term":[{"taxonomy":"category","embeddable":true,"href":"https:\/\/unifranz.edu.bo\/pt\/wp-json\/wp\/v2\/categories?post=427982"},{"taxonomy":"post_tag","embeddable":true,"href":"https:\/\/unifranz.edu.bo\/pt\/wp-json\/wp\/v2\/tags?post=427982"}],"curies":[{"name":"wp","href":"https:\/\/api.w.org\/{rel}","templated":true}]}}