{"id":423430,"date":"2024-08-09T20:44:53","date_gmt":"2024-08-10T00:44:53","guid":{"rendered":"https:\/\/unifranz.edu.bo\/?p=423430"},"modified":"2024-08-09T21:57:16","modified_gmt":"2024-08-10T01:57:16","slug":"arakuaa-convierte-plastico-de-botellas-en-fibras-textiles-en-beneficio-de-la-comunidad-guarani","status":"publish","type":"post","link":"https:\/\/unifranz.edu.bo\/pt\/blog\/arakuaa-convierte-plastico-de-botellas-en-fibras-textiles-en-beneficio-de-la-comunidad-guarani\/","title":{"rendered":"Arakuaa convierte pl\u00e1stico de botellas en fibras textiles en beneficio de la comunidad Guaran\u00ed"},"content":{"rendered":"<p><span style=\"color: #000000;\">Por Manuel Filomeno y Beatriz Cahuasa<\/span><\/p>\n<p><span style=\"font-weight: 400; color: #000000;\">Los intrincados motivos de los tejidos de la comunidad Isose\u00f1a Guaran\u00ed son su manera de expresar su visi\u00f3n del mundo. Estos habitantes de los llanos de Bolivia han tejido sus historias y leyendas durante cientos de a\u00f1os, plasmando su cosmovisi\u00f3n en las obras. Sin embargo, el cambio clim\u00e1tico, los chaqueos y el implacable avance de las ciudades redujeron el acceso de este pueblo a la materia prima necesaria para realizar sus tejidos.<\/span><\/p>\n<p><span style=\"font-weight: 400; color: #000000;\">La problem\u00e1tica inspir\u00f3 a Grecia Bello, miembro de la primera comunidad maker de Bolivia y coordinadora del Fab Lab Santa Cruz de la Universidad Franz Tamayo, Unifranz, a crear \u201cArakuaa\u201d \u2013conocimiento en guaran\u00ed\u2013 una m\u00e1quina que convierte el pl\u00e1stico de las botellas PET en fibras textiles.<\/span><\/p>\n<p><span style=\"font-weight: 400; color: #000000;\">\u201cLos chaqueos y quemas perjudicaron a las comunidades guaran\u00edes que se dedican a la confecci\u00f3n textil, quienes deben recolectar las materias primas como algod\u00f3n y garabata, deben caminar hasta 10 Km d\u00eda para conseguirlas. Por ese motivo, algunas comunidades de artesanos han optado por empezar a trabajar con otras fibras de pl\u00e1stico como las bolsas de yute. De ah\u00ed surgi\u00f3 la idea de combinar t\u00e9cnicas ancestrales para resolver problem\u00e1ticas actuales como la contaminaci\u00f3n por las botellas de pl\u00e1stico. As\u00ed naci\u00f3 Arakuaa\u201d, explica Bello.<\/span><\/p>\n<p><span style=\"font-weight: 400; color: #000000;\">La inspiraci\u00f3n de los proyectos que trabaja Bello, est\u00e1n dedicadas al medio ambiente y c\u00f3mo la tecnolog\u00eda puede ser una herramienta para su cuidado.<\/span><\/p>\n<p><span style=\"font-weight: 400; color: #000000;\">\u201cArakuaa es una tecnolog\u00eda que permite convertir el pl\u00e1stico de las botellas PET en fibras utilizables en aplicaciones textiles. Me encanta trabajar con pl\u00e1stico, no s\u00f3lo por los colores, sino por c\u00f3mo le devolvemos vida y belleza a algo que consider\u00e1bamos basura\u201d, explica Bello.<\/span><\/p>\n<p><span style=\"font-weight: 400; color: #000000;\">El proceso comienza en la recolecci\u00f3n, lavado y cortado de las botellas PET para introducirlas en la m\u00e1quina, que las calienta y las convierte en fibra, \u201cque gracias a la magia del algod\u00f3n de az\u00facar sale de la m\u00e1quina como hilos largos que pueden ser utilizados en textiles\u201d.<\/span><\/p>\n<p><iframe loading=\"lazy\" title=\"YouTube video player\" src=\"https:\/\/www.youtube.com\/embed\/QTK6ZvN7mAo?si=7GZLUL6r6WYTcOQF\" width=\"560\" height=\"315\" frameborder=\"0\" allowfullscreen=\"allowfullscreen\"><\/iframe><\/p>\n<p><span style=\"color: #000000;\"><span style=\"font-weight: 400;\">El aparato fue construido desde cero por manos bolivianas, utilizando tecnolog\u00edas abiertas<\/span><i><span style=\"font-weight: 400;\"> open-source <\/span><\/i><span style=\"font-weight: 400;\">y materiales de bajo costo; por ejemplo, est\u00e1 construida en madera, en lugar de acero, ya que esto abarata y facilita su construcci\u00f3n, mientras que los controladores electr\u00f3nicos est\u00e1n integrados en una sola placa Arduino, utilizando software abierto.<\/span><\/span><\/p>\n<p><span style=\"font-weight: 400; color: #000000;\">Lo primero fue experimentaci\u00f3n pura, asegura Bello, al momento de explicar que no hab\u00eda documentaci\u00f3n sobre el trabajo con estas fibras, los antecedentes m\u00e1s cercanos estaban circunscritos a grandes industrias con maquinaria de millones de d\u00f3lares.\u00a0<\/span><\/p>\n<p><span style=\"font-weight: 400; color: #000000;\">\u201cArakuaa ha sido un desaf\u00edo, pero tambi\u00e9n algo divertido. Para construir el prototipo aplicamos la experimentaci\u00f3n pura ya que no sab\u00edamos qu\u00e9 esperar con cada botella que convert\u00edamos en fibra. Pero, gracias a la gran comunidad maker del Fab Lab Santa Cruz hemos podido construir la m\u00e1quina, estabilizar la estructura y producir las primeras fibras. El siguiente desaf\u00edo al que nos enfrentamos es la automatizaci\u00f3n de todo el proceso y su simplificaci\u00f3n para los artesanos\u201d, apunta la ingeniera electr\u00f3nica con especialidad en rob\u00f3tica industrial, dise\u00f1o y programaci\u00f3n 3D.<\/span><\/p>\n<p><span style=\"font-weight: 400; color: #000000;\">El reto, ahora, es poner la m\u00e1quina a disposici\u00f3n de la comunidad Guaran\u00ed y de otras etnias de tierras bajas..<\/span><\/p>\n<p><span style=\"font-weight: 400; color: #000000;\">\u201cCreo que Arakuaa tiene mucho potencial para diversificar los materiales con los que trabajan las comunidades, resolviendo la problem\u00e1tica que enfrentan cada a\u00f1o, la recolecci\u00f3n del algod\u00f3n y otras plantas. No solamente para la comunidad Guaran\u00ed, sino tambi\u00e9n para otras etnias de las tierras bajas\u201d, expresa.<\/span><\/p>\n<p><span style=\"color: #000000;\"><b>Reconocimiento internacional<\/b><\/span><\/p>\n<p><span style=\"font-weight: 400; color: #000000;\">Esta m\u00e1quina, nacida como proyecto final individual de Bello para graduarse de Fabricademy en el Instituto de Arquitectura Avanzada de Catalu\u00f1a, fue construida por la coordinadora y un equipo de makers del Fab Lab Santa Cruz y presentada en el FAB24 Puebla, que se realiza en\u00a0 la Universidad Iberoamericana, el vig\u00e9simo encuentro mundial de la Fab Foundation, una red de 2.700 Fab Labs en m\u00e1s de 130 pa\u00edses en todo el mundo y que este a\u00f1o se celebra en Puebla, M\u00e9xico.<\/span><\/p>\n<p><span style=\"font-weight: 400; color: #000000;\">La certificaci\u00f3n es un reconocimiento por el compromiso con la educaci\u00f3n y la innovaci\u00f3n en el campo del desarrollo tecnol\u00f3gico. A la vez, es un est\u00e1ndar de calidad que garantiza que el Fab Lab Santa Cruz cuenta con los equipos, conocimientos y proceso necesario para ofrecer una educaci\u00f3n de alta calidad de dise\u00f1o textil digital.<\/span><\/p>\n<p><span style=\"font-weight: 400; color: #000000;\">\u201cSiento mucho orgullo de que Fab Labs de todo el mundo vean el talento y la poderosa comunidad de makers con la que cuenta Bolivia, empresas grandes como Seeed Studio y el mismo Neil Gershenfeld, director del Centro de Bits y \u00c1tomos del Instituto Tecnol\u00f3gico de Massachusetts (MIT) y otros expertos quedaron sorprendidos con la nueva tecnolog\u00eda que hemos tra\u00eddo, invit\u00e1ndonos a incubadoras y otros foros. Todo esto me hace ver que solo es el inicio de Arakuaa y que realmente hemos creado una m\u00e1quina que comienza una nueva revoluci\u00f3n de reciclaje que dar\u00e1 paso a nuevas realidades alrededor del mundo\u201d, apunta.<\/span><\/p>\n<p><span style=\"font-weight: 400; color: #000000;\">La participaci\u00f3n del Fab Lab Santa Cruz en eventos mundiales como el Fab24 permite visibilidad y la representaci\u00f3n de lo que se hace en Bolivia.<\/span><\/p>\n<p><span style=\"font-weight: 400; color: #000000;\">\u201cMe siento muy orgullosa de ser instructora y mentora para esta nueva generaci\u00f3n de makers que tiene Bolivia, me emociona compartir los conocimientos y pr\u00e1cticas que adquir\u00ed en el IAAC de Barcelona. S\u00e9 que con esta certificaci\u00f3n el Fab Lab Santa Cruz seguir\u00e1 creciendo y siendo referente global en creaci\u00f3n e innovaci\u00f3n\u201d, finaliza Bello.<\/span><\/p>","protected":false},"excerpt":{"rendered":"<p>Por Manuel Filomeno y Beatriz Cahuasa Los intrincados motivos de los tejidos de la comunidad Isose\u00f1a Guaran\u00ed son su manera de expresar su visi\u00f3n del mundo. Estos habitantes de los llanos de Bolivia han tejido sus historias y leyendas durante cientos de a\u00f1os, plasmando su cosmovisi\u00f3n en las obras. Sin embargo, el cambio clim\u00e1tico, los &hellip; <a href=\"https:\/\/unifranz.edu.bo\/pt\/blog\/arakuaa-convierte-plastico-de-botellas-en-fibras-textiles-en-beneficio-de-la-comunidad-guarani\/\">Continued<\/a><\/p>","protected":false},"author":45,"featured_media":423469,"comment_status":"open","ping_status":"open","sticky":false,"template":"","format":"standard","meta":{"_acf_changed":false,"footnotes":""},"categories":[60,2566,1862,4454,6394,1714,5388,1782],"tags":[9478,9486,5544,6170,9482,1422,248,9480,9484,242],"class_list":["post-423430","post","type-post","status-publish","format-standard","has-post-thumbnail","hentry","category-blog","category-docente","category-educacion","category-educacion-ambiental","category-educacion-superior","category-fablab","category-fablab-santa-cruz","category-unifranz","tag-arakuaa","tag-certificacion","tag-ecologia","tag-fab-lab-santa-cruz","tag-guarani","tag-innovacion-en-educacion","tag-internacionalizacion","tag-maquina-tejedora","tag-textiles","tag-unifranz"],"acf":[],"_links":{"self":[{"href":"https:\/\/unifranz.edu.bo\/pt\/wp-json\/wp\/v2\/posts\/423430","targetHints":{"allow":["GET"]}}],"collection":[{"href":"https:\/\/unifranz.edu.bo\/pt\/wp-json\/wp\/v2\/posts"}],"about":[{"href":"https:\/\/unifranz.edu.bo\/pt\/wp-json\/wp\/v2\/types\/post"}],"author":[{"embeddable":true,"href":"https:\/\/unifranz.edu.bo\/pt\/wp-json\/wp\/v2\/users\/45"}],"replies":[{"embeddable":true,"href":"https:\/\/unifranz.edu.bo\/pt\/wp-json\/wp\/v2\/comments?post=423430"}],"version-history":[{"count":2,"href":"https:\/\/unifranz.edu.bo\/pt\/wp-json\/wp\/v2\/posts\/423430\/revisions"}],"predecessor-version":[{"id":424028,"href":"https:\/\/unifranz.edu.bo\/pt\/wp-json\/wp\/v2\/posts\/423430\/revisions\/424028"}],"wp:featuredmedia":[{"embeddable":true,"href":"https:\/\/unifranz.edu.bo\/pt\/wp-json\/wp\/v2\/media\/423469"}],"wp:attachment":[{"href":"https:\/\/unifranz.edu.bo\/pt\/wp-json\/wp\/v2\/media?parent=423430"}],"wp:term":[{"taxonomy":"category","embeddable":true,"href":"https:\/\/unifranz.edu.bo\/pt\/wp-json\/wp\/v2\/categories?post=423430"},{"taxonomy":"post_tag","embeddable":true,"href":"https:\/\/unifranz.edu.bo\/pt\/wp-json\/wp\/v2\/tags?post=423430"}],"curies":[{"name":"wp","href":"https:\/\/api.w.org\/{rel}","templated":true}]}}