{"id":413758,"date":"2024-08-08T22:25:45","date_gmt":"2024-08-09T02:25:45","guid":{"rendered":"https:\/\/unifranz.edu.bo\/?p=413758"},"modified":"2024-08-09T12:13:45","modified_gmt":"2024-08-09T16:13:45","slug":"fab-lab-santa-cruz-destaca-en-el-fab24","status":"publish","type":"post","link":"https:\/\/unifranz.edu.bo\/pt\/blog\/fab-lab-santa-cruz-destaca-en-el-fab24\/","title":{"rendered":"Fab Lab Santa Cruz destaca en el FAB24, el encuentro m\u00e1s grande de laboratorios de fabricaci\u00f3n del mundo"},"content":{"rendered":"<p><span style=\"color: #000000;\">Por Manuel Filomeno<\/span><\/p>\n<p><span style=\"font-weight: 400; color: #000000;\">Llevando proyectos, innovaci\u00f3n y conocimientos, el Fab Lab Santa Cruz, de la Universidad Franz Tamayo, Unifranz, participa del FAB24 Puebla, el encuentro de Fab Labs m\u00e1s grande del mundo, que este a\u00f1o re\u00fane a m\u00e1s de 1.200\u00a0participantes\u00a0 de 55 pa\u00edses, en 20 conferencias y m\u00e1s de 30 talleres.<\/span><\/p>\n<p><span style=\"font-weight: 400; color: #000000;\">El encuentro, realizado en el campus de la Universidad Iberoamericana de Puebla, re\u00fane innovaci\u00f3n, ciencia, arte, multiculturalidad y consciencia social y es una palestra para las creaciones y avances cient\u00edficos y tecnol\u00f3gicos alcanzados en los 2.700 laboratorios de 150 pa\u00edses afiliados a la Fab Foundation, pero tambi\u00e9n un espacio de conexi\u00f3n y colaboraci\u00f3n para fabers y makers que trabajan en estos espacios.\u00a0<\/span><\/p>\n<p><span style=\"font-weight: 400; color: #000000;\">\u201cAl participar en foros internacionales, el Fab Lab Santa Cruz se conecta con otros laboratorios de fabricaci\u00f3n digital en todo el mundo. Esto facilita el intercambio de conocimientos, experiencias y mejores pr\u00e1cticas (&#8230;) Imagina un flujo constante de ideas y soluciones que cruzan fronteras, enriqueciendo la creatividad y la innovaci\u00f3n local\u201d, expresa la rectora de Unifranz, Ver\u00f3nica \u00c1greda, que participa en el encuentro.<\/span><\/p>\n<p><span style=\"font-weight: 400; color: #000000;\">El evento concentra a grandes personalidades del ramo como Neil Gershenfeld, director del Centro de Bits y \u00c1tomos del Instituto Tecnol\u00f3gico de Massachusetts (MIT) founder Fab Lab, Sherry Lassiter, presidenta de la Fab Foundation, Anastasia Pistofidou, co-fundadora de Fabricademy, Mario Patr\u00f3n S\u00e1nchez, rector de la IBERO Puebla, Georges Pazos Garrido, director del Fab Lab Santa Cruz, Grecia Bello, coordinadora del Fab Lab Santa Cruz y un grupo de destacados makers del mundo, entre otros.\u00a0<\/span><\/p>\n<p><span style=\"font-weight: 400; color: #000000;\">Durante el acto inaugural, la CEO y presidenta de la Fab Foundation,\u00a0Sherry Lassiter, dijo estar honrada de traer \u201cun espacio \u00fanico que invita\u00a0a acad\u00e9micos, artistas, ingenieros, cient\u00edficos, creadores, innovadores tecnol\u00f3gicos de todas partes del mundo [\u2026]\u00a0para imaginar y cocrear\u201d.\u00a0<\/span><\/p>\n<p><span style=\"font-weight: 400; color: #000000;\">Un Fab Lab utiliza software de dise\u00f1o asistido por ordenador de \u00faltima generaci\u00f3n para la creaci\u00f3n de prototipos y maquetas en arquitectura, construcci\u00f3n, dise\u00f1o industrial o cualquier actividad que necesite la conexi\u00f3n a una computadora para manipular materiales. Su implementaci\u00f3n, en predios de Unifranz Santa Cruz, fue posible gracias a la cooperaci\u00f3n internacional y una importante inversi\u00f3n econ\u00f3mica de esta Casa de Estudios Superiores.<\/span><\/p>\n<figure id=\"attachment_413943\" aria-describedby=\"caption-attachment-413943\" style=\"width: 918px\" class=\"wp-caption alignnone\"><img loading=\"lazy\" decoding=\"async\" class=\"wp-image-413943\" src=\"https:\/\/unifranz.edu.bo\/wp-content\/uploads\/2024\/08\/FAB24-1BLOG-300x155.jpg\" alt=\"Grecia Bello, coordinadora del Fab Lab Santa Cruz y Ver\u00f3nica \u00c1greda, rectora de Unifranz reciben certificaci\u00f3n Fabricacademy por el proyecto Arakuaa. \" width=\"918\" height=\"474\" srcset=\"https:\/\/unifranz.edu.bo\/wp-content\/uploads\/2024\/08\/FAB24-1BLOG-300x155.jpg 300w, https:\/\/unifranz.edu.bo\/wp-content\/uploads\/2024\/08\/FAB24-1BLOG-1024x529.jpg 1024w, https:\/\/unifranz.edu.bo\/wp-content\/uploads\/2024\/08\/FAB24-1BLOG-768x397.jpg 768w, https:\/\/unifranz.edu.bo\/wp-content\/uploads\/2024\/08\/FAB24-1BLOG-18x9.jpg 18w, https:\/\/unifranz.edu.bo\/wp-content\/uploads\/2024\/08\/FAB24-1BLOG.jpg 1200w\" sizes=\"auto, (max-width: 918px) 100vw, 918px\" \/><figcaption id=\"caption-attachment-413943\" class=\"wp-caption-text\"><em><span style=\"color: #000000;\">Grecia Bello, coordinadora del Fab Lab Santa Cruz y Ver\u00f3nica \u00c1greda, rectora de Unifranz reciben certificaci\u00f3n Fabricacademy por el proyecto Arakuaa. <\/span><\/em><\/figcaption><\/figure>\n<p>&nbsp;<\/p>\n<p><span style=\"font-weight: 400; color: #000000;\">\u201cLos Fab Labs globales comparten recursos, software y hardware abiertos. Esto significa que el Fab Lab Santa Cruz puede acceder a herramientas avanzadas, dise\u00f1os colaborativos y tecnolog\u00edas emergentes. La colaboraci\u00f3n internacional ampl\u00eda su capacidad para crear prototipos, experimentar y desarrollar proyectos m\u00e1s ambiciosos\u201d, apunta \u00c1greda.<\/span><\/p>\n<p><span style=\"font-weight: 400; color: #000000;\">A su vez, Gershenfeld\u00a0indica que este FAB24\u00a0tendr\u00e1 la presentaci\u00f3n de\u00a010 nuevas iniciativas\u00a0que buscan incidir de manera directa en la calidad de vida de las personas y en el cuidado de la casa com\u00fan.\u00a0<\/span><\/p>\n<p><span style=\"font-weight: 400; color: #000000;\">El profesor Gershenfeld enlist\u00f3 la gran diversidad de eventos y proyectos que se llevar\u00e1n a cabo en esa Casa de Estudios, mismos que\u00a0ponen en el centro a las personas y buscan hacer la diferencia\u00a0en la conformaci\u00f3n de Fab Labs alrededor del mundo, usando sus tecnolog\u00edas en favor de la sociedad.<\/span><\/p>\n<p><span style=\"font-weight: 400; color: #000000;\">\u201cParticipar en foros internacionales aumenta la visibilidad del Fab Lab Santa Cruz. Esto puede atraer inversiones, patrocinios y oportunidades de colaboraci\u00f3n con otras instituciones, empresas y organizaciones. Adem\u00e1s, estar presente en estos espacios permite mostrar los logros y proyectos del FabLab a una audiencia global\u201d, acota la rectora de Unifranz.<\/span><\/p>\n<p><span style=\"font-weight: 400; color: #000000;\">Uno de estos proyectos es Arakuaa (Conocimiento, en guaran\u00ed), un proyecto desarrollado en el Fab Lab Santa Cruz por su coordinadora, Grecia Bello, y un equipo de makers, el cual fue certificado por la facultad global Fabricacademy, en textiles, biomateriales y tecnolog\u00eda, junto con otros nueve proyectos .<\/span><\/p>\n<p><span style=\"font-weight: 400; color: #000000;\">Arakuaa es una m\u00e1quina para generar fibras textiles a base de botellas de pl\u00e1stico que ayudar\u00e1 a tejedoras de comunidades ind\u00edgenas en Bolivia, las cuales han visto dificultado el acceso a materia prima para sus creaciones a causa de los chaqueos, el crecimiento de la mancha urbana y el cambio clim\u00e1tico.<\/span><\/p>\n<p><span style=\"font-weight: 400; color: #000000;\">Para Georges Pazos, director del Fab Lab Santa Cruz y miembro de la delegaci\u00f3n que participa en el Fab24, la importancia de los Fab Labs radica en que es un espacio ideal para la participaci\u00f3n de los j\u00f3venes, las instituciones educativas y todas las personas que quieren ser parte de la soluci\u00f3n a los grandes problemas que afectan al pa\u00eds y al mundo. \u201cEl Fab Lab es una iniciativa que busca impulsar a j\u00f3venes creadores a plantear soluciones\u201d.<\/span><\/p>\n<p><span style=\"font-weight: 400; color: #000000;\">\u201cLos foros internacionales son caldo de cultivo para la inspiraci\u00f3n. Al interactuar con otros fabbers y makers, el equipo del Fab Lab Santa Cruz puede aprender nuevas t\u00e9cnicas, descubrir enfoques innovadores y mantenerse al d\u00eda con las \u00faltimas tendencias en fabricaci\u00f3n digital\u201d, agrega.<\/span><\/p>\n<p><span style=\"font-weight: 400; color: #000000;\">La participaci\u00f3n activa en foros internacionales no s\u00f3lo beneficia al Fab Lab Santa Cruz, sino tambi\u00e9n a toda la comunidad local. Es una ventana al mundo, donde la creatividad y la colaboraci\u00f3n se fusionan para impulsar el progreso tecnol\u00f3gico y social en el pa\u00eds, concluye \u00c1greda.<\/span><\/p>\n","protected":false},"excerpt":{"rendered":"<p>Por Manuel Filomeno Llevando proyectos, innovaci\u00f3n y conocimientos, el Fab Lab Santa Cruz, de la Universidad Franz Tamayo, Unifranz, participa del FAB24 Puebla, el encuentro de Fab Labs m\u00e1s grande del mundo, que este a\u00f1o re\u00fane a m\u00e1s de 1.200\u00a0participantes\u00a0 de 55 pa\u00edses, en 20 conferencias y m\u00e1s de 30 talleres. El encuentro, realizado en &hellip; <a href=\"https:\/\/unifranz.edu.bo\/pt\/blog\/fab-lab-santa-cruz-destaca-en-el-fab24\/\">Continued<\/a><\/p>","protected":false},"author":45,"featured_media":414419,"comment_status":"open","ping_status":"open","sticky":false,"template":"","format":"standard","meta":{"_acf_changed":false,"footnotes":""},"categories":[60,2566,1862,6394,5386,5388,1866,1782],"tags":[6170,9456,9458,1422,5910,242],"class_list":["post-413758","post","type-post","status-publish","format-standard","has-post-thumbnail","hentry","category-blog","category-docente","category-educacion","category-educacion-superior","category-fablab-es","category-fablab-santa-cruz","category-tecnologia-es","category-unifranz","tag-fab-lab-santa-cruz","tag-fab24","tag-faber","tag-innovacion-en-educacion","tag-maker","tag-unifranz"],"acf":[],"_links":{"self":[{"href":"https:\/\/unifranz.edu.bo\/pt\/wp-json\/wp\/v2\/posts\/413758","targetHints":{"allow":["GET"]}}],"collection":[{"href":"https:\/\/unifranz.edu.bo\/pt\/wp-json\/wp\/v2\/posts"}],"about":[{"href":"https:\/\/unifranz.edu.bo\/pt\/wp-json\/wp\/v2\/types\/post"}],"author":[{"embeddable":true,"href":"https:\/\/unifranz.edu.bo\/pt\/wp-json\/wp\/v2\/users\/45"}],"replies":[{"embeddable":true,"href":"https:\/\/unifranz.edu.bo\/pt\/wp-json\/wp\/v2\/comments?post=413758"}],"version-history":[{"count":2,"href":"https:\/\/unifranz.edu.bo\/pt\/wp-json\/wp\/v2\/posts\/413758\/revisions"}],"predecessor-version":[{"id":414420,"href":"https:\/\/unifranz.edu.bo\/pt\/wp-json\/wp\/v2\/posts\/413758\/revisions\/414420"}],"wp:featuredmedia":[{"embeddable":true,"href":"https:\/\/unifranz.edu.bo\/pt\/wp-json\/wp\/v2\/media\/414419"}],"wp:attachment":[{"href":"https:\/\/unifranz.edu.bo\/pt\/wp-json\/wp\/v2\/media?parent=413758"}],"wp:term":[{"taxonomy":"category","embeddable":true,"href":"https:\/\/unifranz.edu.bo\/pt\/wp-json\/wp\/v2\/categories?post=413758"},{"taxonomy":"post_tag","embeddable":true,"href":"https:\/\/unifranz.edu.bo\/pt\/wp-json\/wp\/v2\/tags?post=413758"}],"curies":[{"name":"wp","href":"https:\/\/api.w.org\/{rel}","templated":true}]}}