{"id":38993,"date":"2021-01-11T12:25:18","date_gmt":"2021-01-11T16:25:18","guid":{"rendered":"https:\/\/unifranz.edu.bo\/?p=38993"},"modified":"2021-01-11T12:29:29","modified_gmt":"2021-01-11T16:29:29","slug":"unifranz-innovacion-en-el-centro-de-la-gestion-del-aprendizaje","status":"publish","type":"post","link":"https:\/\/unifranz.edu.bo\/pt\/noticias\/unifranz-innovacion-en-el-centro-de-la-gestion-del-aprendizaje\/","title":{"rendered":"UNIFRANZ: INNOVACI\u00d3N EN EL CENTRO DE LA GESTI\u00d3N DEL APRENDIZAJE"},"content":{"rendered":"<p>UNIFRANZ puso <strong>la innovaci\u00f3n en el centro de su transformaci\u00f3n institucional<\/strong>, una decisi\u00f3n<br \/>\ntrascendental que busca estar en sinton\u00eda con los retos de la sociedad, para formar<br \/>\nprofesionales capaces de enfrentar los acelerados cambios de la sociedad, y en particular, las<br \/>\nnuevas demandas del mundo laboral.<br \/>\nEl aislamiento social que deriv\u00f3 de la pandemia precipit\u00f3 cambios sustanciales en los h\u00e1bitos<br \/>\nde vida y de trabajo en el mundo entero. La digitalizaci\u00f3n se adue\u00f1\u00f3 de nuestras rutinas<br \/>\ndiarias, y la Educaci\u00f3n fue uno de los sectores donde lo virtual tuvo un impacto relevante.<br \/>\nSin embargo, desde mucho antes de 2020, UNIFRANZ ven\u00eda renov\u00e1ndose, en un proceso<br \/>\nsostenido en el que se fueron transformando las pr\u00e1cticas y los modelos pedag\u00f3gicos. Para la<br \/>\nuniversidad, el cambio de paradigma educativo no estuvo dictado por las nuevas<br \/>\ncircunstancias que origin\u00f3 la pandemia, sino por la voluntad, disposici\u00f3n y necesidad de hacer<br \/>\nuna contribuci\u00f3n trascendente a la sociedad.<br \/>\n<strong>\u00bfPor qu\u00e9 UNIFRANZ innova?<\/strong><br \/>\n<strong>Para \u201cTransformar la educaci\u00f3n en Bolivia\u201d, motor de transformaci\u00f3n social para nuestro<\/strong><br \/>\n<strong>pa\u00eds.<\/strong><br \/>\nConsciente de que el modelo pedag\u00f3gico tradicional ya no respond\u00eda a las necesidades de la<br \/>\nsociedad, UNIFRANZ fue la primera en Bolivia en implementar el Modelo Educativo basado en<br \/>\nCompetencias, mismo que se potencia con la incorporaci\u00f3n de la modalidad de aprendizaje<br \/>\nn\u00famero uno en el mundo: <em><strong>Blended Learning Experience<\/strong><\/em>.<br \/>\nEl BLX propicia una innovadora convergencia entre el<strong> e-learning<\/strong> (aprendizaje virtual) y el<br \/>\n<strong>aprendizaje pr\u00e1ctico<\/strong> que se desenvuelve en un entorno presencial equivalente al mundo<br \/>\nlaboral futuro.<br \/>\nAs\u00ed, <strong>UNIFRANZ ha convertido el entorno universitario en una aceleradora de competencia y<\/strong><br \/>\n<strong>en un laboratorio de innovaci\u00f3n permanente<\/strong>, que incluye la capacitaci\u00f3n constante de<br \/>\nestudiantes y docentes en herramientas tecnol\u00f3gicas, el uso de plataformas virtuales, la<br \/>\naplicaci\u00f3n de softwares internacionales, la utilizaci\u00f3n de novedosos recursos educativos, el<br \/>\nmanejo de simuladores y otras pr\u00e1cticas, con el prop\u00f3sito de perfeccionar la experiencia de<br \/>\naprendizaje del estudiante.<br \/>\nA juicio de Shirley Sandoval, estudiante de la carrera de Psicolog\u00eda, el BLX es la visi\u00f3n que<br \/>\nofrece UNIFRANZ: \u201cAtenci\u00f3n constante e innovaci\u00f3n en la metodolog\u00eda de ense\u00f1anza y<br \/>\naprendizaje, planteamiento abierto a las dimensiones internacionales de la formaci\u00f3n<br \/>\nuniversitaria y fomento e impulso del esp\u00edritu emprendedor\u201d.<br \/>\nPrecisamente, el desarrollo de competencias y el incentivo a los estudiantes para que sean<br \/>\ninnovadores, creativos y emprendedores, tuvieron sus frutos en el premio otorgado a uno de<br \/>\nlos estudiantes de la carrera de Ingenier\u00eda de Sistemas: Fabricio Jim\u00e9nez, quien result\u00f3<br \/>\nganador del programa internacional <strong>\u201cSeeds for the Future\u201d<\/strong>, de Huawei, junto a otros 14<br \/>\nj\u00f3venes de Bolivia.<br \/>\n<strong>Innovaci\u00f3n, tecnolog\u00edas y especializaci\u00f3n en la gesti\u00f3n del aprendizaje<\/strong><br \/>\nPara la gesti\u00f3n 2021, UNIFRANZ ha optimizado los dise\u00f1os instruccionales en cada carrera, de<br \/>\nmanera que los componentes de Gesti\u00f3n del Aprendizaje y Aplicaci\u00f3n del Aprendizaje integran de forma plena secuencias pedag\u00f3gicas concebidas para adoptar, adaptar, crear y compartir<br \/>\nlas TICs.<br \/>\nLos <strong>programas acad\u00e9micos<\/strong>, adem\u00e1s de ser actualizados de manera permanente, ofrecen al<br \/>\nestudiante la oportunidad de especializarse para poder ser m\u00e1s competente y competitivo<br \/>\nfrente a la demanda laboral. Esta <strong>especializaci\u00f3n<\/strong> tiene un fuerte componente tecnol\u00f3gico a<br \/>\ntono con la evoluci\u00f3n de los modelos de trabajo y las nuevas ocupaciones emergentes, lo que<br \/>\ngenera mayor valor en el mercado laboral.<br \/>\nHay que destacar, adem\u00e1s, la optimizaci\u00f3n del <strong>tiempo de estudios<\/strong>, que en la mayor\u00eda de las<br \/>\ncarreras es de <strong>4 a\u00f1os<\/strong>, y el desarrollo de <strong>Proyectos integradores<\/strong>, dise\u00f1ados para que el<br \/>\nestudiante ponga a prueba sus competencias, experimente la realidad laboral y demuestre que<br \/>\npuede desenvolverse en situaciones pr\u00e1cticas para la soluci\u00f3n de problemas de su futura<br \/>\nprofesi\u00f3n.<br \/>\nSe trata de innovar y transformar la educaci\u00f3n de acuerdo con las necesidades del mundo<br \/>\nlaboral, que hoy est\u00e1 evolucionando de manera acelerada de una din\u00e1mica tradicional al<br \/>\nteletrabajo, ya sea a trav\u00e9s del home office como en entornos laborales que combinan lo<br \/>\npresencial y lo virtual.<br \/>\nDe cara a esta realidad, UNIFRANZ desarrolla las habilidades y competencias de sus<br \/>\nestudiantes para convertirlos en los profesionales del futuro.<\/p>\n<p><a href=\"https:\/\/www.youtube.com\/watch?v=iXQY_iaxa80\" target=\"_blank\" rel=\"noopener\">https:\/\/www.youtube.com\/watch?v=iXQY_iaxa80<\/a><\/p>","protected":false},"excerpt":{"rendered":"<p>UNIFRANZ puso la innovaci\u00f3n en el centro de su transformaci\u00f3n institucional, una decisi\u00f3n trascendental que busca estar en sinton\u00eda con los retos de la sociedad, para formar profesionales capaces de enfrentar los acelerados cambios de la sociedad, y en particular, las nuevas demandas del mundo laboral. El aislamiento social que deriv\u00f3 de la pandemia precipit\u00f3 &hellip; <a href=\"https:\/\/unifranz.edu.bo\/pt\/noticias\/unifranz-innovacion-en-el-centro-de-la-gestion-del-aprendizaje\/\">Continued<\/a><\/p>","protected":false},"author":45,"featured_media":38994,"comment_status":"open","ping_status":"open","sticky":false,"template":"","format":"standard","meta":{"_acf_changed":false,"footnotes":""},"categories":[60,35,318,322,29,274],"tags":[1594,1598,1602,1422,890,1596,43,1600,242],"class_list":["post-38993","post","type-post","status-publish","format-standard","has-post-thumbnail","hentry","category-blog","category-carreras","category-competencias","category-estrategias","category-noticias","category-santa-cruz","tag-blended-learning-experience","tag-especializacion","tag-gestion-del-aprendizaje","tag-innovacion-en-educacion","tag-menciones","tag-proyectos-integradores","tag-santa-cruz","tag-tiempo-de-estudios","tag-unifranz"],"acf":[],"_links":{"self":[{"href":"https:\/\/unifranz.edu.bo\/pt\/wp-json\/wp\/v2\/posts\/38993","targetHints":{"allow":["GET"]}}],"collection":[{"href":"https:\/\/unifranz.edu.bo\/pt\/wp-json\/wp\/v2\/posts"}],"about":[{"href":"https:\/\/unifranz.edu.bo\/pt\/wp-json\/wp\/v2\/types\/post"}],"author":[{"embeddable":true,"href":"https:\/\/unifranz.edu.bo\/pt\/wp-json\/wp\/v2\/users\/45"}],"replies":[{"embeddable":true,"href":"https:\/\/unifranz.edu.bo\/pt\/wp-json\/wp\/v2\/comments?post=38993"}],"version-history":[{"count":2,"href":"https:\/\/unifranz.edu.bo\/pt\/wp-json\/wp\/v2\/posts\/38993\/revisions"}],"predecessor-version":[{"id":38996,"href":"https:\/\/unifranz.edu.bo\/pt\/wp-json\/wp\/v2\/posts\/38993\/revisions\/38996"}],"wp:featuredmedia":[{"embeddable":true,"href":"https:\/\/unifranz.edu.bo\/pt\/wp-json\/wp\/v2\/media\/38994"}],"wp:attachment":[{"href":"https:\/\/unifranz.edu.bo\/pt\/wp-json\/wp\/v2\/media?parent=38993"}],"wp:term":[{"taxonomy":"category","embeddable":true,"href":"https:\/\/unifranz.edu.bo\/pt\/wp-json\/wp\/v2\/categories?post=38993"},{"taxonomy":"post_tag","embeddable":true,"href":"https:\/\/unifranz.edu.bo\/pt\/wp-json\/wp\/v2\/tags?post=38993"}],"curies":[{"name":"wp","href":"https:\/\/api.w.org\/{rel}","templated":true}]}}