{"id":381412,"date":"2024-08-02T17:10:53","date_gmt":"2024-08-02T21:10:53","guid":{"rendered":"https:\/\/unifranz.edu.bo\/?p=381412"},"modified":"2024-09-24T11:56:51","modified_gmt":"2024-09-24T15:56:51","slug":"miguel-larico-estoy-feliz-de-ser-un-hombre-completo-otra-vez","status":"publish","type":"post","link":"https:\/\/unifranz.edu.bo\/pt\/blog\/miguel-larico-estoy-feliz-de-ser-un-hombre-completo-otra-vez\/","title":{"rendered":"Miguel Larico: Estoy feliz de ser un hombre completo otra vez"},"content":{"rendered":"<p><span style=\"color: #000000;\">Por Manuel Filomeno y Beatriz Cahuasa<\/span><\/p>\n<p><span style=\"font-weight: 400; color: #000000;\">Miguel Larico sonr\u00ede y se siente emocionado cuando le ajustan, por primera vez, las pr\u00f3tesis; su expresi\u00f3n solo cambia cuando responde a las preguntas que Grecia Bello \u2013coordinadora del Fab Lab Santa Cruz\u2013 le hace para asegurarse que todo funcione a la perfecci\u00f3n: \u201c\u00bfEst\u00e1n bien? \u00bfNo est\u00e1n muy ajustadas? \u00bfPuedes abrir y cerrar las manos?\u201d.<\/span><\/p>\n<p><span style=\"font-weight: 400; color: #000000;\">\u201cQu\u00e9 extra\u00f1a sensaci\u00f3n, me siento completo otra vez y justo a tiempo para mi boda\u201d, dice Miguel, quien hace cinco a\u00f1os perdi\u00f3 la parte inferior de sus brazos en un accidente el\u00e9ctrico mientras trabajaba, haciendo cinchas met\u00e1licas, una labor que espera retomar.<\/span><\/p>\n<p><span style=\"font-weight: 400; color: #000000;\">El joven de 27 a\u00f1os, beneficiario de un juego de pr\u00f3tesis de manos, construidas y desarrolladas por voluntarios del Fab Lab Santa Cruz de la Universidad Franz Tamayo, Unifranz, con el asesoramiento y capacitaci\u00f3n de la empresa Creotec, ahora levanta los brazos prost\u00e9ticos, prueba su funcionalidad y mira con asombro c\u00f3mo vuelve a estar completo.<\/span><\/p>\n<p><span style=\"font-weight: 400; color: #000000;\">\u201cEn el Fab Lab Santa Cruz, contamos con todas las herramientas para construir cualquier cosa que nuestra mente pueda crear. Estamos pr\u00f3ximos a cumplir un a\u00f1o de trabajo. Hemos hecho grandes cosas, entre ellas, estas pr\u00f3tesis que ahora ayudar\u00e1n a Miguel a crecer como persona\u201d, explica Jorge Pazos, director del Fab Lab Santa Cruz.\u00a0<\/span><\/p>\n<p><span style=\"font-weight: 400; color: #000000;\">Cuando ten\u00eda 22 a\u00f1os, Miguel sufri\u00f3 un accidente el\u00e9ctrico que cambi\u00f3 su vida y que lo dej\u00f3 con serias quemaduras en la parte inferior del cuerpo y con da\u00f1os irreparables en sus dos manos, las cuales debieron ser amputadas.<\/span><\/p>\n<p><iframe loading=\"lazy\" title=\"YouTube video player\" src=\"https:\/\/www.youtube.com\/embed\/0zf7vzb9D7w?si=eQFzlGVLW8gwBbyT\" width=\"560\" height=\"315\" frameborder=\"0\" allowfullscreen=\"allowfullscreen\"><\/iframe><\/p>\n<p><span style=\"font-weight: 400; color: #000000;\">\u201cEstaba oscuro, no ten\u00edamos luz esa noche y quer\u00edamos avanzar en el trabajo. Sosten\u00eda un fierro de seis metros con mis manos cuando recib\u00ed la descarga, el fierro toc\u00f3 un cable de alta tensi\u00f3n y de pronto todo fue oscuridad. Cuando despert\u00e9 la luz inundaba todo, estaba echado en una camilla y sent\u00eda mi cuerpo adolorido, mis brazos estaban quemados, toda la mitad de mi cuerpo estaba en malas condiciones, fue entonces que me dijeron que deb\u00edan amputarme las manos, mis venas y nervios hab\u00edan reventado por la descarga y no hab\u00eda manera de salvarlos\u201d, rememora Miguel.<\/span><\/p>\n<p><span style=\"font-weight: 400; color: #000000;\">El accidente dej\u00f3 al joven padre muy afectado, perdi\u00f3 su capacidad de trabajar y sinti\u00f3 que se convertir\u00eda en una carga para su familia, pero persever\u00f3 y encontr\u00f3 maneras de hacerse \u00fatil.<\/span><\/p>\n<p><span style=\"font-weight: 400; color: #000000;\">\u201cEl accidente me afect\u00f3 mucho porque no pod\u00eda hacer nada, me sent\u00eda un estorbo, pero poco a poco me fui adaptando y en mi trabajo tambi\u00e9n, pero como yo aprend\u00ed a hacer esas cerchas met\u00e1licas me pude crear un equipito con la ayuda de mis compa\u00f1eros que me ha permitido hacer algunos trabajos\u201d, cuenta.<\/span><\/p>\n<p><span style=\"font-weight: 400; color: #000000;\">Gracias al apoyo de su, ahora, esposa y su hija, Miguel super\u00f3 su dif\u00edcil situaci\u00f3n y empez\u00f3 una nueva etapa en su vida,\u00a0 llena de desaf\u00edos, pero tambi\u00e9n de satisfacciones.<\/span><\/p>\n<p><span style=\"font-weight: 400; color: #000000;\">\u201cYo, al principio me quer\u00eda morir, no quer\u00eda ser una carga para mi familia, pero mi mujer y mi hija me acompa\u00f1aron desde el primer momento hasta que sal\u00ed del hospital, d\u00e1ndome fuerzas para seguir y mejorar cada d\u00eda\u201d, confiesa.<\/span><\/p>\n<p><span style=\"color: #000000;\"><b>Nuevas manos de alta tecnolog\u00eda<\/b><\/span><\/p>\n<p><span style=\"font-weight: 400; color: #000000;\">La historia de Miguel lleg\u00f3 a los o\u00eddos de Antonio Riveros, CEO y fundador de Creotec, que en un principio decidi\u00f3 ayudar al joven con un juego de pr\u00f3tesis b\u00e1sicas, las cuales le permitieron realizar algunas acciones, como escribir su nombre o sujetar algunos objetos.<\/span><\/p>\n<p><span style=\"font-weight: 400; color: #000000;\">Sin embargo, las necesidades de Miguel a\u00fan no estaban satisfechas, \u00e9l necesitaba unas pr\u00f3tesis m\u00e1s especializadas.<\/span><\/p>\n<p><span style=\"font-weight: 400; color: #000000;\">Un convenio entre Creotec, la Fundaci\u00f3n Creo y el Fab Lab Santa Cruz, logr\u00f3 finalmente darle brazos funcionales.<\/span><\/p>\n<p><span style=\"font-weight: 400; color: #000000;\">\u201cLlegamos a un acuerdo para unir fuerzas. El Fab Lab, un lugar que tiene todo para crear y hacer realidad lo que la mente se proponga, canaliz\u00f3 el potencial de los chicos para lograr esa pr\u00f3tesis y Creotec\u00a0 que es experta en el tema se encarg\u00f3 del postprocesado que es una parte que no siempre se ve en todos los laboratorios. Unimos esas fuerzas y gracias a eso pudimos hacer el cronograma de acci\u00f3n y hacer la impresi\u00f3n\u201d, comenta Bello.<\/span><\/p>\n<p><span style=\"font-weight: 400; color: #000000;\">Bello cuenta que el proceso de fabricaci\u00f3n de las pr\u00f3tesis de Miguel, comenz\u00f3 con una capacitaci\u00f3n exhaustiva de parte de la empresa socia del emprendimiento,\u00a0 la cual dot\u00f3 a los voluntarios e ingenieros del laboratorio de fabricaci\u00f3n de las destrezas y conocimientos necesarios para iniciar con el proceso.<\/span><\/p>\n<p><span style=\"font-weight: 400; color: #000000;\">\u201cDespu\u00e9s de las capacitaciones tuvimos el primer contacto con Miguel, que nos cont\u00f3 su historia y que nos apoy\u00f3 en el dise\u00f1o de sus nuevas pr\u00f3tesis, nos ayud\u00f3 con ciertos datos que eran importantes para \u00e9l, como el ancho, el peso y la simetr\u00eda y la comodidad de las piezas. Eso es lo m\u00e1s importante, que \u00e9l est\u00e9 contento y c\u00f3modo\u201d, agrega Bello.<\/span><\/p>\n<p><span style=\"font-weight: 400; color: #000000;\">Posteriormente, los voluntarios del FabLab construyeron un primer prototipo, un \u201cModelo 1\u201d, el cual sirvi\u00f3 para verificar mediciones y probar la ergonom\u00eda de las piezas.<\/span><\/p>\n<p><span style=\"font-weight: 400; color: #000000;\">Paralelamente, mientras se avanzaba en este primer prototipo y se verificaba con el beneficiario ciertos par\u00e1metros, los voluntarios siguieron capacit\u00e1ndose, buscando poner la mejor calidad en la pr\u00f3tesis final.<\/span><\/p>\n<p><span style=\"font-weight: 400; color: #000000;\">El uso de nuevos materiales, la calibraci\u00f3n de las impresoras 3D, las nuevas t\u00e9cnicas de ajuste de par\u00e1metros, entre otros conocimientos novedosos fueron parte de las capacitaciones que se les dio a los voluntarios.<\/span><\/p>\n<p><span style=\"font-weight: 400; color: #000000;\">\u201cEl modelo 1 es m\u00e1s simple, menor tiempo de impresi\u00f3n, es un prototipo que nos permite verificar los datos que fueron tomados en la medici\u00f3n. Luego de que hicimos las pruebas y que Miguel nos diera el visto bueno, pasamos al siguiente paso y enviamos los datos a Creotec para afinar el modelo\u201d, explica.<\/span><\/p>\n<p><span style=\"font-weight: 400; color: #000000;\">\u201cTras este proceso ya pudimos imprimir las pr\u00f3tesis, que tom\u00f3 cerca de cinco d\u00edas de impresi\u00f3n porque el tema del relleno, de la altura de las capas fueron afinadas para que sea est\u00e9tico, r\u00edgido, tenga el peso adecuado, eso es muy importante, no pueden ser muy livianas\u201d.<\/span><\/p>\n<p><span style=\"font-weight: 400; color: #000000;\">La impresi\u00f3n de los dedos fue otro de los retos que los voluntarios tuvieron que pasar, ya que estos deb\u00edan ser m\u00f3viles y permitir un amplio rango de movimientos.<\/span><\/p>\n<p><span style=\"font-weight: 400; color: #000000;\">Una vez terminada la impresi\u00f3n, la versi\u00f3n final de la pr\u00f3tesis fue enviada a empresa de pr\u00f3tesis\u00a0 para dar los \u00faltimos toques de postprocesado, es decir, el pintado de las piezas, la colocaci\u00f3n de los hilos que permiten el movimiento y los ajustes de comodidad y presi\u00f3n.<\/span><\/p>\n<p><span style=\"font-weight: 400; color: #000000;\">\u201cDeb\u00edamos apurarnos con el acabado, pues Miguel quer\u00eda estrenarla en su boda\u201d, relata Bello.<\/span><\/p>\n<p><span style=\"font-weight: 400; color: #000000;\">La misi\u00f3n se cumpli\u00f3, el pasado s\u00e1bado, Miguel entr\u00f3 a la capilla de la mano de su madre, quien se sujeta firmemente de su brazo, \u00e9l mira con determinaci\u00f3n el altar donde el sacerdote los esperaba para celebrar la ceremonia matrimonial con su gran amor. Antes de avanzar se mira las manos, esas manos que perdi\u00f3 y aprieta sus nuevos pu\u00f1os mientras mira al cielo, en se\u00f1al de victoria.<\/span><\/p>\n<p><span style=\"font-weight: 400; color: #000000;\">Luce feliz y junta las manos prost\u00e9ticas inquietamente, mientras espera la llegada de su esposa al altar para sellar su amor.<\/span><\/p>\n<p><span style=\"font-weight: 400; color: #000000;\">\u201cEstoy listo para dar este gran paso, mis manos han vuelto a m\u00ed y ahora me siento completo\u201d, dice el joven, mientras observa a su novia acercarse a \u00e9l por el pasillo del sal\u00f3n y repasa sus votos en su cabeza.<\/span><\/p>\n<figure id=\"attachment_381419\" aria-describedby=\"caption-attachment-381419\" style=\"width: 935px\" class=\"wp-caption aligncenter\"><img loading=\"lazy\" decoding=\"async\" class=\"wp-image-381419\" src=\"https:\/\/unifranz.edu.bo\/wp-content\/uploads\/2024\/08\/protesis5-blog-300x155.jpg\" alt=\"\" width=\"935\" height=\"483\" srcset=\"https:\/\/unifranz.edu.bo\/wp-content\/uploads\/2024\/08\/protesis5-blog-300x155.jpg 300w, https:\/\/unifranz.edu.bo\/wp-content\/uploads\/2024\/08\/protesis5-blog-1024x529.jpg 1024w, https:\/\/unifranz.edu.bo\/wp-content\/uploads\/2024\/08\/protesis5-blog-768x397.jpg 768w, https:\/\/unifranz.edu.bo\/wp-content\/uploads\/2024\/08\/protesis5-blog-18x9.jpg 18w, https:\/\/unifranz.edu.bo\/wp-content\/uploads\/2024\/08\/protesis5-blog.jpg 1200w\" sizes=\"auto, (max-width: 935px) 100vw, 935px\" \/><figcaption id=\"caption-attachment-381419\" class=\"wp-caption-text\"><span style=\"color: #000000;\"><em>Miguel y su esposa en su ceremonia matrimonial.<\/em><\/span><\/figcaption><\/figure>\n<p><span style=\"font-weight: 400; color: #000000;\">\u00c9ste es uno de los primeros proyectos que materializamos, el primero de muchos que lograran hacer felices a quienes por azares de la vida o el destino perdieron alg\u00fan miembro de su cuerpo, dice Pazos, al momento de ver feliz a Miguel.\u00a0<\/span><\/p>\n<p><span style=\"font-weight: 400; color: #000000;\">El Fab Lab Santa Cruz es el mayor laboratorio de Fabricaci\u00f3n Digital de Bolivia,\u00a0 donde se promueve el esp\u00edritu creador boliviano. Su implementaci\u00f3n fue posible gracias a la cooperaci\u00f3n del Programa de Naciones Unidas Para el Desarrollo (PNUD Bolivia)\u00a0 y una importante inversi\u00f3n econ\u00f3mica de esta Casa de Estudios Superiores. Es un espacio abierto para todo aquel que quiera hacer realidad una idea.<\/span><\/p>","protected":false},"excerpt":{"rendered":"<p>Por Manuel Filomeno y Beatriz Cahuasa Miguel Larico sonr\u00ede y se siente emocionado cuando le ajustan, por primera vez, las pr\u00f3tesis; su expresi\u00f3n solo cambia cuando responde a las preguntas que Grecia Bello \u2013coordinadora del Fab Lab Santa Cruz\u2013 le hace para asegurarse que todo funcione a la perfecci\u00f3n: \u201c\u00bfEst\u00e1n bien? \u00bfNo est\u00e1n muy ajustadas? &hellip; <a href=\"https:\/\/unifranz.edu.bo\/pt\/blog\/miguel-larico-estoy-feliz-de-ser-un-hombre-completo-otra-vez\/\">Continued<\/a><\/p>","protected":false},"author":45,"featured_media":381413,"comment_status":"open","ping_status":"open","sticky":false,"template":"","format":"standard","meta":{"_acf_changed":false,"footnotes":""},"categories":[60,2186,2566,1862,6394,5386,5388,2996,1782],"tags":[9416,6170,1422,5058,9414,242],"class_list":["post-381412","post","type-post","status-publish","format-standard","has-post-thumbnail","hentry","category-blog","category-carreras-es","category-docente","category-educacion","category-educacion-superior","category-fablab-es","category-fablab-santa-cruz","category-informacion","category-unifranz","tag-el-mayor-laboratorio-de-fabricacion-digital-de-bolivia","tag-fab-lab-santa-cruz","tag-innovacion-en-educacion","tag-protesis","tag-protesis-de-alta-tecnologia","tag-unifranz"],"acf":[],"_links":{"self":[{"href":"https:\/\/unifranz.edu.bo\/pt\/wp-json\/wp\/v2\/posts\/381412","targetHints":{"allow":["GET"]}}],"collection":[{"href":"https:\/\/unifranz.edu.bo\/pt\/wp-json\/wp\/v2\/posts"}],"about":[{"href":"https:\/\/unifranz.edu.bo\/pt\/wp-json\/wp\/v2\/types\/post"}],"author":[{"embeddable":true,"href":"https:\/\/unifranz.edu.bo\/pt\/wp-json\/wp\/v2\/users\/45"}],"replies":[{"embeddable":true,"href":"https:\/\/unifranz.edu.bo\/pt\/wp-json\/wp\/v2\/comments?post=381412"}],"version-history":[{"count":6,"href":"https:\/\/unifranz.edu.bo\/pt\/wp-json\/wp\/v2\/posts\/381412\/revisions"}],"predecessor-version":[{"id":381444,"href":"https:\/\/unifranz.edu.bo\/pt\/wp-json\/wp\/v2\/posts\/381412\/revisions\/381444"}],"wp:featuredmedia":[{"embeddable":true,"href":"https:\/\/unifranz.edu.bo\/pt\/wp-json\/wp\/v2\/media\/381413"}],"wp:attachment":[{"href":"https:\/\/unifranz.edu.bo\/pt\/wp-json\/wp\/v2\/media?parent=381412"}],"wp:term":[{"taxonomy":"category","embeddable":true,"href":"https:\/\/unifranz.edu.bo\/pt\/wp-json\/wp\/v2\/categories?post=381412"},{"taxonomy":"post_tag","embeddable":true,"href":"https:\/\/unifranz.edu.bo\/pt\/wp-json\/wp\/v2\/tags?post=381412"}],"curies":[{"name":"wp","href":"https:\/\/api.w.org\/{rel}","templated":true}]}}