{"id":381403,"date":"2024-08-02T16:39:05","date_gmt":"2024-08-02T20:39:05","guid":{"rendered":"https:\/\/unifranz.edu.bo\/?p=381403"},"modified":"2024-09-24T12:38:06","modified_gmt":"2024-09-24T16:38:06","slug":"unifranz-fortalece-su-internacionalizacion-en-la-semana-internacional-de-diseno","status":"publish","type":"post","link":"https:\/\/unifranz.edu.bo\/pt\/eventos\/unifranz-fortalece-su-internacionalizacion-en-la-semana-internacional-de-diseno\/","title":{"rendered":"Unifranz fortalece su internacionalizaci\u00f3n en la Semana Internacional de Dise\u00f1o"},"content":{"rendered":"<p><span style=\"color: #000000;\"><a style=\"color: #000000;\" href=\"https:\/\/ux.unifranz.edu.bo\/\">Unifranz<\/a> El Alto particip\u00f3 en la XIX <a style=\"color: #000000;\" href=\"https:\/\/fido.palermo.edu\/servicios_dyc\/semanavirtualinternacionaldediseno\/index.php\" target=\"_blank\" rel=\"noopener\">Semana Internacional de Dise\u00f1o<\/a>, uno de los eventos m\u00e1s importantes del rubro en la regi\u00f3n y organizado anualmente por la <a style=\"color: #000000;\" href=\"https:\/\/www.palermo.edu\/\" target=\"_blank\" rel=\"noopener\">Universidad de Palermo<\/a> de Argentina, para fortalecer la internacionalizaci\u00f3n, que es parte del ADN de esta universidad. El evento reuni\u00f3 en julio a expertos y acad\u00e9micos de 29 pa\u00edses de los cinco continentes para discutir las \u00faltimas tendencias y desaf\u00edos en el campo del dise\u00f1o gr\u00e1fico.<\/span><\/p>\n<p><span style=\"color: #000000;\">Este encuentro internacional tiene su estructura en nueve espacios tem\u00e1ticos que incluyen el Encuentro de Dise\u00f1o, el Congreso de Ense\u00f1anza del Dise\u00f1o, y el Foro de Escuelas de Dise\u00f1o, entre otros. Este \u00faltimo, creado en 2006, es un foro especializado dentro de la semana que agrupa a m\u00e1s de 470 instituciones educativas dedicadas a la ense\u00f1anza del dise\u00f1o. En este espacio, autoridades y acad\u00e9micos presentan los logros recientes, reflexionan sobre su gesti\u00f3n y delinean los proyectos futuros.<\/span><\/p>\n<p><span style=\"color: #000000;\"><img loading=\"lazy\" decoding=\"async\" class=\"wp-image-381406 alignleft\" src=\"https:\/\/unifranz.edu.bo\/wp-content\/uploads\/2024\/08\/snapedit_1721408962346-1024x820.png\" alt=\"\" width=\"436\" height=\"349\" srcset=\"https:\/\/unifranz.edu.bo\/wp-content\/uploads\/2024\/08\/snapedit_1721408962346-1024x820.png 1024w, https:\/\/unifranz.edu.bo\/wp-content\/uploads\/2024\/08\/snapedit_1721408962346-300x240.png 300w, https:\/\/unifranz.edu.bo\/wp-content\/uploads\/2024\/08\/snapedit_1721408962346-768x615.png 768w, https:\/\/unifranz.edu.bo\/wp-content\/uploads\/2024\/08\/snapedit_1721408962346-1536x1230.png 1536w, https:\/\/unifranz.edu.bo\/wp-content\/uploads\/2024\/08\/snapedit_1721408962346-15x12.png 15w, https:\/\/unifranz.edu.bo\/wp-content\/uploads\/2024\/08\/snapedit_1721408962346.png 1600w\" sizes=\"auto, (max-width: 436px) 100vw, 436px\" \/>Por segunda gesti\u00f3n consecutiva, Unifranz El Alto estuvo presente, esta vez representada por Luis Palacios, director de <a style=\"color: #000000;\" href=\"https:\/\/ux.unifranz.edu.bo\/diseno-grafico-y-produccion-crossmedia\">Design Gr\u00e1fico e Produ\u00e7\u00e3o Multim\u00eddia<\/a>. El profesional particip\u00f3 en el Foro de Escuelas de Dise\u00f1o a trav\u00e9s de la ponencia titulada \u00abUnifranz: Tres d\u00e9cadas de innovaci\u00f3n, transformaci\u00f3n educativa y los nuevos desaf\u00edos hacia el futuro\u00bb, en la que destac\u00f3 el compromiso de la universidad con la transformaci\u00f3n de la educaci\u00f3n a trav\u00e9s de su metodolog\u00eda de ense\u00f1anza\/aprendizaje, los logros institucionales y la visi\u00f3n a futuro como carrera de Dise\u00f1o Gr\u00e1fico y Producci\u00f3n Crossmedia.<\/span><\/p>\n<p><span style=\"color: #000000;\">\u201cDestacamos los avances en la implementaci\u00f3n de metodolog\u00edas y proyectos en nuestros programas, la colaboraci\u00f3n y trabajo permanente para el desarrollo de la ciudad de El Alto y nuestras iniciativas de sostenibilidad, y el factor de transversalidad que tiene el dise\u00f1o en el mundo de hoy\u201d, afirm\u00f3 Palacios.<\/span><\/p>\n<p><span style=\"color: #000000;\">La retroalimentaci\u00f3n por parte de los presentes fue muy positiva, dijo el profesional, con un gran inter\u00e9s en las estrategias de innovaci\u00f3n educativa, encontrando similitudes con varias instituciones, como la realizaci\u00f3n de proyectos integradores.<\/span><\/p>\n<p><span style=\"color: #000000;\">\u201cSin duda, el encontrar estos puntos en com\u00fan nos dejan ver que estamos transitando un camino correcto con nuestras propuestas y que estamos transformando la educaci\u00f3n en nuestro pa\u00eds y poni\u00e9ndonos a la par de grandes instituciones de educaci\u00f3n alrededor del mundo\u201d, a\u00f1adi\u00f3 el director de carrera.<\/span><\/p>\n<p><span style=\"color: #000000;\"><strong>Internacionalizaci\u00f3n, esencial para el desarrollo<\/strong><\/span><\/p>\n<p><span style=\"color: #000000;\"><strong>\u00a0<\/strong>La <a style=\"color: #000000;\" href=\"https:\/\/rrii.unifranz.edu.bo\/\">internacionaliza\u00e7\u00e3o<\/a> y su impacto en la formaci\u00f3n de la comunidad universitaria es crucial porque permite a estudiantes y docentes desarrollar una visi\u00f3n global y adquirir habilidades interculturales, esenciales en un mundo cada vez m\u00e1s conectado.<\/span><\/p>\n<p><span style=\"color: #000000;\">Palacios asegur\u00f3 que participar de este encuentro internacional se constituy\u00f3 en una gran puerta para generar importantes oportunidades para la instituci\u00f3n, docentes, sobre todo estudiantes. De igual forma para entablar proyectos colaborativos, gestionar clases espejo con expertos internacionales y visibilizar el talento de los futuros profesionales en diversos espacios alrededor del mundo.<\/span><\/p>\n<p><span style=\"color: #000000;\">\u201cEstas experiencias nos inspiran a innovar y adaptar nuestras metodolog\u00edas de ense\u00f1anza, garantizando que nuestros estudiantes reciban una formaci\u00f3n que los prepare para competir en un mercado global. Adem\u00e1s, las redes de contacto que se establecen en estos eventos abren puertas a proyectos internacionales que enriquecen a\u00fan m\u00e1s nuestra propuesta educativa\u201d, asegur\u00f3 el profesional.<\/span><\/p>\n<p><span style=\"color: #000000;\">Unifranz promueve activamente la internacionalizaci\u00f3n a trav\u00e9s de programas de intercambio, proyectos colaborativos y una proyecci\u00f3n internacional.<\/span><\/p>\n<p>&nbsp;<\/p>","protected":false},"excerpt":{"rendered":"<p>Unifranz El Alto particip\u00f3 en la XIX Semana Internacional de Dise\u00f1o, uno de los eventos m\u00e1s importantes del rubro en la regi\u00f3n y organizado anualmente por la Universidad de Palermo de Argentina, para fortalecer la internacionalizaci\u00f3n, que es parte del ADN de esta universidad. El evento reuni\u00f3 en julio a expertos y acad\u00e9micos de 29 &hellip; <a href=\"https:\/\/unifranz.edu.bo\/pt\/eventos\/unifranz-fortalece-su-internacionalizacion-en-la-semana-internacional-de-diseno\/\">Continued<\/a><\/p>","protected":false},"author":25,"featured_media":381405,"comment_status":"open","ping_status":"open","sticky":false,"template":"","format":"standard","meta":{"_acf_changed":false,"footnotes":""},"categories":[60,5100,1950,2516,1662,1862,302,45,1708,2858,1608,6270,2870,1782],"tags":[414,53,472,47,1422,248,62,242],"class_list":["post-381403","post","type-post","status-publish","format-standard","has-post-thumbnail","hentry","category-blog","category-bolivia","category-calidad-academica","category-diseno-grafico-y-produccion-crossmedia","category-docentes","category-educacion","category-el-alto","category-eventos","category-innovacion","category-innovacion-en-educacion","category-internacionalizacion","category-modelo-educativo-innovador","category-profesionales","category-unifranz","tag-diseno-grafico","tag-educacion","tag-educacion-superior","tag-el-alto","tag-innovacion-en-educacion","tag-internacionalizacion","tag-internacionalizate","tag-unifranz"],"acf":[],"_links":{"self":[{"href":"https:\/\/unifranz.edu.bo\/pt\/wp-json\/wp\/v2\/posts\/381403","targetHints":{"allow":["GET"]}}],"collection":[{"href":"https:\/\/unifranz.edu.bo\/pt\/wp-json\/wp\/v2\/posts"}],"about":[{"href":"https:\/\/unifranz.edu.bo\/pt\/wp-json\/wp\/v2\/types\/post"}],"author":[{"embeddable":true,"href":"https:\/\/unifranz.edu.bo\/pt\/wp-json\/wp\/v2\/users\/25"}],"replies":[{"embeddable":true,"href":"https:\/\/unifranz.edu.bo\/pt\/wp-json\/wp\/v2\/comments?post=381403"}],"version-history":[{"count":3,"href":"https:\/\/unifranz.edu.bo\/pt\/wp-json\/wp\/v2\/posts\/381403\/revisions"}],"predecessor-version":[{"id":381408,"href":"https:\/\/unifranz.edu.bo\/pt\/wp-json\/wp\/v2\/posts\/381403\/revisions\/381408"}],"wp:featuredmedia":[{"embeddable":true,"href":"https:\/\/unifranz.edu.bo\/pt\/wp-json\/wp\/v2\/media\/381405"}],"wp:attachment":[{"href":"https:\/\/unifranz.edu.bo\/pt\/wp-json\/wp\/v2\/media?parent=381403"}],"wp:term":[{"taxonomy":"category","embeddable":true,"href":"https:\/\/unifranz.edu.bo\/pt\/wp-json\/wp\/v2\/categories?post=381403"},{"taxonomy":"post_tag","embeddable":true,"href":"https:\/\/unifranz.edu.bo\/pt\/wp-json\/wp\/v2\/tags?post=381403"}],"curies":[{"name":"wp","href":"https:\/\/api.w.org\/{rel}","templated":true}]}}