{"id":380184,"date":"2024-07-30T18:15:11","date_gmt":"2024-07-30T22:15:11","guid":{"rendered":"https:\/\/unifranz.edu.bo\/?p=380184"},"modified":"2024-08-08T13:04:34","modified_gmt":"2024-08-08T17:04:34","slug":"decite-voj-el-podcast-de-unifranz-santa-cruz-que-nace-para-contar-testimonios-de-vida","status":"publish","type":"post","link":"https:\/\/unifranz.edu.bo\/pt\/blog\/decite-voj-el-podcast-de-unifranz-santa-cruz-que-nace-para-contar-testimonios-de-vida\/","title":{"rendered":"Decite Voj, el podcast de Unifranz Santa Cruz que nace para contar testimonios de vida"},"content":{"rendered":"<p><span style=\"color: #000000;\">El podcast se ha convertido en uno de los formatos preferidos de contenido en redes sociales y ha conquistado grandes audiencias que se han sentido identificadas o inspiradas por los testimonios de vida de quienes tomaron el micr\u00f3fono y decidieron narrar sus vivencias. En este sentido, la Universidad Franz Tamayo, Unifranz, cre\u00f3 Decite Voj, un espacio para que estudiantes, colaboradores y diferentes invitados impacten de manera positiva en la sociedad con sus historias.<\/span><\/p>\n<p><span style=\"color: #000000;\">Juan de la Cruz M\u00e9ndez, estudiante de excelencia de la carrera de Periodismo, fue el invitado para el primer episodio que se estren\u00f3 el pasado domingo 28 de julio en el canal oficial de Tiktok de Unifranz Santa Cruz. \u00c9l comparti\u00f3 su experiencia de vivir solo en un pa\u00eds que no conoc\u00eda, en Chile, espec\u00edficamente para estudiar en la Universidad Diego Portales, donde realiz\u00f3 su intercambio gracias al programa Internacional\u00edzate de Unifranz.<\/span><\/p>\n<p><span style=\"color: #000000;\">\u201cEstos espacios son muy lindos y necesarios para dar a conocer las diferentes experiencias que tenemos. Me alegra ser el primer invitado de Decite Voj, espero que mi testimonio inspire a otros j\u00f3venes a postular al programa de internacionalizaci\u00f3n, porque les aseguro que les cambiar\u00e1 la vida\u201d, expres\u00f3 M\u00e9ndez.<\/span><\/p>\n<p><span style=\"color: #000000;\">El intercambio cultural, el aprendizaje de un nuevo modelo educativo y el fortalecimiento de su red de contactos fueron los beneficios que m\u00e1s destac\u00f3 el futuro periodista en este podcast. Adem\u00e1s, aprovech\u00f3 el momento para informar que retornar\u00e1 nuevamente a Chile para cursar otro semestre en la Diego Portales y continuar con su formaci\u00f3n profesional internacional.<\/span><\/p>\n<p><img loading=\"lazy\" decoding=\"async\" class=\"alignnone wp-image-380186 size-full\" src=\"https:\/\/unifranz.edu.bo\/wp-content\/uploads\/2024\/07\/FB_IMG_1722377149651.jpg\" alt=\"\" width=\"1000\" height=\"1000\" srcset=\"https:\/\/unifranz.edu.bo\/wp-content\/uploads\/2024\/07\/FB_IMG_1722377149651.jpg 1000w, https:\/\/unifranz.edu.bo\/wp-content\/uploads\/2024\/07\/FB_IMG_1722377149651-300x300.jpg 300w, https:\/\/unifranz.edu.bo\/wp-content\/uploads\/2024\/07\/FB_IMG_1722377149651-768x768.jpg 768w, https:\/\/unifranz.edu.bo\/wp-content\/uploads\/2024\/07\/FB_IMG_1722377149651-12x12.jpg 12w\" sizes=\"auto, (max-width: 1000px) 100vw, 1000px\" \/><\/p>\n<p><span style=\"color: #000000;\"><strong>Historias de superaci\u00f3n<\/strong><\/span><\/p>\n<p><span style=\"color: #000000;\">Para escudri\u00f1ar historias se necesita habilidades y este proyecto eligi\u00f3 a Gabi Moreno como su conductora, una joven que actualmente es parte del Grupo Multimedia El Deber gracias a su talento y disciplina. Ella lleg\u00f3 de Beni con la meta de graduarse como licenciada en Periodismo y en Unifranz encontr\u00f3 el lugar ideal para adquirir las herramientas y experiencias que actualmente le ayudan para cumplir su sue\u00f1o.<\/span><\/p>\n<p><span style=\"color: #000000;\">\u201cSer la conductora de Decite Voj es un nuevo desaf\u00edo en mi carrera porque me emociona mucho conocer las historias de personas que han atravesado diferentes situaciones en su vida. Tambi\u00e9n me alegra que grabemos en la sala de producci\u00f3n audiovisual que Unifranz ha dise\u00f1ado para los que estudiamos Periodismo, es un lugar perfecto para contar historias\u201d, destac\u00f3 Moreno.<\/span><\/p>\n<p><span style=\"color: #000000;\">Decite Voj presentar\u00e1 un nuevo episodio cada domingo, a las 10:00 am, en el canal oficial de Tiktok de Unifranz Santa Cruz. En cada edici\u00f3n se dar\u00e1 a conocer un testimonio inspiracional de alg\u00fan estudiante, graduado, colaborador o invitado amigo de esta casa de estudios superiores.<\/span><\/p>\n<p><img loading=\"lazy\" decoding=\"async\" class=\"alignnone wp-image-380187 size-large\" src=\"https:\/\/unifranz.edu.bo\/wp-content\/uploads\/2024\/07\/Screenshot_20240730-180356_Instagram-1024x768.jpg\" alt=\"\" width=\"1024\" height=\"768\" srcset=\"https:\/\/unifranz.edu.bo\/wp-content\/uploads\/2024\/07\/Screenshot_20240730-180356_Instagram-1024x768.jpg 1024w, https:\/\/unifranz.edu.bo\/wp-content\/uploads\/2024\/07\/Screenshot_20240730-180356_Instagram-300x225.jpg 300w, https:\/\/unifranz.edu.bo\/wp-content\/uploads\/2024\/07\/Screenshot_20240730-180356_Instagram-768x576.jpg 768w, https:\/\/unifranz.edu.bo\/wp-content\/uploads\/2024\/07\/Screenshot_20240730-180356_Instagram-16x12.jpg 16w, https:\/\/unifranz.edu.bo\/wp-content\/uploads\/2024\/07\/Screenshot_20240730-180356_Instagram.jpg 1078w\" sizes=\"auto, (max-width: 1024px) 100vw, 1024px\" \/><\/p>\n<p><span style=\"color: #000000;\">El contenido est\u00e1 pensado para inspirar y motivar a escolares y universitarios y as\u00ed motivarlos a que luchen por sus sue\u00f1os. Sin embargo, habr\u00e1 episodios pensados para padres de familia, donde se hablar\u00e1 sobre temas econ\u00f3micos, culturales y consejos para acompa\u00f1ar a los hijos en la decisi\u00f3n de elegir la carrera profesional.<\/span><\/p>\n<p><span style=\"color: #000000;\">Si te gusta informar e innovar en medios de comunicaci\u00f3n tradicionales y digitales, encuentra m\u00e1s informaci\u00f3n de la carrera de Periodismo en el siguiente enlace:<\/span> <a href=\"https:\/\/ux.unifranz.edu.bo\/periodismo\">https:\/\/ux.unifranz.edu.bo\/periodismo<\/a><\/p>\n<p><span style=\"color: #000000;\">Sigue a Decite Voj aqu\u00ed:<\/span> <a href=\"https:\/\/www.tiktok.com\/@unifranz.scz\" target=\"_blank\" rel=\"noopener\">https:\/\/www.tiktok.com\/@unifranz.scz<\/a><\/p>","protected":false},"excerpt":{"rendered":"<p>El podcast se ha convertido en uno de los formatos preferidos de contenido en redes sociales y ha conquistado grandes audiencias que se han sentido identificadas o inspiradas por los testimonios de vida de quienes tomaron el micr\u00f3fono y decidieron narrar sus vivencias. En este sentido, la Universidad Franz Tamayo, Unifranz, cre\u00f3 Decite Voj, un &hellip; <a href=\"https:\/\/unifranz.edu.bo\/pt\/blog\/decite-voj-el-podcast-de-unifranz-santa-cruz-que-nace-para-contar-testimonios-de-vida\/\">Continued<\/a><\/p>","protected":false},"author":33,"featured_media":407493,"comment_status":"open","ping_status":"open","sticky":false,"template":"","format":"standard","meta":{"_acf_changed":false,"footnotes":""},"categories":[2576,60,9360,1930,9362,1782],"tags":[1084,9364,677,248,1650,278,1932,5176],"class_list":["post-380184","post","type-post","status-publish","format-standard","has-post-thumbnail","hentry","category-unifranz-santa-cruz","category-blog","category-decite-voj","category-periodismo","category-podcast","category-unifranz","tag-chile","tag-decite-voj","tag-el-deber","tag-internacionalizacion","tag-mejores-universidades-de-bolivia","tag-periodismo","tag-podcast","tag-universidades-bolivianas"],"acf":[],"_links":{"self":[{"href":"https:\/\/unifranz.edu.bo\/pt\/wp-json\/wp\/v2\/posts\/380184","targetHints":{"allow":["GET"]}}],"collection":[{"href":"https:\/\/unifranz.edu.bo\/pt\/wp-json\/wp\/v2\/posts"}],"about":[{"href":"https:\/\/unifranz.edu.bo\/pt\/wp-json\/wp\/v2\/types\/post"}],"author":[{"embeddable":true,"href":"https:\/\/unifranz.edu.bo\/pt\/wp-json\/wp\/v2\/users\/33"}],"replies":[{"embeddable":true,"href":"https:\/\/unifranz.edu.bo\/pt\/wp-json\/wp\/v2\/comments?post=380184"}],"version-history":[{"count":1,"href":"https:\/\/unifranz.edu.bo\/pt\/wp-json\/wp\/v2\/posts\/380184\/revisions"}],"predecessor-version":[{"id":380188,"href":"https:\/\/unifranz.edu.bo\/pt\/wp-json\/wp\/v2\/posts\/380184\/revisions\/380188"}],"wp:featuredmedia":[{"embeddable":true,"href":"https:\/\/unifranz.edu.bo\/pt\/wp-json\/wp\/v2\/media\/407493"}],"wp:attachment":[{"href":"https:\/\/unifranz.edu.bo\/pt\/wp-json\/wp\/v2\/media?parent=380184"}],"wp:term":[{"taxonomy":"category","embeddable":true,"href":"https:\/\/unifranz.edu.bo\/pt\/wp-json\/wp\/v2\/categories?post=380184"},{"taxonomy":"post_tag","embeddable":true,"href":"https:\/\/unifranz.edu.bo\/pt\/wp-json\/wp\/v2\/tags?post=380184"}],"curies":[{"name":"wp","href":"https:\/\/api.w.org\/{rel}","templated":true}]}}