{"id":347653,"date":"2024-07-18T17:47:29","date_gmt":"2024-07-18T21:47:29","guid":{"rendered":"https:\/\/unifranz.edu.bo\/?p=347653"},"modified":"2024-07-18T17:47:29","modified_gmt":"2024-07-18T21:47:29","slug":"vivir-en-medio-de-basura-y-contaminacion-un-futuro-no-muy-lejano-que-estudiantes-unifranz-intentan-prevenir","status":"publish","type":"post","link":"https:\/\/unifranz.edu.bo\/pt\/blog\/vivir-en-medio-de-basura-y-contaminacion-un-futuro-no-muy-lejano-que-estudiantes-unifranz-intentan-prevenir\/","title":{"rendered":"\u00bfVivir en medio de basura y contaminaci\u00f3n? Un futuro no muy lejano que estudiantes Unifranz intentan prevenir"},"content":{"rendered":"<p><span style=\"color: #000000;\">La destrucci\u00f3n de la capa de ozono, la contaminaci\u00f3n y la quema indiscriminada son algunas de las acciones del ser humano que da\u00f1an el planeta. Con el objetivo de generar una reflexi\u00f3n y concientizar a la sociedad, estudiantes de la carrera de Arquitectura de la Universidad Franz Tamayo, Unifranz realizaron un proyecto integrador de distopias (representaci\u00f3n de una sociedad imaginaria, injusta y ca\u00f3tica, en la que nadie querr\u00eda estar), que describe una posible realidad que puede sufrir la Tierra en los pr\u00f3ximos a\u00f1os.<\/span><\/p>\n<p><span style=\"color: #000000;\">Los estudiantes generaron diferentes maquetas en las que plasmaron sus ideas y dise\u00f1os que describen el futuro de ciertas regiones en el departamento cruce\u00f1o. Potenciaron su trabajo con la elaboraci\u00f3n de una revista acad\u00e9mica realizada con inteligencia artificial, herramienta en la que ingresaron sus an\u00e1lisis del proyecto e informaci\u00f3n del distrito para que Chat GPT les devuelva una nueva redacci\u00f3n con el estilo de grandes escritores y personajes de la historia, simulando mensajes reflexivos dados por Vargas Llosa, Mario Benedeti, Albert Einstein, entreo otros.<\/span><\/p>\n<p><span style=\"color: #000000;\">\u201cUna distop\u00eda es una representaci\u00f3n ficticia de una sociedad futura de caracter\u00edsticas negativas que es provocada por acciones del ser humano que da\u00f1an el planeta. Desde nuestra carrera, tuvimos el objetivo de generar un proyecto que haga pensar a las personas en su actuar y se den cuenta del terrible da\u00f1o que hacemos al lugar que habitamos\u201d, expres\u00f3 la estudiante de Arquitectura Antonella Santill\u00e1n.<\/span><\/p>\n<p><img loading=\"lazy\" decoding=\"async\" class=\"wp-image-347655 size-large\" src=\"https:\/\/unifranz.edu.bo\/wp-content\/uploads\/2024\/07\/Picsart_24-07-18_17-32-13-107-1024x565.jpg\" alt=\"\" width=\"1024\" height=\"565\" srcset=\"https:\/\/unifranz.edu.bo\/wp-content\/uploads\/2024\/07\/Picsart_24-07-18_17-32-13-107-1024x565.jpg 1024w, https:\/\/unifranz.edu.bo\/wp-content\/uploads\/2024\/07\/Picsart_24-07-18_17-32-13-107-300x166.jpg 300w, https:\/\/unifranz.edu.bo\/wp-content\/uploads\/2024\/07\/Picsart_24-07-18_17-32-13-107-768x424.jpg 768w, https:\/\/unifranz.edu.bo\/wp-content\/uploads\/2024\/07\/Picsart_24-07-18_17-32-13-107-1536x848.jpg 1536w, https:\/\/unifranz.edu.bo\/wp-content\/uploads\/2024\/07\/Picsart_24-07-18_17-32-13-107-18x10.jpg 18w, https:\/\/unifranz.edu.bo\/wp-content\/uploads\/2024\/07\/Picsart_24-07-18_17-32-13-107.jpg 1956w\" sizes=\"auto, (max-width: 1024px) 100vw, 1024px\" \/><\/p>\n<p><span style=\"color: #000000;\">El Distrito Municipal 6 de Santa Cruz de la Sierra fue el territorio seleccionado por los estudiantes para ejecutar el proyecto, debido a que en esta zona de la ciudad se pueden encontrar diferentes terrenos con promontorios de basura y tierra da\u00f1ada. Este distrito, tambi\u00e9n conocido como Pampa de la Isla, cuenta con m\u00e1s de 350 mil habitantes y 250 barrios en una superficie que se extiende hasta 1.700 hect\u00e1reas.<\/span><\/p>\n<p><span style=\"color: #000000;\">Mariana Soliz, madre de familia y vecina del barrio San Jorge, asegur\u00f3 que en colaboraci\u00f3n del Gobierno Municipal han realizado diferentes programas para frenar las acciones de la ciudadan\u00eda que da\u00f1an el medioambiente y que, el proyecto integrador presentado por los futuros arquitectos Unifranz fortalecer\u00e1 sus objetivos como distrito.<\/span><\/p>\n<p><span style=\"color: #000000;\">\u201cNuestro distrito tiene m\u00e1s de 60 a\u00f1os de vida y hemos progresado bastante con el trabajo y esfuerzo de cada uno de los vecinos. Me alegra ver que los estudiantes de Unifranz fortalezcan de manera acad\u00e9mica la labor que hemos realizado en la Pampa, quienes tenemos muchas \u00e1reas sin habitar y se han convertido en el dep\u00f3sito y basurero de mucha gente que no vive en nuestro distrito. Su proyecto sin duda har\u00e1 reflexionar a la poblaci\u00f3n\u201d, destac\u00f3 Soliz.<\/span><\/p>\n<p><span style=\"color: #000000;\">Unifranz, con su innovador modelo educativo y a trav\u00e9s de sus proyectos integradores y multidisciplinarios, detecta diferentes problem\u00e1ticas sociales y pone a sus estudiantes \u2014guiados por docentes expertos en el tema\u2014 a encontrar soluciones a problemas reales. El objetivo es que los futuros profesionales empiecen a trabajar con un enfoque que aporte a la sociedad.<\/span><\/p>\n<p><img loading=\"lazy\" decoding=\"async\" class=\"alignnone wp-image-347656 size-large\" src=\"https:\/\/unifranz.edu.bo\/wp-content\/uploads\/2024\/07\/Screenshot_20240718-173256_Samsung-Notes-807x1024.jpg\" alt=\"\" width=\"807\" height=\"1024\" srcset=\"https:\/\/unifranz.edu.bo\/wp-content\/uploads\/2024\/07\/Screenshot_20240718-173256_Samsung-Notes-807x1024.jpg 807w, https:\/\/unifranz.edu.bo\/wp-content\/uploads\/2024\/07\/Screenshot_20240718-173256_Samsung-Notes-236x300.jpg 236w, https:\/\/unifranz.edu.bo\/wp-content\/uploads\/2024\/07\/Screenshot_20240718-173256_Samsung-Notes-768x975.jpg 768w, https:\/\/unifranz.edu.bo\/wp-content\/uploads\/2024\/07\/Screenshot_20240718-173256_Samsung-Notes-9x12.jpg 9w, https:\/\/unifranz.edu.bo\/wp-content\/uploads\/2024\/07\/Screenshot_20240718-173256_Samsung-Notes.jpg 1080w\" sizes=\"auto, (max-width: 807px) 100vw, 807px\" \/><\/p>\n<p><span style=\"color: #000000;\"><strong>Arquitectura con prop\u00f3sito<\/strong><\/span><\/p>\n<p><span style=\"color: #000000;\">Relacionar la Arquitectura con proyectos que ayuden a la sociedad y al planeta en general es uno de los motivos por los que Antonella decidi\u00f3 estudiar Arquitectura. Resalt\u00f3 que durante el tiempo que lleva en la universidad, ha descubierto un panorama m\u00e1s amplio para desenvolverse en su profesi\u00f3n combinando su crecimiento profesional y personal, y siendo parte de proyectos con prop\u00f3sitos de bien com\u00fan.<\/span><\/p>\n<p><span style=\"color: #000000;\">\u201cAhora que conozco m\u00e1s de mi carrera, me siento orgullosa de ayudar al planeta en el que vivimos desde la Arquitectura. Podemos dise\u00f1ar, crear e innovar, pero tambi\u00e9n podemos ir m\u00e1s all\u00e1 generando reflexiones que nos ayuden a crecer como seres humanos\u201d, manifest\u00f3 la futura arquitecta.<\/span><\/p>\n<p><span style=\"color: #000000;\">El trabajo de investigaci\u00f3n, ejecuci\u00f3n y publicaci\u00f3n se lo realiz\u00f3 durante el quinto semestre de la carrera en el marco de la materia Proyecto Integrador Intermedio I y fue presentado en una feria abierta al p\u00fablico en instalaciones de la universidad. \u201cEl objetivo de que sea una muestra para todo el p\u00fablico fue que ellos sean parte de la reflexi\u00f3n y se unan al prop\u00f3sito de cuidar el planeta en el que vivimos\u201d, concluy\u00f3 Santill\u00e1n.<\/span><\/p>\n<p><span style=\"color: #000000;\">Encuentra m\u00e1s informaci\u00f3n de la carrera de Arquitectura y m\u00e1s proyectos que est\u00e1n revolucionando la realidad, ingresa al siguiente enlace:<\/span> <a href=\"https:\/\/ux.unifranz.edu.bo\/arquitectura\">https:\/\/ux.unifranz.edu.bo\/arquitectura<\/a><\/p>\n<p>&nbsp;<\/p>","protected":false},"excerpt":{"rendered":"<p>La destrucci\u00f3n de la capa de ozono, la contaminaci\u00f3n y la quema indiscriminada son algunas de las acciones del ser humano que da\u00f1an el planeta. Con el objetivo de generar una reflexi\u00f3n y concientizar a la sociedad, estudiantes de la carrera de Arquitectura de la Universidad Franz Tamayo, Unifranz realizaron un proyecto integrador de distopias &hellip; <a href=\"https:\/\/unifranz.edu.bo\/pt\/blog\/vivir-en-medio-de-basura-y-contaminacion-un-futuro-no-muy-lejano-que-estudiantes-unifranz-intentan-prevenir\/\">Continued<\/a><\/p>","protected":false},"author":33,"featured_media":347654,"comment_status":"open","ping_status":"open","sticky":false,"template":"","format":"standard","meta":{"_acf_changed":false,"footnotes":""},"categories":[1884,60,1784,6096],"tags":[428,9228,9230,210,1650,9232,1596],"class_list":["post-347653","post","type-post","status-publish","format-standard","has-post-thumbnail","hentry","category-arquitectura","category-blog","category-santa-cruz-es","category-sostenibilidad","tag-arquitectura","tag-distopia","tag-distrito-6","tag-innovacion","tag-mejores-universidades-de-bolivia","tag-pampa-de-la-isla","tag-proyectos-integradores"],"acf":[],"_links":{"self":[{"href":"https:\/\/unifranz.edu.bo\/pt\/wp-json\/wp\/v2\/posts\/347653","targetHints":{"allow":["GET"]}}],"collection":[{"href":"https:\/\/unifranz.edu.bo\/pt\/wp-json\/wp\/v2\/posts"}],"about":[{"href":"https:\/\/unifranz.edu.bo\/pt\/wp-json\/wp\/v2\/types\/post"}],"author":[{"embeddable":true,"href":"https:\/\/unifranz.edu.bo\/pt\/wp-json\/wp\/v2\/users\/33"}],"replies":[{"embeddable":true,"href":"https:\/\/unifranz.edu.bo\/pt\/wp-json\/wp\/v2\/comments?post=347653"}],"version-history":[{"count":1,"href":"https:\/\/unifranz.edu.bo\/pt\/wp-json\/wp\/v2\/posts\/347653\/revisions"}],"predecessor-version":[{"id":347657,"href":"https:\/\/unifranz.edu.bo\/pt\/wp-json\/wp\/v2\/posts\/347653\/revisions\/347657"}],"wp:featuredmedia":[{"embeddable":true,"href":"https:\/\/unifranz.edu.bo\/pt\/wp-json\/wp\/v2\/media\/347654"}],"wp:attachment":[{"href":"https:\/\/unifranz.edu.bo\/pt\/wp-json\/wp\/v2\/media?parent=347653"}],"wp:term":[{"taxonomy":"category","embeddable":true,"href":"https:\/\/unifranz.edu.bo\/pt\/wp-json\/wp\/v2\/categories?post=347653"},{"taxonomy":"post_tag","embeddable":true,"href":"https:\/\/unifranz.edu.bo\/pt\/wp-json\/wp\/v2\/tags?post=347653"}],"curies":[{"name":"wp","href":"https:\/\/api.w.org\/{rel}","templated":true}]}}