{"id":345055,"date":"2024-07-15T18:23:30","date_gmt":"2024-07-15T22:23:30","guid":{"rendered":"https:\/\/unifranz.edu.bo\/?p=345055"},"modified":"2024-07-15T18:23:30","modified_gmt":"2024-07-15T22:23:30","slug":"81-mujeres-asesinadas-en-2023-estudiantes-unifranz-trabajan-en-medidas-de-prevencion","status":"publish","type":"post","link":"https:\/\/unifranz.edu.bo\/pt\/blog\/81-mujeres-asesinadas-en-2023-estudiantes-unifranz-trabajan-en-medidas-de-prevencion\/","title":{"rendered":"81 mujeres asesinadas en 2023, estudiantes Unifranz trabajan en medidas de prevenci\u00f3n"},"content":{"rendered":"<p><span style=\"color: #000000;\">Hasta el 31 de diciembre del 2023 la Fiscal\u00eda General del Estado report\u00f3 81 casos de feminicidio en Bolivia, este dato impuls\u00f3 a estudiantes de la Universidad Franz Tamayo, Unifranz a ejecutar una investigaci\u00f3n que identifique los indicadores de reincidencia de violencia y a generar propuestas de pol\u00edticas de prevenci\u00f3n que detengan el incremento de estas cifras.<\/span><\/p>\n<p><span style=\"color: #000000;\">\u201cEl trabajo que realizamos analiza c\u00f3mo los agresores perciben la Ley 348 y qu\u00e9 factores influyen en su comportamiento reincidente. Con los resultados obtenidos, se pueden dise\u00f1ar programas de rehabilitaci\u00f3n y prevenci\u00f3n que respondan a las necesidades reales de la sociedad\u201d, se\u00f1al\u00f3 la estudiante de Psicolog\u00eda Melissa Meyuy.<\/span><\/p>\n<p><span style=\"color: #000000;\">La mayor incidencia de feminicidios se encuentra en el departamento de La Paz con 23 casos, luego est\u00e1 Santa Cruz con 20, Cochabamba 12, Potos\u00ed 9, Beni 6, Tarija 4, Oruro 3, Chuquisaca 3 y Pando 1; revela el informe presentado por el fiscal general del Estado, Juan Lanchipa.<\/span><\/p>\n<p><span style=\"color: #000000;\">\u201cLa Ley 348 tiene el objetivo de garantizar a las mujeres una vida libre de violencia. Es por ello que decidimos ejecutar esta investigaci\u00f3n en el Centro de Rehabilitaci\u00f3n Santa Cruz Palmasola, donde trabajamos con 167 internos que confiaron en nosotros y respondieron a las preguntas que nos permitieron obtener informaci\u00f3n muy valiosa que podr\u00e1 ser utilizada por las autoridades competentes para reforzar las pol\u00edticas que ya existen o crear nuevas\u201d, enfatiz\u00f3 la futura profesional.<\/span><\/p>\n<p><span style=\"color: #000000;\">Unifranz, con su innovador modelo educativo y a trav\u00e9s de sus proyectos integradores y multidisciplinarios, detecta diferentes problem\u00e1ticas sociales y pone a sus estudiantes \u2014guiados por docentes expertos en el tema\u2014 a encontrar soluciones a problemas reales. El objetivo es que los futuros profesionales empiecen a trabajar con un enfoque que aporte a la sociedad.<\/span><\/p>\n<p><img loading=\"lazy\" decoding=\"async\" class=\"wp-image-345063 size-large\" src=\"https:\/\/unifranz.edu.bo\/wp-content\/uploads\/2024\/07\/Picsart_24-07-15_18-03-31-677-1024x529.jpg\" alt=\"\" width=\"1024\" height=\"529\" srcset=\"https:\/\/unifranz.edu.bo\/wp-content\/uploads\/2024\/07\/Picsart_24-07-15_18-03-31-677-1024x529.jpg 1024w, https:\/\/unifranz.edu.bo\/wp-content\/uploads\/2024\/07\/Picsart_24-07-15_18-03-31-677-300x155.jpg 300w, https:\/\/unifranz.edu.bo\/wp-content\/uploads\/2024\/07\/Picsart_24-07-15_18-03-31-677-768x397.jpg 768w, https:\/\/unifranz.edu.bo\/wp-content\/uploads\/2024\/07\/Picsart_24-07-15_18-03-31-677-1536x793.jpg 1536w, https:\/\/unifranz.edu.bo\/wp-content\/uploads\/2024\/07\/Picsart_24-07-15_18-03-31-677-2048x1058.jpg 2048w, https:\/\/unifranz.edu.bo\/wp-content\/uploads\/2024\/07\/Picsart_24-07-15_18-03-31-677-18x9.jpg 18w\" sizes=\"auto, (max-width: 1024px) 100vw, 1024px\" \/><\/p>\n<p><span style=\"color: #000000;\"><strong>Resultados obtenidos<\/strong><\/span><\/p>\n<p><span style=\"color: #000000;\">Un alto porcentaje de los encuestados report\u00f3 celos intensos o conductas controladoras como motivo principal que los llev\u00f3 a cometer la violencia hacia sus parejas. Aseguraron que la desconfianza progresiva en su relaci\u00f3n los hace perder el control y desatar la ira.<\/span><\/p>\n<p><span style=\"color: #000000;\">El consumo abusivo de sustancias se identifica como otro de los factores de riesgo significativo para la violencia y otros problemas sociales. El 73% de los encuestados indic\u00f3 encontrarse en situaci\u00f3n de consumo excesivo de alcohol y\/o drogas al momento de tener conductas violentas: \u201ceste dato subraya la necesidad de abordar las adicciones como un problema de salud p\u00fablica y de seguridad\u201d, afirm\u00f3 la joven investigadora.<\/span><\/p>\n<p><span style=\"color: #000000;\">Se detect\u00f3 una notable falta de conocimiento sobre la ley 348, que indica una necesidad urgente de campa\u00f1as informativas y educativas. Asimismo, existe la percepci\u00f3n dividida respecto a la aplicaci\u00f3n de la ley para ambos g\u00e9neros que sugiere la necesidad de una mayor sensibilizaci\u00f3n y educaci\u00f3n sobre la equidad de g\u00e9nero en la legislaci\u00f3n.<\/span><\/p>\n<p><span style=\"color: #000000;\">El 56% de los encuestados report\u00f3 intentos por parte de la pareja de retirar las denuncias o la decisi\u00f3n de abandonar denuncias anteriores. Afirmaron que su pareja se encontraba en estado de vulnerabilidad o depend\u00eda \u00fanicamente de ellos, factores que perpet\u00faan el ciclo de violencia y dificultan la salida de la situaci\u00f3n abusiva.<\/span><\/p>\n<p><span style=\"color: #000000;\">\u201cA pesar de los esfuerzos legislativos y de pol\u00edticas p\u00fablicas, la reincidencia de estos actos pone de manifiesto la necesidad de revisar y mejorar las estrategias actuales. La relevancia de este estudio radica en la necesidad de comprender las dimensiones subjetivas y objetivas de la violencia de g\u00e9nero en el contexto boliviano. La percepci\u00f3n de la ley por parte de los agresores puede ofrecer insights valiosos sobre su comportamiento y disposici\u00f3n a reincidir, as\u00ed como sobre la efectividad de las medidas rehabilitadoras\u201d, destac\u00f3 la futura psic\u00f3loga.<\/span><\/p>\n<figure id=\"attachment_345064\" aria-describedby=\"caption-attachment-345064\" style=\"width: 1024px\" class=\"wp-caption alignnone\"><img loading=\"lazy\" decoding=\"async\" class=\"wp-image-345064 size-large\" src=\"https:\/\/unifranz.edu.bo\/wp-content\/uploads\/2024\/07\/Picsart_24-07-15_18-04-19-172-1024x529.jpg\" alt=\"\" width=\"1024\" height=\"529\" srcset=\"https:\/\/unifranz.edu.bo\/wp-content\/uploads\/2024\/07\/Picsart_24-07-15_18-04-19-172-1024x529.jpg 1024w, https:\/\/unifranz.edu.bo\/wp-content\/uploads\/2024\/07\/Picsart_24-07-15_18-04-19-172-300x155.jpg 300w, https:\/\/unifranz.edu.bo\/wp-content\/uploads\/2024\/07\/Picsart_24-07-15_18-04-19-172-768x397.jpg 768w, https:\/\/unifranz.edu.bo\/wp-content\/uploads\/2024\/07\/Picsart_24-07-15_18-04-19-172-1536x793.jpg 1536w, https:\/\/unifranz.edu.bo\/wp-content\/uploads\/2024\/07\/Picsart_24-07-15_18-04-19-172-2048x1058.jpg 2048w, https:\/\/unifranz.edu.bo\/wp-content\/uploads\/2024\/07\/Picsart_24-07-15_18-04-19-172-18x9.jpg 18w\" sizes=\"auto, (max-width: 1024px) 100vw, 1024px\" \/><figcaption id=\"caption-attachment-345064\" class=\"wp-caption-text\">\u00a0<\/figcaption><\/figure>\n<p><span style=\"color: #000000;\"><strong>Sugerencias desde la academia<\/strong><\/span><\/p>\n<p><span style=\"color: #000000;\">Con el objetivo de construir una sociedad m\u00e1s justa, equitativa y definir conceptos que indiquen hasta qu\u00e9 punto una pareja puede tener discusi\u00f3n sin violencia, los l\u00edderes de la investigaci\u00f3n sugirieron las siguientes recomendaciones:<\/span><\/p>\n<ul>\n<li><span style=\"color: #000000;\">Supervisi\u00f3n del ejercicio de profesionales, como ser abogados, fiscales, jueces, polic\u00edas e inclusos psic\u00f3logos o cualquier otro profesional que trate con esta poblaci\u00f3n tanto como v\u00edctima, como agresor.<\/span><\/li>\n<li><span style=\"color: #000000;\">Solicitar los informes psicol\u00f3gicos dentro del tiempo correspondiente, esto puede dar viabilidad de los procesos por violencia de g\u00e9nero y\/o dom\u00e9stica, y proporcionar un mejor ambiente a los internos del penal.<\/span><\/li>\n<li><span style=\"color: #000000;\">Proporcionar programas de terapia de pareja y familiar (plan de orientaci\u00f3n familiar) como medida previa al proceso judicial para intentar dar soluciones y educaci\u00f3n a problemas que no sean de gran magnitud, esto a su vez puede fortalecer las relaciones y habilidades de comunicaci\u00f3n en la familia. Se recomienda que estas orientaciones se brinden a todas las parejas sin importar el tiempo de casado que lleven.<\/span><\/li>\n<li><span style=\"color: #000000;\">Fortalecer la fiscalizaci\u00f3n de las denuncias por violencia de g\u00e9nero y\/o dom\u00e9stica, para evitar un abuso de la ley como forma de violencia institucional.<\/span><\/li>\n<li><span style=\"color: #000000;\">Evaluar los casos de infidelidad, y proponer una ley que lo regule y penalice, ya que seg\u00fan estudios realizados son una forma de violencia que golpea en su peor forma a hombre y mujeres, pero esencialmente a hombre, quienes pierden la cabeza por este motivo.<\/span><\/li>\n<li><span style=\"color: #000000;\">Tratamiento psicol\u00f3gico para los celos, sin necesidad de que este requiera ser patol\u00f3gico para ser intervenido.<\/span><\/li>\n<li><span style=\"color: #000000;\">Que a los abogados de oficios no se les permita cambiar cada rato de caso.<\/span><\/li>\n<\/ul>\n<p><span style=\"color: #000000;\">\u201cConsidero que hay mucho m\u00e1s por hacer, los resultados han sido realmente valiosos para dar continuidad al trabajo que ya se viene realizando en semestres pasados, pero hay algo muy importante a la hora de trabajar tanto para los investigadores, abogados, fiscales, polic\u00edas y todos los profesionales que se involucren en el penal, no debemos olvidar el prop\u00f3sito y siempre hacer lo mejor posible pensando en el bien com\u00fan\u201d, inst\u00f3 Meyuy.<\/span><\/p>\n<p><span style=\"color: #000000;\">Si quiere conocer m\u00e1s de la carrera de Psicolog\u00eda y ser parte de proyectos que aportan a la sociedad, ingrese al siguiente enlace:<\/span> <a href=\"https:\/\/ux.unifranz.edu.bo\/psicologia\">https:\/\/ux.unifranz.edu.bo\/psicologia<\/a><\/p>\n<p>&nbsp;<\/p>","protected":false},"excerpt":{"rendered":"<p>Hasta el 31 de diciembre del 2023 la Fiscal\u00eda General del Estado report\u00f3 81 casos de feminicidio en Bolivia, este dato impuls\u00f3 a estudiantes de la Universidad Franz Tamayo, Unifranz a ejecutar una investigaci\u00f3n que identifique los indicadores de reincidencia de violencia y a generar propuestas de pol\u00edticas de prevenci\u00f3n que detengan el incremento de &hellip; <a href=\"https:\/\/unifranz.edu.bo\/pt\/blog\/81-mujeres-asesinadas-en-2023-estudiantes-unifranz-trabajan-en-medidas-de-prevencion\/\">Continued<\/a><\/p>","protected":false},"author":33,"featured_media":345062,"comment_status":"open","ping_status":"open","sticky":false,"template":"","format":"standard","meta":{"_acf_changed":false,"footnotes":""},"categories":[60,1968,6523,2194],"tags":[6979,9194,1348,9188,1070,9196,1650,1036,6975,9190,1346,9192],"class_list":["post-345055","post","type-post","status-publish","format-standard","has-post-thumbnail","hentry","category-blog","category-mujer","category-mujeres","category-psicologia","tag-carcel-de-palmasola","tag-derechos-de-la-mujer","tag-feminicidios","tag-feminicidios-en-bolivia","tag-ley-348","tag-ley-438-en-bolivia","tag-mejores-universidades-de-bolivia","tag-mujeres","tag-palmasola","tag-violencia-contra-la-mujer","tag-violencia-de-genero","tag-violencia-domestica"],"acf":[],"_links":{"self":[{"href":"https:\/\/unifranz.edu.bo\/pt\/wp-json\/wp\/v2\/posts\/345055","targetHints":{"allow":["GET"]}}],"collection":[{"href":"https:\/\/unifranz.edu.bo\/pt\/wp-json\/wp\/v2\/posts"}],"about":[{"href":"https:\/\/unifranz.edu.bo\/pt\/wp-json\/wp\/v2\/types\/post"}],"author":[{"embeddable":true,"href":"https:\/\/unifranz.edu.bo\/pt\/wp-json\/wp\/v2\/users\/33"}],"replies":[{"embeddable":true,"href":"https:\/\/unifranz.edu.bo\/pt\/wp-json\/wp\/v2\/comments?post=345055"}],"version-history":[{"count":1,"href":"https:\/\/unifranz.edu.bo\/pt\/wp-json\/wp\/v2\/posts\/345055\/revisions"}],"predecessor-version":[{"id":345066,"href":"https:\/\/unifranz.edu.bo\/pt\/wp-json\/wp\/v2\/posts\/345055\/revisions\/345066"}],"wp:featuredmedia":[{"embeddable":true,"href":"https:\/\/unifranz.edu.bo\/pt\/wp-json\/wp\/v2\/media\/345062"}],"wp:attachment":[{"href":"https:\/\/unifranz.edu.bo\/pt\/wp-json\/wp\/v2\/media?parent=345055"}],"wp:term":[{"taxonomy":"category","embeddable":true,"href":"https:\/\/unifranz.edu.bo\/pt\/wp-json\/wp\/v2\/categories?post=345055"},{"taxonomy":"post_tag","embeddable":true,"href":"https:\/\/unifranz.edu.bo\/pt\/wp-json\/wp\/v2\/tags?post=345055"}],"curies":[{"name":"wp","href":"https:\/\/api.w.org\/{rel}","templated":true}]}}