{"id":341469,"date":"2024-07-12T22:58:50","date_gmt":"2024-07-13T02:58:50","guid":{"rendered":"https:\/\/unifranz.edu.bo\/?p=341469"},"modified":"2024-07-12T23:08:37","modified_gmt":"2024-07-13T03:08:37","slug":"tdex-unifranz-historias-que-inspiran-y-transforman-vidas","status":"publish","type":"post","link":"https:\/\/unifranz.edu.bo\/pt\/blog\/tdex-unifranz-historias-que-inspiran-y-transforman-vidas\/","title":{"rendered":"TDEX Unifranz, un espacio para compartir historias que inspiran y transforman vidas"},"content":{"rendered":"<p><span style=\"color: #000000;\">Por Lily Zurita<\/span><\/p>\n<p><span style=\"color: #000000;\">En cada rinc\u00f3n del mundo hay historias por contar, sue\u00f1os por realizar y vidas por transformar. Cada voz tiene el poder de impactar, cada historia el poder de inspirar y cada idea el poder de transformar.<\/span><\/p>\n<p><span style=\"color: #000000;\">Con esa convicci\u00f3n, la Universidad Franz Tamayo impulsa el TEDx Unifranz, un espacio de encuentro, reflexi\u00f3n, motivaci\u00f3n e inspiraci\u00f3n, abierto a todos los j\u00f3venes que tengan ideas e historias que transformen vidas. En su versi\u00f3n 2024, abre su etapa de postulaci\u00f3n de <em>speakers <\/em>hasta este 26 de julio en el enlace\u00a0<a href=\"https:\/\/tedx.unifranz.edu.bo\/\">https:\/\/tedx.unifranz.edu.bo\/<\/a> \u00a0<\/span><\/p>\n<p><span style=\"color: #000000;\">La universidad tiene un firme compromiso con la transformaci\u00f3n de la educaci\u00f3n en Bolivia, porque \u00e9sta es clave para el desarrollo individual y colectivo de la sociedad, asegura la coordinadora nacional de eventos internacionales de Unifranz, Laura Poveda.\u00a0<\/span><\/p>\n<p><span style=\"color: #000000;\">\u201cEl TEDx Unifranz es una de las iniciativas que nos permite cumplir con este compromiso. Este evento anual re\u00fane a j\u00f3venes talentos, pensadores innovadores y l\u00edderes inspiradores para compartir sus ideas y experiencias con la comunidad universitaria\u201d, indica.<\/span><\/p>\n<p><span style=\"color: #000000;\">Existen tres maneras de ser parte del TEDx Unifranz: La primera es como <strong>speaker<\/strong>, compartiendo grandes ideas con el mundo y transformando la vida de los dem\u00e1s. \u201cPor eso, si tienes una historia inspiradora, un conocimiento valioso o una perspectiva \u00fanica, post\u00falate como speaker TEDx, completando la convocatoria que se encuentra en la p\u00e1gina web del evento\u201d, se\u00f1ala Poveda.<\/span><\/p>\n<p><span style=\"color: #000000;\">Tambi\u00e9n se puede participar como <strong>voluntario<\/strong>, contribuyendo a la organizaci\u00f3n y desarrollo del evento, o como <strong>p\u00fablico<\/strong>, donde los participantes podr\u00e1n conectar con ideas transformadoras y disfrutar de charlas TEDx din\u00e1micas y llenas de contenido, participar en debates y networking con personas afines, y expandir su visi\u00f3n del mundo.\u00a0\u00a0\u00a0<\/span><\/p>\n<p><iframe loading=\"lazy\" title=\"YouTube video player\" src=\"https:\/\/www.youtube.com\/embed\/3qceIp30KjA?si=qH8LiFPwk8zQj-Fw\" width=\"560\" height=\"315\" frameborder=\"0\" allowfullscreen=\"allowfullscreen\"><\/iframe><\/p>\n<p><span style=\"color: #000000;\"><strong>Historias que inspiran y transforman vidas <\/strong><\/span><\/p>\n<p><span style=\"color: #000000;\">En Bolivia, un pa\u00eds lleno de riqueza cultural y biodiversidad, la necesidad de ideas innovadoras e inspiradoras, hoy, es m\u00e1s apremiante que nunca. Estas ideas no solo tienen el potencial de transformar la realidad local, sino tambi\u00e9n de generar un impacto positivo a nivel global.<\/span><\/p>\n<p><span style=\"color: #000000;\">El TDEx Unifranz es el escenario ideal para que j\u00f3venes l\u00edderes, emprendedores, deportistas y artistas con ideas que valen la pena difundir y emular, compartan sus experiencias e inspiren a otros j\u00f3venes que quieren innovar y sobresalir en este mundo tan competitivo y desafiante.<\/span><\/p>\n<p><span style=\"color: #000000;\">Es el caso de Bruno Rojas Da Silva, el atleta m\u00e1s veloz de la historia de Bolivia y testimonio de perseverancia y dedicaci\u00f3n que ha dejado una huella indeleble en el mundo del atletismo, gracias a su participaci\u00f3n en el Campeonato Mundial Juvenil de Atletismo en Italia, en los Juegos Ol\u00edmpicos Juveniles de Singapur (2010) o en el Campeonato Sudamericano de Atletismo donde estableci\u00f3 el r\u00e9cord nacional absoluto en 100 metros planos.<\/span><\/p>\n<p><span style=\"color: #000000;\">\u201cEmpec\u00e9 a correr cuando son\u00f3 el disparo, no recuerdo mucho lo que sucedi\u00f3, pero cuando cruc\u00e9 la meta vi en los rostros de mis compa\u00f1eros, felicidad. Ese d\u00eda entend\u00ed que \u00e9se era mi camino\u201d, coment\u00f3 Rojas, durante una charla inspiradora del TEDx Unifranz.\u00a0<\/span><\/p>\n<p><span style=\"color: #000000;\">Hace pocas semanas, su perseverancia lo llev\u00f3 a graduarse como m\u00e9dico cirujano de Unifranz. Ahora, con nuevos objetivos trazados, sigue persiguiendo sus sue\u00f1os con la misma pasi\u00f3n que lo caracteriza.<\/span><\/p>\n<p><span style=\"color: #000000;\">\u201cBusquen siempre ser su mejor versi\u00f3n: sean honestos, disciplinados, perseverantes y resilientes, crean en ustedes mismos y en el \u00e9xito que llegar\u00e1\u201d, reflexiona el deportista y flamante m\u00e9dico.<\/span><\/p>\n<p><span style=\"color: #000000;\"><strong>El teatro le abri\u00f3 las puertas al cine<\/strong><\/span><\/p>\n<p><span style=\"color: #000000;\">La historia de Santos Choque, un joven alte\u00f1o, trabajador, estudiante de Administraci\u00f3n de Empresas en Unifranz, es clara muestra de que entre la tierra y el cielo hay un \u2018sue\u00f1o\u2019 de distancia, porque su vida cambi\u00f3, repentinamente, a partir de su incursi\u00f3n en el teatro.<\/span><\/p>\n<p><span style=\"color: #000000;\">\u201cPens\u00e9 dos veces antes de ir a esas clases (de teatro) porque yo dec\u00eda, voy a actuar en el escenario, no es f\u00e1cil, pero tengo que salir de mi zona de confort\u201d, dijo Santos en el TEDx Unifranz.<\/span><\/p>\n<p><span style=\"color: #000000;\">Santos gan\u00f3 varios premios por su participaci\u00f3n en la pel\u00edcula Utama. \u201cMarcos (Loayza) me ve y dice: \u00e9l va a ser el \u2018Karas\u2019 y as\u00ed es como consigo mi primer papel en el mundo del cine\u201d, afirma Santos al relatar su primera experiencia en la pel\u00edcula Averno, donde conoci\u00f3 a Alejandro Loayza, director de Utama, que lo llevar\u00eda a m\u00faltiples premios, como el de Mejor Actor de Reparto en el Festival Internacional de Cine en Beij\u00edn, China.<\/span><\/p>\n<p><span style=\"color: #000000;\"><strong>Una emprendedora que da valor a la chatarra<\/strong><\/span><\/p>\n<p><span style=\"color: #000000;\">Si algo caracteriza al TEDx Unifranz es que re\u00fane a j\u00f3venes disruptivos para que compartan sus historias de \u00e9xito. Gabriela Acarapi, una emprendedora que le da valor a la chatarra, tambi\u00e9n es fuente de inspiraci\u00f3n para los j\u00f3venes bolivianos.<\/span><\/p>\n<p><span style=\"color: #000000;\">La emprendedora se\u00f1ala que su empresa especializada en cerrajer\u00eda la construy\u00f3 con dedicaci\u00f3n, mucho esfuerzo y el apoyo de su familia. Una idea innovadora la llev\u00f3 a la metalmec\u00e1nica, una tarea poco tradicional para las mujeres y casi dominada por varones.<\/span><\/p>\n<p><span style=\"color: #000000;\">\u201cAl principio fue muy complicado entrar al mercado, no conoc\u00edan el producto, no lo probaron, pero una vez que ya est\u00e1 ah\u00ed tiene bastante demanda, hemos tenido una muy buena aceptaci\u00f3n a nuestro producto\u201d, se\u00f1ala.<\/span><\/p>\n<p><span style=\"color: #000000;\">Acarapi transforma la chatarra de aluminio en finos objetos de cerrajer\u00eda. Su idea innovadora gan\u00f3 m\u00faltiples incentivos, como el Programa Nacional de Incubaci\u00f3n \u201cImpulsamos Bolivia\u201d, liderado por el Instituto de la Mujer &amp; Empresa \u2013 IME, Act\u00edvate Sucre y EmprendeBo.<\/span><\/p>\n<p><span style=\"color: #000000;\">\u00a0\u201cMi motivaci\u00f3n fue volver mi emprendimiento en una empresa, viendo toda la experiencia que he adquirido en empresas, trabajando, viendo c\u00f3mo funciona, me ha motivado a\u00fan m\u00e1s para seguir\u201d, afirma la joven empresaria.<\/span><\/p>\n<p><span style=\"color: #000000;\">El TEDx es un evento organizado de forma independiente por Unifranz, bajo la licencia de TED. Busca difundir \u00abideas que valen la pena compartir\u00bb en la comunidad de j\u00f3venes innovadores, emprendedores y l\u00edderes de diversos sectores.<\/span><\/p>\n<p><span style=\"color: #000000;\">Las charlas son breves y din\u00e1micas, \u201cpero ricas en contenido\u201d, dice Poveda, a tiempo de destacar que se trata de un espacio innovador, transformador e inspirador para los j\u00f3venes porque los motiva a pensar de manera cr\u00edtica y creativa, adem\u00e1s de fomentar el intercambio de ideas y el debate constructivo, y visibilizar el talento y el potencial que existe en Bolivia.<\/span><\/p>\n<p><span style=\"color: #000000;\">\u201cEn Bolivia, este evento ha tenido un impacto significativo, inspirando a personas de diversos sectores a compartir sus ideas y contribuir en la construcci\u00f3n de una sociedad m\u00e1s innovadora y creativa, fomentando la cultura de la innovaci\u00f3n y el emprendimiento, inspirando a muchos bolivianos a desarrollar sus ideas y crear nuevos negocios, contribuyendo al crecimiento econ\u00f3mico del pa\u00eds\u201d, indica Poveda.<\/span><\/p>\n<p><span style=\"color: #000000;\">Con iniciativas como el TEDx Unifranz, el pa\u00eds demuestra que las ideas innovadoras no son exclusivas de los pa\u00edses desarrollados. Desde la educaci\u00f3n hasta el deporte o el arte, las ideas innovadoras est\u00e1n marcando un camino hacia un futuro m\u00e1s brillante y sostenible, mostrando que el verdadero poder de una idea radica en su capacidad de inspirar y transformar vidas.<\/span><\/p>","protected":false},"excerpt":{"rendered":"<p>Por Lily Zurita En cada rinc\u00f3n del mundo hay historias por contar, sue\u00f1os por realizar y vidas por transformar. Cada voz tiene el poder de impactar, cada historia el poder de inspirar y cada idea el poder de transformar. Con esa convicci\u00f3n, la Universidad Franz Tamayo impulsa el TEDx Unifranz, un espacio de encuentro, reflexi\u00f3n, &hellip; <a href=\"https:\/\/unifranz.edu.bo\/pt\/blog\/tdex-unifranz-historias-que-inspiran-y-transforman-vidas\/\">Continued<\/a><\/p>","protected":false},"author":45,"featured_media":341477,"comment_status":"open","ping_status":"open","sticky":false,"template":"","format":"standard","meta":{"_acf_changed":false,"footnotes":""},"categories":[60,1862,2388,2442,5136,1782],"tags":[5230,9164,1422,164,9166,1800,4142,242],"class_list":["post-341469","post","type-post","status-publish","format-standard","has-post-thumbnail","hentry","category-blog","category-educacion","category-jovenes","category-tedx-es","category-tedx-unifranz","category-unifranz","tag-historias-que-inspiran","tag-historias-que-valen-la-pena-contar","tag-innovacion-en-educacion","tag-jovenes","tag-lideeres","tag-tedx-es","tag-tedx-unifranz","tag-unifranz"],"acf":[],"_links":{"self":[{"href":"https:\/\/unifranz.edu.bo\/pt\/wp-json\/wp\/v2\/posts\/341469","targetHints":{"allow":["GET"]}}],"collection":[{"href":"https:\/\/unifranz.edu.bo\/pt\/wp-json\/wp\/v2\/posts"}],"about":[{"href":"https:\/\/unifranz.edu.bo\/pt\/wp-json\/wp\/v2\/types\/post"}],"author":[{"embeddable":true,"href":"https:\/\/unifranz.edu.bo\/pt\/wp-json\/wp\/v2\/users\/45"}],"replies":[{"embeddable":true,"href":"https:\/\/unifranz.edu.bo\/pt\/wp-json\/wp\/v2\/comments?post=341469"}],"version-history":[{"count":2,"href":"https:\/\/unifranz.edu.bo\/pt\/wp-json\/wp\/v2\/posts\/341469\/revisions"}],"predecessor-version":[{"id":341478,"href":"https:\/\/unifranz.edu.bo\/pt\/wp-json\/wp\/v2\/posts\/341469\/revisions\/341478"}],"wp:featuredmedia":[{"embeddable":true,"href":"https:\/\/unifranz.edu.bo\/pt\/wp-json\/wp\/v2\/media\/341477"}],"wp:attachment":[{"href":"https:\/\/unifranz.edu.bo\/pt\/wp-json\/wp\/v2\/media?parent=341469"}],"wp:term":[{"taxonomy":"category","embeddable":true,"href":"https:\/\/unifranz.edu.bo\/pt\/wp-json\/wp\/v2\/categories?post=341469"},{"taxonomy":"post_tag","embeddable":true,"href":"https:\/\/unifranz.edu.bo\/pt\/wp-json\/wp\/v2\/tags?post=341469"}],"curies":[{"name":"wp","href":"https:\/\/api.w.org\/{rel}","templated":true}]}}