{"id":338849,"date":"2024-07-10T22:51:24","date_gmt":"2024-07-11T02:51:24","guid":{"rendered":"https:\/\/unifranz.edu.bo\/?p=338849"},"modified":"2024-07-10T22:51:24","modified_gmt":"2024-07-11T02:51:24","slug":"siete-conceptos-equivocados-sobre-la-depresion-que-perjudican-su-tratamiento","status":"publish","type":"post","link":"https:\/\/unifranz.edu.bo\/pt\/carreras\/siete-conceptos-equivocados-sobre-la-depresion-que-perjudican-su-tratamiento\/","title":{"rendered":"Siete conceptos equivocados sobre la depresi\u00f3n que perjudican su tratamiento"},"content":{"rendered":"<p><span style=\"color: #000000;\">Por Manuel Filomeno<\/span><\/p>\n<p><span style=\"font-weight: 400; color: #000000;\">\u201cLa depresi\u00f3n es un mal invisible, los que la sufrimos podemos camuflarnos entre la gente, ser funcionales, amorosos y hasta re\u00edr de los chistes de nuestros amigos, pero estar sufriendo por dentro, no es tristeza, no es algo que se va, es algo que permanece con nosotros, nos debilita y nos empuja hacia los m\u00e1s oscuros rincones de nuestra mente\u201d, explica Alex N\u00fa\u00f1ez (nombre convencional), un profesional de 35 a\u00f1os que sufre de depresi\u00f3n desde hace cuatro a\u00f1os.<\/span><\/p>\n<p><span style=\"font-weight: 400; color: #000000;\">Alex indica que, aunque recibe tratamiento (tanto qu\u00edmico como a trav\u00e9s de psicoterapia), no se siente \u201ccurado\u201d. \u201cProbablemente nunca est\u00e9 del todo sano, pero ahora puedo lidiar mejor con mis emociones y me mantengo estable, casi sin episodios.\u00a0<\/span><\/p>\n<p><span style=\"font-weight: 400; color: #000000;\">La Organizaci\u00f3n Panamericana de la Salud (OPS) considera la\u00a0depresi\u00f3n\u00a0como\u00a0una enfermedad com\u00fan, pero grave, que interfiere con la vida diaria y repercute en la capacidad para trabajar, dormir, estudiar, comer y disfrutar de la vida. La depresi\u00f3n es causada por una combinaci\u00f3n de factores gen\u00e9ticos, biol\u00f3gicos, ambientales y psicol\u00f3gicos.<\/span><\/p>\n<p><span style=\"font-weight: 400; color: #000000;\">La OPS advierte que m\u00e1s de 350 millones de personas de todas las edades sufren de depresi\u00f3n globalmente. En Am\u00e9rica Latina y el Caribe la padece\u00a05% de la poblaci\u00f3n adulta.<\/span><\/p>\n<p><span style=\"font-weight: 400;\"><span style=\"color: #000000;\">James Robles Pinto, director de la carrera de Psicolog\u00eda de la Universidad Franz Tamayo, Unifranz, sostiene que\u00a0la falta de atenci\u00f3n oportuna, ya sea personalmente o por parte de familiares, podr\u00eda llevar a la persona afectada a tomar decisiones fatales en su vida.\u00a0<\/span><\/span><\/p>\n<p><span style=\"font-weight: 400; color: #000000;\">\u201cEs necesario hacer un diagn\u00f3stico para ver el tipo de depresi\u00f3n, porque var\u00eda seg\u00fan la intensidad, frecuencia y tiempo (\u2026) y el abordaje es diferente en cada caso\u201d, indica.<\/span><\/p>\n<p><span style=\"font-weight: 400; color: #000000;\">Sin embargo, las se\u00f1ales de este trastorno de salud mental no siempre son claras y, adem\u00e1s, existen muchos conceptos que pueden dificultar su diagn\u00f3stico<\/span><\/p>\n<p><span style=\"font-weight: 400; color: #000000;\">Algunos de estos conceptos err\u00f3neos son:<\/span><\/p>\n<ol>\n<li><span style=\"color: #000000;\"><b> \u201cA la depresi\u00f3n hay que sac\u00e1rsela de encima\u201d<\/b><\/span><\/li>\n<\/ol>\n<p><span style=\"font-weight: 400; color: #000000;\">Muchas veces se confunde un estado emocional, como la tristeza o ansiedad, con un cuadro depresivo y viceversa. De la misma manera, muchas veces se piensa que la depresi\u00f3n es algo posible de ser \u201ccombatido\u201d mediante la voluntad.\u00a0<\/span><\/p>\n<p><span style=\"font-weight: 400; color: #000000;\">Con la intenci\u00f3n de ayudar al otro, en muchos casos se tiende a \u201canimarlo\u201d o a decirle que no le d\u00e9 importancia, o mire todo lo positivo que tiene, y eso puede resultar contraproducente.<\/span><\/p>\n<ol start=\"2\">\n<li><span style=\"color: #000000;\"><b> \u201cSi estuviese deprimido, estar\u00eda llorando o sin ganas de nada\u201d<\/b><\/span><\/li>\n<\/ol>\n<p><span style=\"font-weight: 400;\"><span style=\"color: #000000;\">La depresi\u00f3n puede manifestarse de distintas formas. Si bien la concepci\u00f3n m\u00e1s conocida es la de la persona sin ganas de hacer nada, paralizada psicol\u00f3gicamente, este trastorno tambi\u00e9n puede manifestarse a trav\u00e9s de la hiperactividad o la sobreexcitaci\u00f3n.<\/span><\/span><\/p>\n<p><span style=\"font-weight: 400; color: #000000;\">Variables como alteraciones de la capacidad cognitiva, que se manifiestan en dificultades para concentrarse, o postergar indefinidamente tareas; o tambi\u00e9n s\u00edntomas f\u00edsicos como dolores y molestias poco claras (prurito, mayor o menor sensibilidad en una zona, etc.), o estar particularmente irritable, son signos de depresi\u00f3n en ciertos casos, y en lugar de llorar, las personas discuten con todo el mundo.<\/span><\/p>\n<ol start=\"3\">\n<li><span style=\"color: #000000;\"><b> \u201cSolo las personas d\u00e9biles se deprimen\u201d<\/b><\/span><\/li>\n<\/ol>\n<p><span style=\"font-weight: 400; color: #000000;\">Un prejuicio estigmatizante, que genera verg\u00fcenza y que evita que las personas busquen ayuda.\u00a0<\/span><\/p>\n<p><span style=\"font-weight: 400; color: #000000;\">Es muy habitual que esto inclusive represente una carga para la persona sinti\u00e9ndose \u201cculpable\u201d cuando no tiene nada en su percepci\u00f3n que explique tener depresi\u00f3n, refiri\u00e9ndose en muchos casos a recursos materiales.\u00a0<\/span><\/p>\n<p><span style=\"font-weight: 400; color: #000000;\">En este trastorno influyen infinidad de factores, gen\u00e9ticos, neuroqu\u00edmicos, hormonales, enfermedades cl\u00ednicas, as\u00ed como experiencias propias o inclusive en cuadros asociados al trauma de tipo transgeneracional de los cuales uno no es \u201cculpable\u201d. Como en los casos anteriores es una enfermedad, no un defecto de car\u00e1cter.<\/span><\/p>\n<ol start=\"4\">\n<li><span style=\"color: #000000;\"><b> \u201cSi uno sigue trabajando o saliendo, eso no es depresi\u00f3n\u201d<\/b><\/span><\/li>\n<\/ol>\n<p><span style=\"font-weight: 400;\"><span style=\"color: #000000;\">La depresi\u00f3n es un espectro sintom\u00e1tico que aborda \u00e1reas cognitivas, comportamentales, emocionales, pero no necesariamente todas. Al igual que en otros cuadros psiqui\u00e1tricos los pacientes depresivos de \u201calto rendimiento o funcionamiento\u201d, pueden compensar y de esa manera, en algunos casos, alargar y agravar los s\u00edntomas que no aparecen de la manera cl\u00e1sica esperada.<\/span><\/span><\/p>\n<p><span style=\"font-weight: 400; color: #000000;\">Al mismo tiempo, vale la pena recordar que el hecho de que alguien pueda funcionar eficientemente, no significa que no est\u00e9 sufriendo.<\/span><\/p>\n<ol start=\"5\">\n<li><span style=\"color: #000000;\"><b> Los antidepresivos son pastillas que cambian la personalidad<\/b><\/span><\/li>\n<\/ol>\n<p><span style=\"font-weight: 400; color: #000000;\">El antidepresivo es un recurso muy \u00fatil en aquellos casos en que ha sido bien administrado y adecuado a cada caso particular, pero no cambia la personalidad, el temperamento u otra caracter\u00edstica.<\/span><\/p>\n<p><span style=\"font-weight: 400; color: #000000;\">Evidentemente nos permite abordar algunas cuestiones de manera m\u00e1s eficiente y facilita el manejo de emociones que permite un mejor abordaje psicoterap\u00e9utico, pero no cambia nuestra estructura de personalidad.<\/span><\/p>\n<ol start=\"6\">\n<li><span style=\"color: #000000;\"><b> \u201cConviene no hablar de la depresi\u00f3n porque se agrava\u201d<\/b><\/span><\/li>\n<\/ol>\n<p><span style=\"font-weight: 400; color: #000000;\">En realidad, si hablar es mantenerse en un estado de rumiaci\u00f3n, de repetici\u00f3n constante en una tem\u00e1tica negativa, evidentemente eso no ayuda y de alguna manera sostiene y confirma las cogniciones negativas. Por el contrario, en un espacio adecuado, seguro, sin prejuicios o intervenciones no contextualizadas que pueden resultar a veces muy negativas, el abrirse es positivo.<\/span><\/p>\n<p><span style=\"font-weight: 400; color: #000000;\">De hecho, la terapia en manos profesionales es eso, y de la misma manera es por ello que la terapia, aun cuando quien la provea tenga un t\u00edtulo, debe ser realizada dentro de ciertas normas ya que si no corre el riesgo de profundizar el cuadro. En definitiva, no es no hablar sino c\u00f3mo y en qu\u00e9 marco.<\/span><\/p>\n<ol start=\"7\">\n<li><span style=\"color: #000000;\"><b> \u201cEstar deprimido es se\u00f1al de ser mal padre, madre o hijo\u201d<\/b><\/span><\/li>\n<\/ol>\n<p><span style=\"font-weight: 400; color: #000000;\">La carga moral, inclusive con componentes religiosos que, si bien se escucha menos en la actualidad, puede ser un factor muy importante que dificulte la aceptaci\u00f3n de ese estado como una enfermedad, calific\u00e1ndola de falla moral o espiritual personal.<\/span><\/p>\n<p><span style=\"font-weight: 400; color: #000000;\">La depresi\u00f3n se trata de una enfermedad no una falla de la personalidad.\u00a0<\/span><\/p>\n<p><img loading=\"lazy\" decoding=\"async\" class=\"wp-image-338851 aligncenter\" src=\"https:\/\/unifranz.edu.bo\/wp-content\/uploads\/2024\/07\/DEPRESION-UNIFRANZ-300x300.png\" alt=\"\" width=\"627\" height=\"627\" srcset=\"https:\/\/unifranz.edu.bo\/wp-content\/uploads\/2024\/07\/DEPRESION-UNIFRANZ-300x300.png 300w, https:\/\/unifranz.edu.bo\/wp-content\/uploads\/2024\/07\/DEPRESION-UNIFRANZ-768x768.png 768w, https:\/\/unifranz.edu.bo\/wp-content\/uploads\/2024\/07\/DEPRESION-UNIFRANZ-12x12.png 12w, https:\/\/unifranz.edu.bo\/wp-content\/uploads\/2024\/07\/DEPRESION-UNIFRANZ.png 1000w\" sizes=\"auto, (max-width: 627px) 100vw, 627px\" \/><\/p>\n<p><span style=\"color: #000000;\"><b>Se\u00f1ales de la depresi\u00f3n<\/b><\/span><\/p>\n<p><span style=\"font-weight: 400; color: #000000;\">Liudmila Loayza Barrag\u00e1n, directora de la carrera de Psicolog\u00eda de la Universidad Franz Tamayo, Unifranz, se\u00f1ala que existen, al menos, 10 se\u00f1ales\u00a0que se deben identificar\u00a0en una persona que est\u00e1 pasando por una depresi\u00f3n, adem\u00e1s de\u00a010 acciones\u00a0que los entornos familiares o cercanos deben realizar para apoyarlos.<\/span><\/p>\n<ul>\n<li style=\"font-weight: 400;\" aria-level=\"1\"><span style=\"font-weight: 400; color: #000000;\">Cambio en el estado de \u00e1nimo de la persona, con muestras de sentimientos de tristeza, inutilidad, vac\u00edo.<\/span><\/li>\n<li style=\"font-weight: 400;\" aria-level=\"1\"><span style=\"font-weight: 400; color: #000000;\">P\u00e9rdida de inter\u00e9s por actividades cotidianas, las hace de manera mec\u00e1nica o desganada.<\/span><\/li>\n<li style=\"font-weight: 400;\" aria-level=\"1\"><span style=\"font-weight: 400; color: #000000;\">Sentimiento de inutilidad o culpabilidad.<\/span><\/li>\n<li style=\"font-weight: 400;\" aria-level=\"1\"><span style=\"font-weight: 400; color: #000000;\">Falta de autoestima, se refiere a s\u00ed mismo como alguien que no vale la pena.<\/span><\/li>\n<li style=\"font-weight: 400;\" aria-level=\"1\"><span style=\"font-weight: 400; color: #000000;\">Ese sentimiento de baja autoestima se puede complementar con ideas suicidas, fantas\u00edas respecto a dejar de existir o quitarse la vida.<\/span><\/li>\n<li style=\"font-weight: 400;\" aria-level=\"1\"><span style=\"font-weight: 400; color: #000000;\">S\u00edntomas de ansiedad y extrema preocupaci\u00f3n por lo que pueda pasar.<\/span><\/li>\n<li style=\"font-weight: 400;\" aria-level=\"1\"><span style=\"font-weight: 400; color: #000000;\">Trastornos en el apetito, la persona puede comer en demas\u00eda o dejar de comer.\u00a0<\/span><\/li>\n<li style=\"font-weight: 400;\" aria-level=\"1\"><span style=\"font-weight: 400; color: #000000;\">Trastornos en el sue\u00f1o, con insomnio o hipersomnia, son otras se\u00f1ales que identifican si una persona cercana padece de\u00a0depresi\u00f3n.\u00a0<\/span><\/li>\n<li style=\"font-weight: 400;\" aria-level=\"1\"><span style=\"font-weight: 400; color: #000000;\">La reducci\u00f3n en la libido o energ\u00eda sexual, la p\u00e9rdida de atracci\u00f3n por el sexo opuesto o el deseo de estar con su pareja.\u00a0<\/span><\/li>\n<li style=\"font-weight: 400;\" aria-level=\"1\"><span style=\"font-weight: 400; color: #000000;\">Y la p\u00e9rdida de energ\u00eda, lentitud en hacer las cosas son otras se\u00f1ales.\u00a0<\/span><\/li>\n<\/ul>\n<p><span style=\"font-weight: 400; color: #000000;\">Loayza agrega que el n\u00facleo familiar es fundamental para identificar algunas de esas caracter\u00edsticas dentro de los miembros de la familia y recomienda la\u00a0ayuda de especialistas para acompa\u00f1ar el proceso de sanaci\u00f3n. Tambi\u00e9n resalta unas actividades que, como familia, pueden ayudar.<\/span><\/p>\n<p><span style=\"font-weight: 400; color: #000000;\">El primer y principal paso apunta a la observaci\u00f3n de\u00a0las personas de su entorno familiar. \u00bfQui\u00e9n mejor que un familiar para darse cuenta de los estados de \u00e1nimo de los miembros de la familia?. Hay que observar y\u00a0no dar por sentado nada. La psic\u00f3loga recomienda preguntar y dialogar para ir esclareciendo la situaci\u00f3n. <\/span><\/p>","protected":false},"excerpt":{"rendered":"<p>Por Manuel Filomeno \u201cLa depresi\u00f3n es un mal invisible, los que la sufrimos podemos camuflarnos entre la gente, ser funcionales, amorosos y hasta re\u00edr de los chistes de nuestros amigos, pero estar sufriendo por dentro, no es tristeza, no es algo que se va, es algo que permanece con nosotros, nos debilita y nos empuja &hellip; <a href=\"https:\/\/unifranz.edu.bo\/pt\/carreras\/siete-conceptos-equivocados-sobre-la-depresion-que-perjudican-su-tratamiento\/\">Continued<\/a><\/p>","protected":false},"author":45,"featured_media":338850,"comment_status":"open","ping_status":"open","sticky":false,"template":"","format":"standard","meta":{"_acf_changed":false,"footnotes":""},"categories":[60,35,2566,1862,2194,1782],"tags":[2462,4560,1422,240,2944,242],"class_list":["post-338849","post","type-post","status-publish","format-standard","has-post-thumbnail","hentry","category-blog","category-carreras","category-docente","category-educacion","category-psicologia","category-unifranz","tag-depresion","tag-enfermedad","tag-innovacion-en-educacion","tag-psicologia","tag-salud-mental","tag-unifranz"],"acf":[],"_links":{"self":[{"href":"https:\/\/unifranz.edu.bo\/pt\/wp-json\/wp\/v2\/posts\/338849","targetHints":{"allow":["GET"]}}],"collection":[{"href":"https:\/\/unifranz.edu.bo\/pt\/wp-json\/wp\/v2\/posts"}],"about":[{"href":"https:\/\/unifranz.edu.bo\/pt\/wp-json\/wp\/v2\/types\/post"}],"author":[{"embeddable":true,"href":"https:\/\/unifranz.edu.bo\/pt\/wp-json\/wp\/v2\/users\/45"}],"replies":[{"embeddable":true,"href":"https:\/\/unifranz.edu.bo\/pt\/wp-json\/wp\/v2\/comments?post=338849"}],"version-history":[{"count":1,"href":"https:\/\/unifranz.edu.bo\/pt\/wp-json\/wp\/v2\/posts\/338849\/revisions"}],"predecessor-version":[{"id":338852,"href":"https:\/\/unifranz.edu.bo\/pt\/wp-json\/wp\/v2\/posts\/338849\/revisions\/338852"}],"wp:featuredmedia":[{"embeddable":true,"href":"https:\/\/unifranz.edu.bo\/pt\/wp-json\/wp\/v2\/media\/338850"}],"wp:attachment":[{"href":"https:\/\/unifranz.edu.bo\/pt\/wp-json\/wp\/v2\/media?parent=338849"}],"wp:term":[{"taxonomy":"category","embeddable":true,"href":"https:\/\/unifranz.edu.bo\/pt\/wp-json\/wp\/v2\/categories?post=338849"},{"taxonomy":"post_tag","embeddable":true,"href":"https:\/\/unifranz.edu.bo\/pt\/wp-json\/wp\/v2\/tags?post=338849"}],"curies":[{"name":"wp","href":"https:\/\/api.w.org\/{rel}","templated":true}]}}