{"id":317245,"date":"2024-07-05T23:09:55","date_gmt":"2024-07-06T03:09:55","guid":{"rendered":"https:\/\/unifranz.edu.bo\/?p=317245"},"modified":"2024-09-24T12:34:22","modified_gmt":"2024-09-24T16:34:22","slug":"iv-jornadas-unifranz-de-investigacion-un-espacio-de-crecimiento-academico-y-cientifico","status":"publish","type":"post","link":"https:\/\/unifranz.edu.bo\/pt\/blog\/iv-jornadas-unifranz-de-investigacion-un-espacio-de-crecimiento-academico-y-cientifico\/","title":{"rendered":"IV Jornadas Unifranz de Investigaci\u00f3n, un espacio de crecimiento acad\u00e9mico y cient\u00edfico"},"content":{"rendered":"<p><span style=\"color: #000000;\">Por Lily Zurita<\/span><\/p>\n<p><span style=\"font-weight: 400; color: #000000;\">Porque la investigaci\u00f3n tiene como principales objetivos la generaci\u00f3n de conocimiento y la soluci\u00f3n de problemas, la Universidad Franz Tamayo, Unifranz, impulsa la cuarta versi\u00f3n de sus Jornadas de Investigaci\u00f3n, un evento anual que se ha convertido en referente para la difusi\u00f3n de la producci\u00f3n cient\u00edfica y acad\u00e9mica de docentes y estudiantes.\u00a0<\/span><\/p>\n<p><span style=\"font-weight: 400; color: #000000;\">El encuentro en su versi\u00f3n 2024, ha alcanzado un nuevo r\u00e9cord de participaci\u00f3n con 553 trabajos presentados, reflejando el creciente inter\u00e9s y compromiso de la comunidad universitaria en el \u00e1mbito de la investigaci\u00f3n.<\/span><\/p>\n<p><span style=\"font-weight: 400; color: #000000;\">Las Jornadas de Investigaci\u00f3n Unifranz se destacan por su enfoque inclusivo, permitiendo la participaci\u00f3n tanto de investigaciones realizadas como parte de asignaturas, como de aquellos proyectos desarrollados de manera independiente por sociedades cient\u00edficas, seg\u00fan Luc\u00eda Alvarado, coordinadora nacional de Investigaci\u00f3n de Unifranz y miembro del Cap\u00edtulo Bolivia de la Organizaci\u00f3n para las Mujeres en Ciencia para el Mundo en Desarrollo.<\/span><\/p>\n<p><span style=\"font-weight: 400; color: #000000;\">Adem\u00e1s, se aceptan trabajos publicados por docentes y aquellos realizados en contextos externos a la universidad. Esta amplitud garantiza una rica diversidad de temas y enfoques, visibilizando la producci\u00f3n cient\u00edfica de las cuatro sedes acad\u00e9micas de Unifranz .<\/span><\/p>\n<p><span style=\"font-weight: 400; color: #000000;\">\u201cEl objetivo de las jornadas es visibilizar y mostrar la producci\u00f3n cient\u00edfica acad\u00e9mica que realizan en las cuatro sedes acad\u00e9micas, los docentes y estudiantes de todas las carreras de la universidad\u201d, explica Alvarado.<\/span><\/p>\n<p><span style=\"color: #000000;\"><b>Un proceso rigurosamente organizado<\/b><\/span><\/p>\n<p><span style=\"font-weight: 400; color: #000000;\">El proceso de las jornadas comienza con una convocatoria a inicios de a\u00f1o, invitando a docentes y estudiantes a presentar sus investigaciones finalizadas o en curso.\u00a0<\/span><\/p>\n<p><span style=\"font-weight: 400; color: #000000;\">Los participantes deben completar un formulario virtual con un resumen de su trabajo, incluyendo t\u00edtulo, participantes, carrera, sede y una descripci\u00f3n en 300 palabras del contexto, objetivos, resultados y conclusiones.\u00a0<\/span><\/p>\n<p><span style=\"font-weight: 400; color: #000000;\">Este a\u00f1o, la convocatoria recibi\u00f3 una respuesta masiva, especialmente de facultades como Ciencias de la Salud, Econ\u00f3micas y Empresariales, Ciencias Jur\u00eddicas y Sociales, e Ingenier\u00eda y Dise\u00f1o Cross Media.<\/span><\/p>\n<p><span style=\"color: #000000;\"><b>Modalidades de presentaci\u00f3n y evaluaci\u00f3n<\/b><\/span><\/p>\n<p><span style=\"font-weight: 400; color: #000000;\">Los trabajos pueden presentarse en dos modalidades: presentaci\u00f3n oral de 10 minutos o p\u00f3ster (una diapositiva \u00fanica de PowerPoint con el contenido detallado). Los participantes env\u00edan sus presentaciones al Comit\u00e9 Organizador, que las programa en un cronograma de presentaciones grabadas en Zoom.\u00a0<\/span><\/p>\n<p><span style=\"font-weight: 400; color: #000000;\">\u201cEsta edici\u00f3n ha sido especialmente intensa debido al alto n\u00famero de trabajos presentados\u201d, reitera Alvarado.<\/span><\/p>\n<p><span style=\"font-weight: 400; color: #000000;\">Las evaluaciones son realizadas por tribunales compuestos por expertos nacionales e internacionales, as\u00ed como por docentes internos. Esta estructura garantiza una perspectiva amplia y objetiva sobre los trabajos, fomentando un intercambio acad\u00e9mico enriquecedor.\u00a0<\/span><\/p>\n<p><span style=\"font-weight: 400; color: #000000;\">Adem\u00e1s, el comit\u00e9 organizador se asegura de que los evaluadores no pertenezcan a la misma sede que los presentadores, promoviendo una mayor integraci\u00f3n y conocimiento entre las diferentes sedes de Unifranz.<\/span><\/p>\n<p><span style=\"font-weight: 400; color: #000000;\">El proceso de presentaci\u00f3n iniciar\u00e1 este lunes 8\u00a0 de julio a trav\u00e9s de la plataforma de YouTube de Unifranz, de acuerdo al siguiente cronograma:<\/span><\/p>\n<ul>\n<li style=\"font-weight: 400;\" aria-level=\"1\"><span style=\"font-weight: 400; color: #000000;\">Lunes 8 de julio &#8211; Facultad de Ciencias de la Salud (258 trabajos)<\/span><\/li>\n<li style=\"font-weight: 400;\" aria-level=\"1\"><span style=\"font-weight: 400; color: #000000;\">Martes 9 de julio &#8211; Facultad de Ciencias Jur\u00eddicas y Sociales (141 trabajos)<\/span><\/li>\n<li style=\"font-weight: 400;\" aria-level=\"1\"><span style=\"font-weight: 400; color: #000000;\">Mi\u00e9rcoles 10 de julio &#8211; Facultad de Ciencias Econ\u00f3micas y Empresariales (101 trabajos)<\/span><\/li>\n<li style=\"font-weight: 400;\" aria-level=\"1\"><span style=\"font-weight: 400; color: #000000;\">Jueves 11 de julio &#8211; Facultades de Dise\u00f1o y Tecnolog\u00edas Crossmedia\u00a0 e Ingenier\u00eda (53 trabajos)<\/span><\/li>\n<\/ul>\n<p><span style=\"color: #000000;\"><b>Beneficios y reconocimientos<\/b><\/span><\/p>\n<p><span style=\"font-weight: 400; color: #000000;\">El evento no s\u00f3lo visibiliza los trabajos de investigaci\u00f3n, sino que tambi\u00e9n prepara a los estudiantes y docentes para futuros desaf\u00edos profesionales. Presentar investigaciones en las jornadas desarrolla habilidades blandas cruciales como la capacidad de s\u00edntesis, gesti\u00f3n del tiempo, comunicaci\u00f3n y expresi\u00f3n verbal. Estas competencias son fundamentales para el \u00e9xito en cualquier carrera profesional.<\/span><\/p>\n<p><span style=\"font-weight: 400; color: #000000;\">\u201cCon las Jornadas Unifranz de Investigaci\u00f3n, adem\u00e1s de visibilizar los trabajos, queremos exponer a estos investigadores junior que son docentes y estudiantes a un ambiente de discusi\u00f3n acad\u00e9mica cient\u00edfica. Otro punto que consideramos importante es que las presentaciones en las jornadas permiten desarrollar habilidades blandas, como la capacidad de s\u00edntesis, gesti\u00f3n del tiempo, capacidad de comunicaci\u00f3n, expresi\u00f3n verbal, al momento de mostrar sus resultados y eso es muy importante para el trabajo (\u2026)\u201d, manifiesta la coordinadora.<\/span><\/p>\n<p><span style=\"font-weight: 400; color: #000000;\">Los trabajos son evaluados para determinar los ganadores en las categor\u00edas de presentaci\u00f3n oral y p\u00f3ster, otorgando primeros, segundos y terceros lugares.\u00a0<\/span><\/p>\n<p><span style=\"font-weight: 400; color: #000000;\">\u201cPosteriormente, los ganadores ser\u00e1n notificados y sus trabajos se visibilizar\u00e1n dentro de la universidad. Adem\u00e1s, los mejores trabajos tienen la oportunidad de ser presentados en eventos de divulgaci\u00f3n cient\u00edfica externos, y el equipo de investigaci\u00f3n asesora a los ganadores para la publicaci\u00f3n de sus trabajos en revistas cient\u00edficas indexadas\u201d, agrega.<\/span><\/p>\n<p><span style=\"color: #000000;\"><b>Diversidad de tem\u00e1ticas<\/b><\/span><\/p>\n<p><span style=\"font-weight: 400; color: #000000;\">En sus anteriores versiones, las jornadas han mostrado una gran diversidad tem\u00e1tica, abordando desde diagn\u00f3sticos de salud y estudios de casos cl\u00ednicos, hasta modelos de negocio, propuestas de ley, an\u00e1lisis psicol\u00f3gicos, dise\u00f1o de plataformas tecnol\u00f3gicas y prototipos de ingenier\u00eda.\u00a0<\/span><\/p>\n<p><span style=\"font-weight: 400; color: #000000;\">Esta diversidad refleja el potencial de la colaboraci\u00f3n entre docentes y estudiantes para generar conocimientos aplicables y relevantes para la realidad nacional.<\/span><\/p>\n<p><span style=\"font-weight: 400; color: #000000;\">Finalmente, Alvarado destaca que \u201cla presentaci\u00f3n de m\u00e1s de 500 trabajos de investigaci\u00f3n con tem\u00e1ticas diversas han mostrado el gran potencial que tiene la cocreaci\u00f3n entre docentes y estudiantes para responder a preguntas de investigaci\u00f3n y generar resultados interesantes y aplicados dentro de nuestra realidad nacional\u201d.<\/span><\/p>\n<p><span style=\"font-weight: 400; color: #000000;\">Al fomentar el rigor metodol\u00f3gico, el intercambio de ideas y el desarrollo de competencias esenciales, preparando a los investigadores junior para enfrentar los desaf\u00edos del futuro con una base s\u00f3lida y una perspectiva amplia, las Jornadas Unifranz de Investigaci\u00f3n representan un espacio vital para el crecimiento acad\u00e9mico y cient\u00edfico de la comunidad universitaria.\u00a0<\/span><\/p>\n<p><span style=\"color: #000000;\"><b>Unifranz promueve la investigaci\u00f3n<\/b><\/span><\/p>\n<p><span style=\"font-weight: 400; color: #000000;\">Unifranz preside el Nodo Bolivia del Millennium Project y de la Red Iberoamericana de Investigaci\u00f3n Prospectiva (RIBER), con el objetivo de convertir a Bolivia en el punto de encuentro de los mayores pensadores, investigadores futuristas, acad\u00e9micos, innovadores, planificadores y dise\u00f1adores de pol\u00edticas reconocidos por su aporte a la humanidad.\u00a0<\/span><\/p>\n<p><span style=\"font-weight: 400; color: #000000;\">En ese marco promovi\u00f3 una investigaci\u00f3n sobre \u201cLatinoam\u00e9rica 2050: Retos, escenarios y acciones\u201d, que se consolid\u00f3 en un documento que refleja 15 desaf\u00edos globales que enfrenta la humanidad, un diagn\u00f3stico en profundidad de las principales amenazas y oportunidades que tiene la regi\u00f3n latinoamericana.<\/span><\/p>\n<p><span style=\"font-weight: 400; color: #000000;\">25 futuristas latinoamericanos, procedentes de 10 pa\u00edses diferentes, desarrollaron la investigaci\u00f3n que analiza temas como cambio clim\u00e1tico, agua, mujer, energ\u00eda, ciencia y tecnolog\u00eda, salud, educaci\u00f3n y democracia, entre otros.<\/span><\/p>","protected":false},"excerpt":{"rendered":"<p>Por Lily Zurita Porque la investigaci\u00f3n tiene como principales objetivos la generaci\u00f3n de conocimiento y la soluci\u00f3n de problemas, la Universidad Franz Tamayo, Unifranz, impulsa la cuarta versi\u00f3n de sus Jornadas de Investigaci\u00f3n, un evento anual que se ha convertido en referente para la difusi\u00f3n de la producci\u00f3n cient\u00edfica y acad\u00e9mica de docentes y estudiantes.\u00a0 &hellip; <a href=\"https:\/\/unifranz.edu.bo\/pt\/blog\/iv-jornadas-unifranz-de-investigacion-un-espacio-de-crecimiento-academico-y-cientifico\/\">Continued<\/a><\/p>","protected":false},"author":45,"featured_media":317247,"comment_status":"open","ping_status":"open","sticky":false,"template":"","format":"standard","meta":{"_acf_changed":false,"footnotes":""},"categories":[60,2186,1862,6394,1708,2858,1636,1782],"tags":[2922,1422,268,9104,242],"class_list":["post-317245","post","type-post","status-publish","format-standard","has-post-thumbnail","hentry","category-blog","category-carreras-es","category-educacion","category-educacion-superior","category-innovacion","category-innovacion-en-educacion","category-investigacion","category-unifranz","tag-conocimiento-cientifico","tag-innovacion-en-educacion","tag-investigacion","tag-jornadas-unifranz-de-investigacion","tag-unifranz"],"acf":[],"_links":{"self":[{"href":"https:\/\/unifranz.edu.bo\/pt\/wp-json\/wp\/v2\/posts\/317245","targetHints":{"allow":["GET"]}}],"collection":[{"href":"https:\/\/unifranz.edu.bo\/pt\/wp-json\/wp\/v2\/posts"}],"about":[{"href":"https:\/\/unifranz.edu.bo\/pt\/wp-json\/wp\/v2\/types\/post"}],"author":[{"embeddable":true,"href":"https:\/\/unifranz.edu.bo\/pt\/wp-json\/wp\/v2\/users\/45"}],"replies":[{"embeddable":true,"href":"https:\/\/unifranz.edu.bo\/pt\/wp-json\/wp\/v2\/comments?post=317245"}],"version-history":[{"count":1,"href":"https:\/\/unifranz.edu.bo\/pt\/wp-json\/wp\/v2\/posts\/317245\/revisions"}],"predecessor-version":[{"id":317249,"href":"https:\/\/unifranz.edu.bo\/pt\/wp-json\/wp\/v2\/posts\/317245\/revisions\/317249"}],"wp:featuredmedia":[{"embeddable":true,"href":"https:\/\/unifranz.edu.bo\/pt\/wp-json\/wp\/v2\/media\/317247"}],"wp:attachment":[{"href":"https:\/\/unifranz.edu.bo\/pt\/wp-json\/wp\/v2\/media?parent=317245"}],"wp:term":[{"taxonomy":"category","embeddable":true,"href":"https:\/\/unifranz.edu.bo\/pt\/wp-json\/wp\/v2\/categories?post=317245"},{"taxonomy":"post_tag","embeddable":true,"href":"https:\/\/unifranz.edu.bo\/pt\/wp-json\/wp\/v2\/tags?post=317245"}],"curies":[{"name":"wp","href":"https:\/\/api.w.org\/{rel}","templated":true}]}}