{"id":316975,"date":"2024-07-05T19:15:25","date_gmt":"2024-07-05T23:15:25","guid":{"rendered":"https:\/\/unifranz.edu.bo\/?p=316975"},"modified":"2024-07-05T19:19:09","modified_gmt":"2024-07-05T23:19:09","slug":"el-impacto-de-los-pronunciamientos-de-jefes-de-estado","status":"publish","type":"post","link":"https:\/\/unifranz.edu.bo\/pt\/noticias\/el-impacto-de-los-pronunciamientos-de-jefes-de-estado\/","title":{"rendered":"Derecho internacional: El impacto de los pronunciamientos de jefes de estado en la diplomacia"},"content":{"rendered":"<p><span style=\"color: #000000;\">Las declaraciones de los jefes de Estado respecto a la situaci\u00f3n interna de otros pa\u00edses son un terreno delicado en el \u00e1mbito del derecho internacional. Estas opiniones, aunque pueden parecer inofensivas o meramente expresiones de preocupaci\u00f3n, al provenir de la principal autoridad de un pa\u00eds, tienen el potencial de generar repercusiones significativas en la diplomacia y las relaciones bilaterales. Este campo, que forma parte del estudio del derecho, es crucial para entender c\u00f3mo se manejan las interacciones entre estados y se mantiene el equilibrio diplom\u00e1tico.<\/span><\/p>\n<p><span style=\"color: #000000;\">La diplomacia internacional se fundamenta en la no intervenci\u00f3n en los asuntos internos de otros estados, principio consagrado en la Carta de las Naciones Unidas. Sin embargo, en la pr\u00e1ctica, los l\u00edderes mundiales a menudo se pronuncian sobre eventos y crisis en otros pa\u00edses, ya sea por motivos humanitarios, de seguridad, o por presi\u00f3n interna y externa. Estas declaraciones pueden influir en la percepci\u00f3n global de un conflicto y en la toma de decisiones de organismos internacionales.<\/span><\/p>\n<p><span style=\"color: #000000;\">\u201cLas declaraciones de los jefes de Estado son muy importantes porque representan la posici\u00f3n del gobierno en ciertos temas relacionados con la pol\u00edtica exterior que pueden repercutir en las relaciones internacionales de tal manera que generen responsabilidad internacional de los Estados\u201d, afirma Joaqu\u00edn V\u00e1squez, M\u00e1ster en Derecho Mar\u00edtimo Internacional, director de la carrera de Derecho en <a href=\"https:\/\/ux.unifranz.edu.bo\/\">Unifranz El Alto<\/a>.<\/span><\/p>\n<p><span style=\"color: #000000;\">Recientemente, una pol\u00e9mica trascendi\u00f3 las fronteras de Argentina y Bolivia, a ra\u00edz de lo ocurrido en la ciudad de La Paz, cuando tropas militares con tanques asediaron por varias horas el palacio presidencial en La Paz, antes de replegarse, hecho que el presidente boliviano Lu\u00eds Arce denunci\u00f3 un \u201cintento de Golpe de Estado\u201d, aunque el proceso investigativo contin\u00faa en marcha ante las autoridades pertinentes.<\/span><\/p>\n<p><span style=\"color: #000000;\">D\u00edas despu\u00e9s, a trav\u00e9s de las redes sociales de la oficina presidencial de Argentina, se difundi\u00f3 un comunicado que descartaba la hip\u00f3tesis del presidente Arce. <a href=\"https:\/\/www.facebook.com\/share\/p\/ZQ8Vr3PnpdhB3eos\/\" target=\"_blank\" rel=\"noopener\">\u00abLa Oficina del presidente repudia la falsa denuncia de golpe de Estado realizada por el gobierno de Bolivia el d\u00eda mi\u00e9rcoles 26 de junio y confirmada como fraudulenta en el d\u00eda de la fecha\u00bb<\/a>. Un d\u00eda despu\u00e9s, Javier Milei reforz\u00f3 el comunicado en su cuenta de X, lo cual desat\u00f3 a\u00fan m\u00e1s la pol\u00e9mica, que incluso trascendi\u00f3 a otros pa\u00edses a ra\u00edz de un intercambio de \u201ctweets\u201d con posiciones adversas con otro presidente, Ignacio Lula, primer mandatario de Brasil.<\/span><\/p>\n<p><span style=\"color: #000000;\">El caso gener\u00f3 diversas repercusiones, siendo la primera medida adoptada por el gobierno boliviano el llamado del embajador a consulta, uno de los pasos de la diplomacia para manifestar descontento y evaluar las relaciones bilaterales. En estos casos, la diplomacia act\u00faa para atenuar tensiones, buscar aclaraciones y negociar soluciones que eviten un escalamiento del conflicto.<\/span><\/p>\n<p><span style=\"color: #000000;\">V\u00e1squez, apasionado por el estudio del derecho internacional p\u00fablico asegura que \u201clos Estados tienen plena potestad para decidir con qui\u00e9n desean llevar a cabo sus relaciones internacionales por lo que generalmente el llamado a consulta a los embajadores suele ser la primera medida para que expliquen las declaraciones y, si no son satisfactorias, incluso pueden cerrar relaciones con dicho pa\u00eds\u201d.<\/span><\/p>\n<p><span style=\"color: #000000;\">Este tipo de situaciones es esencial para comprender las din\u00e1micas globales, las cuales est\u00e1n directamente relacionadas con el derecho internacional, una disciplina clave en la formaci\u00f3n de los profesionales en Derecho. La importancia de este campo abre un abanico de espacios de trabajo para los profesionales especializados, tanto en organismos internacionales, embajadas, consulados, y organizaciones no gubernamentales, donde pueden aportar desde su formaci\u00f3n para resolver conflictos y promover la cooperaci\u00f3n entre naciones.<\/span><\/p>\n<h6><strong><span style=\"color: #000000;\">Declaraciones de jefes de estado y repercusiones en el mundo<\/span><\/strong><\/h6>\n<p><span style=\"color: #000000;\">Las opiniones personales de los presidentes, aunque expresadas en su capacidad individual, a menudo se perciben como posiciones oficiales del Estado que representan. Esto puede complicar las relaciones diplom\u00e1ticas, ya que las naciones aludidas pueden considerar estas declaraciones como una injerencia en sus asuntos internos o una afrenta a su soberan\u00eda.<\/span><\/p>\n<p><span style=\"color: #000000;\">\u201cEstas declaraciones afectan mucho a la percepci\u00f3n de la comunidad internacional sobre la situaci\u00f3n de los otros Estados. Hoy en d\u00eda, la percepci\u00f3n y las comunicaciones oficiales de un pa\u00eds, reflejan la naturaleza de las relaciones internacionales de los diferentes territorios y su deseo, que de alguna manera pueden poner en tela de juicio la legitimidad del ejercicio del poder en un determinado Estado\u201d, dice el especialista.<\/span><\/p>\n<p><span style=\"color: #000000;\">Esto significa que puede existir un declive en la relaci\u00f3n de ambos Estados y, a pesar de que pueda pensarse que esto es mera pol\u00edtica, los impactos del enfriamiento de las relaciones internacionales entre estados pueden significar un duro golpe econ\u00f3mico y social para aquellos que no llevan la ventaja en su balanza comercial.<\/span><\/p>\n<p><span style=\"color: #000000;\">Existen muchos otros casos que demuestran c\u00f3mo las declaraciones de un jefe de Estado pueden tener repercusiones es el caso de las relaciones, como lo ocurrido entre Estados Unidos y China. Durante su mandato, el presidente estadounidense Donald Trump emiti\u00f3 numerosas declaraciones cr\u00edticas sobre la pol\u00edtica econ\u00f3mica y los derechos humanos en China, especialmente en relaci\u00f3n con la situaci\u00f3n en Hong Kong y Xinjiang. Estas declaraciones no solo exacerbaron las tensiones diplom\u00e1ticas entre ambos pa\u00edses, sino que tambi\u00e9n llevaron a la imposici\u00f3n de sanciones mutuas, afectando significativamente las relaciones comerciales y pol\u00edticas.<\/span><\/p>\n<p><span style=\"color: #000000;\">Otro caso notable es el de las tensiones entre Turqu\u00eda y Francia. En 2020, el presidente franc\u00e9s Emmanuel Macron hizo declaraciones sobre el Islam radical y defendi\u00f3 la publicaci\u00f3n de caricaturas de Mahoma, lo que provoc\u00f3 una fuerte reacci\u00f3n del presidente turco, Recep Tayyip Erdo\u011fan. Este intercambio verbal escal\u00f3 en una crisis diplom\u00e1tica, con llamados a boicots de productos y una deterioraci\u00f3n de las relaciones bilaterales.<\/span><\/p>\n<p><span style=\"color: #000000;\">\u201cUn jefe de Estado debe comprender que cada una de sus palabras tiene un peso y una consecuencia y usarlas conociendo ese efecto. Cada una de sus declaraciones tiene un efecto pol\u00edtico, social y econ\u00f3mico en ambos pa\u00edses. A pesar de que se espera que los l\u00edderes mundiales defiendan a su pueblo con altura y ecuanimidad, en muchas ocasiones se hace necesario hablar y ser escuchados ya que los valores internacionales que debe proteger a la comunidad son absolutos e irrenunciables, como ser el respeto a la vida y dignidad humana\u201d afirma sobre este aspecto V\u00e1squez.<\/span><\/p>\n<h6><strong><span style=\"color: #000000;\">\u00bfPueden los organismos internacionales interceder?<\/span><\/strong><\/h6>\n<p><span style=\"color: #000000;\">\u201cLa <a href=\"https:\/\/www.un.org\/es\/\" target=\"_blank\" rel=\"noopener\">Organiza\u00e7\u00e3o das Na\u00e7\u00f5es Unidas<\/a> (ONU) puede ser entendida como el reflejo del presente orden mundial. Todo el andamiaje de Naciones Unidas sirve para poder mejorar las relaciones entre Estados. Sin embargo, no podemos olvidar que entre pares no hay imperio, por lo tanto, el conflicto y la direcci\u00f3n que cada Estado va a tomar para el manejo de sus relaciones exteriores es propio. Por tal motivo, a pesar de que existan todos los mecanismos necesarios para incluso sancionar a Estados que no se comportan de acuerdo a las normas internacionales, finalmente, en la actualidad la soberan\u00eda de los Estados prima sobre todo orden\u201d, asegura V\u00e1squez.<\/span><\/p>\n<p><span style=\"color: #000000;\">Por otro lado, un enfoque diplom\u00e1tico cuidadoso y constructivo puede contribuir a la resoluci\u00f3n pac\u00edfica de conflictos y al fortalecimiento de las relaciones internacionales.<\/span><\/p>\n<p><span style=\"color: #000000;\">El acad\u00e9mico agrega que el asunto radica mucho en las pol\u00edticas conjuntas que ejercen los gobiernos de turno de los diferentes Estados. A presente, los procesos de integraci\u00f3n de los cuales formamos parte, se ven afectados por los intereses de cada gobierno, por lo que la alineaci\u00f3n pol\u00edtica o las declaraciones adversas pueden da\u00f1ar al proceso de integraci\u00f3n en gran medida, como vimos con la situaci\u00f3n del Brexit en la Uni\u00f3n Europea.<\/span><\/p>\n<p><span style=\"color: #000000;\">\u201cEn este sentido, es muy importante destacar que, en el caso de las relaciones con Brasil, Argentina ha continuado abasteciendo de gas natural a Brasil, aun cuando existe una clara diferencia ideol\u00f3gica entre las cabezas de Estado\u201d.<\/span><\/p>\n<h6><strong><span style=\"color: #000000;\">Profesionales, los llamados a dise\u00f1ar soluciones<\/span><\/strong><\/h6>\n<p><span style=\"color: #000000;\">Un experto en diplomacia y derecho internacional act\u00faa como mediador en disputas entre pa\u00edses causadas por declaraciones de un Jefe de Estado. Analiza el contexto y las implicaciones legales de los dichos, eval\u00faa las posibles violaciones de normas internacionales, y asesora a los gobiernos sobre las mejores estrategias para abordar el conflicto. Su objetivo es desescalar la situaci\u00f3n y promover el di\u00e1logo entre las partes involucradas.<\/span><\/p>\n<p><span style=\"color: #000000;\">Este experto trabaja en la elaboraci\u00f3n de respuestas diplom\u00e1ticas y comunicados oficiales que buscan minimizar el impacto negativo de la disputa. Puede participar en negociaciones bilaterales o multilaterales para encontrar soluciones pac\u00edficas y sostenibles, asegurando que se respeten los derechos y las obligaciones de cada pa\u00eds conforme al derecho internacional. Su intervenci\u00f3n es fundamental para mantener la estabilidad y la cooperaci\u00f3n internacional.<\/span><\/p>\n<p><span style=\"color: #000000;\">\u00abDentro de la formaci\u00f3n de profesionales en nuestra carrera, una de las \u00e1reas de formaci\u00f3n es, precisamente, el Derecho Internacional. En \u00e9sta, desarrollamos competencias clave como la asesor\u00eda a organismos internacionales y la diplomacia, mediante una curr\u00edcula que incluye simulaciones de negociaciones, estudios de casos reales y la colaboraci\u00f3n con expertos en la materia. Estas experiencias fortalecen las habilidades necesarias para enfrentar y resolver conflictos en el \u00e1mbito global\u00bb, asegura V\u00e1squez.<\/span><\/p>\n<p><span style=\"color: #000000;\">\u00a1Descubre el poder del derecho internacional y la diplomacia para construir un mundo m\u00e1s justo y pac\u00edfico! Estudia Derecho y prep\u00e1rate para influir positivamente en las relaciones globales. Inf\u00f3rmate m\u00e1s sobre esta apasionante carrera, aqu\u00ed <a href=\"https:\/\/ux.unifranz.edu.bo\/derecho\">https:\/\/ux.unifranz.edu.bo\/derecho\u00a0<\/a><\/span><\/p>\n<p><span style=\"color: #000000;\"><span style=\"color: #999999;\">Foto de portada: <a href=\"https:\/\/www.clarin.com\/img\/2024\/02\/24\/nkeFIAtJu_2000x1500__1.jpg\" target=\"_blank\" rel=\"noopener\">El Clar\u00edn<\/a><\/span><\/span><\/p>","protected":false},"excerpt":{"rendered":"<p>Las declaraciones de los jefes de Estado respecto a la situaci\u00f3n interna de otros pa\u00edses son un terreno delicado en el \u00e1mbito del derecho internacional. Estas opiniones, aunque pueden parecer inofensivas o meramente expresiones de preocupaci\u00f3n, al provenir de la principal autoridad de un pa\u00eds, tienen el potencial de generar repercusiones significativas en la diplomacia &hellip; <a href=\"https:\/\/unifranz.edu.bo\/pt\/noticias\/el-impacto-de-los-pronunciamientos-de-jefes-de-estado\/\">Continued<\/a><\/p>","protected":false},"author":25,"featured_media":316984,"comment_status":"open","ping_status":"open","sticky":false,"template":"","format":"standard","meta":{"_acf_changed":false,"footnotes":""},"categories":[60,5100,1886,9100,1862,1708,29,1782],"tags":[39,53,47,242],"class_list":["post-316975","post","type-post","status-publish","format-standard","has-post-thumbnail","hentry","category-blog","category-bolivia","category-derecho","category-derecho-internacional","category-educacion","category-innovacion","category-noticias","category-unifranz","tag-derecho","tag-educacion","tag-el-alto","tag-unifranz"],"acf":[],"_links":{"self":[{"href":"https:\/\/unifranz.edu.bo\/pt\/wp-json\/wp\/v2\/posts\/316975","targetHints":{"allow":["GET"]}}],"collection":[{"href":"https:\/\/unifranz.edu.bo\/pt\/wp-json\/wp\/v2\/posts"}],"about":[{"href":"https:\/\/unifranz.edu.bo\/pt\/wp-json\/wp\/v2\/types\/post"}],"author":[{"embeddable":true,"href":"https:\/\/unifranz.edu.bo\/pt\/wp-json\/wp\/v2\/users\/25"}],"replies":[{"embeddable":true,"href":"https:\/\/unifranz.edu.bo\/pt\/wp-json\/wp\/v2\/comments?post=316975"}],"version-history":[{"count":3,"href":"https:\/\/unifranz.edu.bo\/pt\/wp-json\/wp\/v2\/posts\/316975\/revisions"}],"predecessor-version":[{"id":316987,"href":"https:\/\/unifranz.edu.bo\/pt\/wp-json\/wp\/v2\/posts\/316975\/revisions\/316987"}],"wp:featuredmedia":[{"embeddable":true,"href":"https:\/\/unifranz.edu.bo\/pt\/wp-json\/wp\/v2\/media\/316984"}],"wp:attachment":[{"href":"https:\/\/unifranz.edu.bo\/pt\/wp-json\/wp\/v2\/media?parent=316975"}],"wp:term":[{"taxonomy":"category","embeddable":true,"href":"https:\/\/unifranz.edu.bo\/pt\/wp-json\/wp\/v2\/categories?post=316975"},{"taxonomy":"post_tag","embeddable":true,"href":"https:\/\/unifranz.edu.bo\/pt\/wp-json\/wp\/v2\/tags?post=316975"}],"curies":[{"name":"wp","href":"https:\/\/api.w.org\/{rel}","templated":true}]}}