{"id":313551,"date":"2024-07-02T13:05:07","date_gmt":"2024-07-02T17:05:07","guid":{"rendered":"https:\/\/unifranz.edu.bo\/?p=313551"},"modified":"2024-09-24T12:47:48","modified_gmt":"2024-09-24T16:47:48","slug":"carlos-coronel-vive-la-internacionalizacion-unifranz-en-mar-del-plata-argentina","status":"publish","type":"post","link":"https:\/\/unifranz.edu.bo\/pt\/blog\/carlos-coronel-vive-la-internacionalizacion-unifranz-en-mar-del-plata-argentina\/","title":{"rendered":"Carlos Coronel vive la Internacionalizaci\u00f3n Unifranz en Mar del Plata, Argentina"},"content":{"rendered":"<p><span style=\"color: #000000;\">La Universidad Nacional de Mar del Plata, Argentina, fue la instituci\u00f3n que Carlos Coronel eligi\u00f3 para su intercambio universitario. El joven es estudiante de Administraci\u00f3n de Hoteler\u00eda y Turismo en la Universidad Franz Tamayo, Unifranz, y fue admitido en el programa Internacional\u00edzate para cursar el quinto semestre de su carrera en el pa\u00eds vecino.<\/span><\/p>\n<p><span style=\"color: #000000;\">\u201cDecid\u00ed postular al programa Internacional\u00edzate de Unifranz porque quer\u00eda experimentar cu\u00e1n competitivo puede ser el mundo laboral y acad\u00e9mico fuera de Bolivia, como tambi\u00e9n descubrir nuevos lugares, gustos y pensamientos. En Argentina estoy abriendo mi mente a nuevas tendencias que se est\u00e1n desarrollando internacionalmente, este es un beneficio que me acerca a futuros proyectos personales\u201d, se\u00f1al\u00f3 el futuro licenciado.<\/span><\/p>\n<p><span style=\"color: #000000;\">Internacional\u00edzate es un programa dise\u00f1ado por Unifranz para ofrecer a los estudiantes una experiencia educativa a escala global, brind\u00e1ndoles la oportunidad de realizar intercambios acad\u00e9micos en universidades aliadas estrat\u00e9gicas en todo el mundo, permiti\u00e9ndoles expandir sus horizontes educativos y culturales.<\/span><\/p>\n<p><span style=\"color: #000000;\">La Universidad Franz Tamayo cuenta con m\u00e1s de 400 convenios con universidades de diferentes partes del mundo. Ejecuta programas acad\u00e9micos que fomentan la experiencia internacional, intercambios estudiantiles, colaboraciones con instituciones internacionales y oportunidades de pr\u00e1cticas en el extranjero.<\/span><\/p>\n<p><span style=\"color: #000000;\">El joven asegura que esta experiencia le permite interactuar en otro ambiente educativo, desarrollar y entender la competitividad a nivel internacional y analizar futuras oportunidades laborales. Tambi\u00e9n se relacion\u00f3 con estudiantes de diferentes nacionalidades, con quienes inici\u00f3 una amistad y podr\u00e1 colaborar profesionalmente en un futuro.<\/span><\/p>\n<p><span style=\"color: #000000;\">\u201cAmpliar nuestra red de contactos es uno de los beneficios m\u00e1s importantes del intercambio, sobre todo para quienes seremos profesionales en Administraci\u00f3n de Hoteler\u00eda y Turismo. He tenido la oportunidad de hacer amigos de muchas partes del mundo, incluso tengo amigas mexicanas con quienes tengo muy buena relaci\u00f3n\u201d, destac\u00f3 Coronel.<\/span><\/p>\n<p><img loading=\"lazy\" decoding=\"async\" class=\"wp-image-313553 size-large\" src=\"https:\/\/unifranz.edu.bo\/wp-content\/uploads\/2024\/07\/Picsart_24-07-02_12-48-28-744-1024x716.jpg\" alt=\"\" width=\"1024\" height=\"716\" srcset=\"https:\/\/unifranz.edu.bo\/wp-content\/uploads\/2024\/07\/Picsart_24-07-02_12-48-28-744-1024x716.jpg 1024w, https:\/\/unifranz.edu.bo\/wp-content\/uploads\/2024\/07\/Picsart_24-07-02_12-48-28-744-300x210.jpg 300w, https:\/\/unifranz.edu.bo\/wp-content\/uploads\/2024\/07\/Picsart_24-07-02_12-48-28-744-768x537.jpg 768w, https:\/\/unifranz.edu.bo\/wp-content\/uploads\/2024\/07\/Picsart_24-07-02_12-48-28-744-1536x1074.jpg 1536w, https:\/\/unifranz.edu.bo\/wp-content\/uploads\/2024\/07\/Picsart_24-07-02_12-48-28-744-18x12.jpg 18w, https:\/\/unifranz.edu.bo\/wp-content\/uploads\/2024\/07\/Picsart_24-07-02_12-48-28-744.jpg 1545w\" sizes=\"auto, (max-width: 1024px) 100vw, 1024px\" \/><\/p>\n<p><span style=\"color: #000000;\">Vivir su experiencia internacional en Mar del Plata hizo que Carlos fortalezca su car\u00e1cter al superar diversas situaciones: \u201c\u2060El experimentar la soledad en las actividades diarias fue bastante \u00fatil, aprend\u00ed a sobrellevar situaciones complicadas y cotidianas de manera aut\u00f3noma sin necesidad de intervenci\u00f3n de mi familia o amigos cercanos, porque el contexto no me lo permit\u00eda, logr\u00e9 desarrollar m\u00e1s mi independencia\u201d.<\/span><\/p>\n<p><span style=\"color: #000000;\">Para el director de la carrera de Administraci\u00f3n de Hoteler\u00eda y Turismo Javier Rivera, realizar un intercambio en otro pa\u00eds obliga al estudiante a salir de su zona de confort, para adaptarse a una nueva realidad, a una cultura distinta y le ense\u00f1a a administrar su tiempo, recursos econ\u00f3micos y ser m\u00e1s independiente.<\/span><\/p>\n<p><span style=\"color: #000000;\">\u201cEl estudiante medir\u00e1 su nivel acad\u00e9mico en otro entorno y con otros actores, sin duda alguna, su autoexigencia deber\u00e1 ser mayor para destacar en este nuevo medio. Haciendo una analog\u00eda a Her\u00e1clito, un estudiante que ha vivido una experiencia internacional jam\u00e1s ser\u00e1 el mismo despu\u00e9s de retornar, pues habr\u00e1 abierto sus ojos a un mundo nuevo, nuevas posibilidades y nuevos retos y, por ende, sus competencias ser\u00e1n mayores\u201d, afirm\u00f3 el acad\u00e9mico.<\/span><\/p>\n<p><span style=\"color: #000000;\"><strong>\u00bfC\u00f3mo postular al programa de Internacionalizaci\u00f3n?<\/strong><\/span><\/p>\n<p><span style=\"color: #000000;\">La asesora del programa de Movilidad Internacional de Unifranz, Mariana Aguilar, asegura que las vivencias que atraviesan los estudiantes con la Internacionalizaci\u00f3n les permiten fortalecer su car\u00e1cter, conocimientos y habilidades. Recomienda que, en lo posible, \u201ctodos los profesionales deber\u00edan contar con esta experiencia en su hoja de vida, porque les da un plus al momento de buscar mayores oportunidades en el mundo laboral\u201d.<\/span><\/p>\n<p><span style=\"color: #000000;\">Los estudiantes interesados en postular al programa deben estar por lo menos en segundo semestre, tener los documentos personales al d\u00eda (c\u00e9dula de identidad, pasaporte y visa, en caso de que el pa\u00eds al que viajar\u00e1 lo solicite), tener definida la universidad de destino, buena conducta y promedio general. Con toda la documentaci\u00f3n lista, el departamento de Internacionalizaci\u00f3n de Unifranz se encarga de procesar los tr\u00e1mites correspondientes.<\/span><\/p>\n<p><span style=\"color: #000000;\">Si quieres ser parte de la experiencia de Internacionalizaci\u00f3n, visita el siguiente enlace:<\/span> <a href=\"https:\/\/rrii.unifranz.edu.bo\/\">https:\/\/rrii.unifranz.edu.bo\/<\/a><\/p>\n<p><img loading=\"lazy\" decoding=\"async\" class=\"alignnone wp-image-313554 size-large\" src=\"https:\/\/unifranz.edu.bo\/wp-content\/uploads\/2024\/07\/Picsart_24-07-02_12-49-34-370-1024x716.jpg\" alt=\"\" width=\"1024\" height=\"716\" srcset=\"https:\/\/unifranz.edu.bo\/wp-content\/uploads\/2024\/07\/Picsart_24-07-02_12-49-34-370-1024x716.jpg 1024w, https:\/\/unifranz.edu.bo\/wp-content\/uploads\/2024\/07\/Picsart_24-07-02_12-49-34-370-300x210.jpg 300w, https:\/\/unifranz.edu.bo\/wp-content\/uploads\/2024\/07\/Picsart_24-07-02_12-49-34-370-768x537.jpg 768w, https:\/\/unifranz.edu.bo\/wp-content\/uploads\/2024\/07\/Picsart_24-07-02_12-49-34-370-1536x1074.jpg 1536w, https:\/\/unifranz.edu.bo\/wp-content\/uploads\/2024\/07\/Picsart_24-07-02_12-49-34-370-18x12.jpg 18w, https:\/\/unifranz.edu.bo\/wp-content\/uploads\/2024\/07\/Picsart_24-07-02_12-49-34-370.jpg 1545w\" sizes=\"auto, (max-width: 1024px) 100vw, 1024px\" \/><\/p>","protected":false},"excerpt":{"rendered":"<p>La Universidad Nacional de Mar del Plata, Argentina, fue la instituci\u00f3n que Carlos Coronel eligi\u00f3 para su intercambio universitario. El joven es estudiante de Administraci\u00f3n de Hoteler\u00eda y Turismo en la Universidad Franz Tamayo, Unifranz, y fue admitido en el programa Internacional\u00edzate para cursar el quinto semestre de su carrera en el pa\u00eds vecino. \u201cDecid\u00ed &hellip; <a href=\"https:\/\/unifranz.edu.bo\/pt\/blog\/carlos-coronel-vive-la-internacionalizacion-unifranz-en-mar-del-plata-argentina\/\">Continued<\/a><\/p>","protected":false},"author":33,"featured_media":313552,"comment_status":"open","ping_status":"open","sticky":false,"template":"","format":"standard","meta":{"_acf_changed":false,"footnotes":""},"categories":[2576,1996,60,2858,1782],"tags":[5174,62,2828,1650,2820],"class_list":["post-313551","post","type-post","status-publish","format-standard","has-post-thumbnail","hentry","category-unifranz-santa-cruz","category-administracion-de-hoteleria-y-turismo","category-blog","category-innovacion-en-educacion","category-unifranz","tag-intercambios-universitarios","tag-internacionalizate","tag-mar-del-plata","tag-mejores-universidades-de-bolivia","tag-universidad-nacional-de-mar-del-plata"],"acf":[],"_links":{"self":[{"href":"https:\/\/unifranz.edu.bo\/pt\/wp-json\/wp\/v2\/posts\/313551","targetHints":{"allow":["GET"]}}],"collection":[{"href":"https:\/\/unifranz.edu.bo\/pt\/wp-json\/wp\/v2\/posts"}],"about":[{"href":"https:\/\/unifranz.edu.bo\/pt\/wp-json\/wp\/v2\/types\/post"}],"author":[{"embeddable":true,"href":"https:\/\/unifranz.edu.bo\/pt\/wp-json\/wp\/v2\/users\/33"}],"replies":[{"embeddable":true,"href":"https:\/\/unifranz.edu.bo\/pt\/wp-json\/wp\/v2\/comments?post=313551"}],"version-history":[{"count":1,"href":"https:\/\/unifranz.edu.bo\/pt\/wp-json\/wp\/v2\/posts\/313551\/revisions"}],"predecessor-version":[{"id":313555,"href":"https:\/\/unifranz.edu.bo\/pt\/wp-json\/wp\/v2\/posts\/313551\/revisions\/313555"}],"wp:featuredmedia":[{"embeddable":true,"href":"https:\/\/unifranz.edu.bo\/pt\/wp-json\/wp\/v2\/media\/313552"}],"wp:attachment":[{"href":"https:\/\/unifranz.edu.bo\/pt\/wp-json\/wp\/v2\/media?parent=313551"}],"wp:term":[{"taxonomy":"category","embeddable":true,"href":"https:\/\/unifranz.edu.bo\/pt\/wp-json\/wp\/v2\/categories?post=313551"},{"taxonomy":"post_tag","embeddable":true,"href":"https:\/\/unifranz.edu.bo\/pt\/wp-json\/wp\/v2\/tags?post=313551"}],"curies":[{"name":"wp","href":"https:\/\/api.w.org\/{rel}","templated":true}]}}