{"id":310163,"date":"2024-06-27T18:42:11","date_gmt":"2024-06-27T22:42:11","guid":{"rendered":"https:\/\/unifranz.edu.bo\/?p=310163"},"modified":"2024-06-27T18:43:31","modified_gmt":"2024-06-27T22:43:31","slug":"dia-internacional-del-orgullo-lgbt-lgbtq","status":"publish","type":"post","link":"https:\/\/unifranz.edu.bo\/pt\/blog\/dia-internacional-del-orgullo-lgbt-lgbtq\/","title":{"rendered":"La comunidad LGBTQ+: un viaje hostil, de amor, lucha y aceptaci\u00f3n"},"content":{"rendered":"<p><span style=\"color: #000000;\">Por Jorge L\u00f3pez<\/span><\/p>\n<p><span style=\"font-weight: 400; color: #000000;\">Las historias de la comunidad LGBTQ+ resuenan con una mezcla de amor y lucha. Cada individuo, con su identidad y su opci\u00f3n sexual, enfrenta un mundo que, a veces, se muestra hostil, pero tambi\u00e9n se arropa en comunidades donde el apoyo, la empat\u00eda y la solidaridad mutua es constante y de una fuerza inquebrantable.\u00a0<\/span><\/p>\n<p><span style=\"color: #000000;\"><span style=\"font-weight: 400;\">La sigla LGBTQ+ es utilizada para designar a las diversidades sexuales y de g\u00e9nero. Se trata de un nuevo vocabulario tan diverso como los colores del arco\u00edris y en orden, se refiere a lesbianas, gays, bisexuales, transg\u00e9nero y <\/span><i><span style=\"font-weight: 400;\">queer<\/span><\/i><span style=\"font-weight: 400;\"> o <\/span><i><span style=\"font-weight: 400;\">questioning<\/span><\/i><span style=\"font-weight: 400;\">.<\/span><\/span><\/p>\n<p><span style=\"font-weight: 400; color: #000000;\">Con diversas actividades que se desarrollan desde principios de mes, Bolivia conmemora el D\u00eda Internacional del Orgullo LGBTQ+, que se celebra cada 28 de junio en todo el mundo. La agenda festiva cerrar\u00e1 este s\u00e1bado 29 con la Gran Marcha del Orgullo en las principales ciudades capitales del pa\u00eds.\u00a0<\/span><\/p>\n<p><span style=\"color: #000000;\"><b>\u201cNunca estuve en el cl\u00f3set\u201d<\/b><\/span><\/p>\n<p><span style=\"font-weight: 400; color: #000000;\">Desde peque\u00f1o, David Aruquipa, tambi\u00e9n conocido como Dana Gal\u00e1n, se sinti\u00f3 diferente. Nacido en un entorno tradicional, se acept\u00f3 a s\u00ed mismo como gay a temprana edad. \u00abYo nunca estuve en el closet\u00bb, recuerda. Su capacidad para aceptarse a s\u00ed mismo fue un faro de esperanza en una sociedad que muchas veces no comprend\u00eda la diversidad sexual.\u00a0<\/span><\/p>\n<p><span style=\"font-weight: 400; color: #000000;\">\u201cSiempre he manejado las reacciones negativas con iron\u00eda y risas, no con sarcasmo. Desde peque\u00f1o, mi madre me ense\u00f1\u00f3 a ser extrovertido y a luchar por lo que quiero. Su formaci\u00f3n me dio la capacidad de defenderme sin victimizaci\u00f3n\u201d, cuenta Aruquipa.\u00a0<\/span><\/p>\n<p><span style=\"font-weight: 400; color: #000000;\">Esta actitud le permiti\u00f3 manejar situaciones de burla con una destreza notable; convert\u00eda las miradas cr\u00edticas en momentos de humor, haciendo que los que intentaban menospreciarlo terminen sinti\u00e9ndose inc\u00f3modos o, incluso, ridiculizados por s\u00ed mismos. Esta estrategia no s\u00f3lo lo acompa\u00f1\u00f3 en su vida cotidiana, sino que tambi\u00e9n se convirti\u00f3 en un recurso vital cuando, junto a la familia Gal\u00e1n, se enfrentaba a agresiones callejeras.\u00a0<\/span><\/p>\n<p><span style=\"font-weight: 400; color: #000000;\">Cuando los insultaban con t\u00e9rminos homof\u00f3bicos, respond\u00edan con seguridad \u00abS\u00ed, somos maricones y nos gustas\u00bb. Esta respuesta audaz no s\u00f3lo desarmaba a los agresores, sino que tambi\u00e9n hac\u00eda re\u00edr a los espectadores, cambiando la din\u00e1mica del encuentro y mostrando que el poder de decidir a qui\u00e9n responder y c\u00f3mo hacerlo, siempre estaba en sus manos.<\/span><\/p>\n<p><span style=\"font-weight: 400; color: #000000;\">A\u00f1os despu\u00e9s, en un entorno de mayor apertura social y todav\u00eda con muchos desaf\u00edos como colectivos LGBTQ+, David encontr\u00f3 a su pareja actual, Guido Monta\u00f1o. Ellos han constituido una familia y son la primera pareja del mismo sexo en casarse legalmente en el pa\u00eds. Reconocido gestor cultural y activista por los derechos LGBTQ+, el trabajo de Aruquipa fue y es fundamental para visibilizar las luchas y logros de estas comunidades en Bolivia.\u00a0\u00a0<\/span><\/p>\n<figure id=\"attachment_310165\" aria-describedby=\"caption-attachment-310165\" style=\"width: 921px\" class=\"wp-caption aligncenter\"><img loading=\"lazy\" decoding=\"async\" class=\"wp-image-310165\" src=\"https:\/\/unifranz.edu.bo\/wp-content\/uploads\/2024\/06\/DIA-ORGULLO2-DAVID-ARUQUIPA-BLOG-300x155.jpg\" alt=\"\" width=\"921\" height=\"476\" srcset=\"https:\/\/unifranz.edu.bo\/wp-content\/uploads\/2024\/06\/DIA-ORGULLO2-DAVID-ARUQUIPA-BLOG-300x155.jpg 300w, https:\/\/unifranz.edu.bo\/wp-content\/uploads\/2024\/06\/DIA-ORGULLO2-DAVID-ARUQUIPA-BLOG-1024x529.jpg 1024w, https:\/\/unifranz.edu.bo\/wp-content\/uploads\/2024\/06\/DIA-ORGULLO2-DAVID-ARUQUIPA-BLOG-768x397.jpg 768w, https:\/\/unifranz.edu.bo\/wp-content\/uploads\/2024\/06\/DIA-ORGULLO2-DAVID-ARUQUIPA-BLOG-18x9.jpg 18w, https:\/\/unifranz.edu.bo\/wp-content\/uploads\/2024\/06\/DIA-ORGULLO2-DAVID-ARUQUIPA-BLOG.jpg 1200w\" sizes=\"auto, (max-width: 921px) 100vw, 921px\" \/><figcaption id=\"caption-attachment-310165\" class=\"wp-caption-text\"><em><span style=\"color: #000000;\">David Aruquipa y Guido Monta\u00f1o, han constituido una familia y son la primera pareja del mismo sexo en casarse legalmente en el pa\u00eds.<\/span><\/em><\/figcaption><\/figure>\n<p><span style=\"color: #000000;\"><b>Un proceso dif\u00edcil<\/b><\/span><\/p>\n<p><span style=\"font-weight: 400; color: #000000;\">Para Jos\u00e9 Rodolfo Vargas, aceptar su identidad sexual fue un proceso dif\u00edcil porque hasta hace 25 a\u00f1os, aproximadamente, Bolivia era un lugar menos tolerante y salir del closet no era una buena opci\u00f3n.<\/span><\/p>\n<p><span style=\"font-weight: 400; color: #000000;\">\u00abMe enfrent\u00e9 a muchos temores\u00bb, confiesa. Sin embargo, la necesidad de ser aut\u00e9ntico consigo mismo, finalmente, le ayudaron a superar sus temores, con mucha valent\u00eda.<\/span><\/p>\n<p><span style=\"font-weight: 400; color: #000000;\">\u201cEstaba educado en un colegio de curas. Mi familia era y es muy cat\u00f3lica. Eso me oblig\u00f3 a esconder una parte fundamental de mi identidad y de mi vida para protegerme de la discriminaci\u00f3n y el estigma, pero luego, despu\u00e9s de recibir apoyo profesional con terapia, pude salir del closet y demostrar realmente qui\u00e9n soy\u201d, comenta Vargas.\u00a0<\/span><\/p>\n<p><span style=\"font-weight: 400; color: #000000;\">Manejar las reacciones negativas fue una parte complicada para Jos\u00e9 Rodolfo. Su familia, inicialmente, no acept\u00f3 su orientaci\u00f3n sexual, lo que lo llev\u00f3 a tomar la decisi\u00f3n de emigrar a Colombia, donde vivi\u00f3 durante 10 a\u00f1os. En ese per\u00edodo, encontr\u00f3 un ambiente que lo empoder\u00f3 y fortaleci\u00f3 enormemente.<\/span><\/p>\n<p><span style=\"font-weight: 400; color: #000000;\">Durante su estad\u00eda en Colombia, Jos\u00e9 pudo desarrollar un discurso claro y una defensa s\u00f3lida de su propia vida. Rodearse de personas que entend\u00edan y apoyaban su proceso fue crucial para su bienestar emocional y mental.\u00a0<\/span><\/p>\n<p><span style=\"font-weight: 400; color: #000000;\">\u201cFormar parte de la familia Gal\u00e1n y del colectivo LGBTQ+ fue fundamental para mi bienestar emocional y mental\u201d, comenta.\u00a0\u00a0<\/span><\/p>\n<p><span style=\"font-weight: 400; color: #000000;\">Estas comunidades no s\u00f3lo le ayudaron a enfrentar la negatividad con paciencia y educaci\u00f3n, buscando cambiar percepciones a trav\u00e9s del di\u00e1logo, sino que tambi\u00e9n le dieron el coraje necesario para tomar decisiones dif\u00edciles.<\/span><\/p>\n<p><span style=\"font-weight: 400; color: #000000;\">En algunos casos, tuvo que alejarse de personas t\u00f3xicas dentro de su familia, amistades y entornos laborales que no aceptaban su orientaci\u00f3n sexual. Aunque estas decisiones fueron dolorosas, \u00e9l aprendi\u00f3 que mantenerse alejado de la negatividad era esencial para preservar su propia paz y felicidad.<\/span><\/p>\n<p><span style=\"font-weight: 400; color: #000000;\">Para Vargas, estar rodeado de personas que le apoyan y comprenden, comprometidas con la defensa y promoci\u00f3n de los derechos humanos, es fundamental. Cree que es mejor estar en entornos donde puede ser aut\u00e9ntico y encontrar apoyo, en lugar de tolerar el sufrimiento emocional causado por la falta de aceptaci\u00f3n.\u00a0<\/span><\/p>\n<p><span style=\"font-weight: 400; color: #000000;\">Estas experiencias no solo fortalecen su sentido de identidad y autoestima, sino que tambi\u00e9n lo guiaron hacia un camino de autenticidad y resistencia, donde vivir abiertamente.<\/span><\/p>\n<p><span style=\"font-weight: 400; color: #000000;\">Aunque enfrent\u00f3 rechazo y prejuicios, su determinaci\u00f3n lo llev\u00f3 a salir adelante. Hoy, es un profesional exitoso. Jos\u00e9 Rodolfo Vargas Aramayo, posee una licenciatura en Filosof\u00eda, por la Pontificia Universidad Javeriana de Bogot\u00e1 y una maestr\u00eda en g\u00e9nero de la Facultad Latinoamericana de Ciencias Sociales (FLACSO) de Uruguay.\u00a0<\/span><\/p>\n<p><span style=\"color: #000000;\"><span style=\"font-weight: 400;\">\u201cSoy una persona en continua construcci\u00f3n\u201d, destaca Vargas, quien hace m\u00e1s de 10 a\u00f1os realiza activismo mediante el transformismo <\/span><i><span style=\"font-weight: 400;\">drag queen<\/span><\/i><span style=\"font-weight: 400;\">, siendo parte de la Familia Gal\u00e1n. Hace radio, televisi\u00f3n y teatro y es presidente del Colectivo TLGB de Bolivia, movimiento de base social.<\/span><\/span><\/p>\n<p><span style=\"color: #000000;\"><b>Jonathan, una historia de perseverancia y autoaceptaci\u00f3n<\/b><\/span><\/p>\n<p><span style=\"font-weight: 400; color: #000000;\">Jonathan Arancibia tambi\u00e9n enfrent\u00f3 grandes retos. Cuando revel\u00f3 a sus padres su orientaci\u00f3n sexual, recibi\u00f3 como respuesta s\u00f3lo el rechazo de sus seres queridos.\u00a0<\/span><\/p>\n<p><span style=\"font-weight: 400; color: #000000;\">\u00abFue un proceso un poco complicado ya que no he salido del cl\u00f3set como tal, sino que fui descubierto y, si bien en un inicio ha sido un poco complicado en relaci\u00f3n al trato con mis pap\u00e1s, cada a\u00f1o ha ido mejorando\u00bb, menciona Arancibia.\u00a0<\/span><\/p>\n<p><span style=\"font-weight: 400; color: #000000;\">Manejar las reacciones negativas de \u201csalir del cl\u00f3set\u201d fue complicado para el joven, que hoy ya tiene 30 a\u00f1os. Sus padres, inicialmente, no aceptaron su orientaci\u00f3n sexual, lo que lo llev\u00f3 a tomar la decisi\u00f3n de emprender un camino de empoderamiento alejado de su familia.\u00a0<\/span><\/p>\n<p><span style=\"font-weight: 400; color: #000000;\">Con el tiempo, se involucr\u00f3 en el activismo y el apoyo a personas con diversas orientaciones sexuales, as\u00ed como a individuos que viven con VIH.<\/span><\/p>\n<p><span style=\"font-weight: 400; color: #000000;\">Actualmente, se desempe\u00f1a como supervisor en instituciones que trabajan con poblaci\u00f3n LGBTQ+ y personas con VIH, cultivando relaciones s\u00f3lidas y significativas tanto en el \u00e1mbito laboral como personal, basadas en la amistad y el activismo compartido. Estas experiencias no s\u00f3lo han fortalecido su compromiso con la comunidad, sino que tambi\u00e9n han sido fundamentales para su propio crecimiento y bienestar emocional.<\/span><\/p>\n<p><span style=\"font-weight: 400; color: #000000;\">Su activismo lo llev\u00f3 a encontrar un sentido de prop\u00f3sito y satisfacci\u00f3n al trabajar con personas que comparten sus valores. Su historia, por otra parte, refleja una evoluci\u00f3n personal marcada por la perseverancia, la autoaceptaci\u00f3n y el compromiso con la causa de los derechos humanos y la igualdad para todos.<\/span><\/p>\n<p><span style=\"color: #000000;\"><b>Por qu\u00e9 el 28 de junio es D\u00eda del Orgullo LGBTQ+<\/b><\/span><\/p>\n<p><span style=\"font-weight: 400; color: #000000;\">El D\u00eda del Orgullo LGBQB+ se celebra cada 28 de junio en conmemoraci\u00f3n a los disturbios de Stonewall en Nueva York (1969) contra una redada policial en el bar Stonewall Inn, un conocido punto de encuentro para la comunidad LGBT.\u00a0<\/span><\/p>\n<p><span style=\"font-weight: 400; color: #000000;\">Un a\u00f1o despu\u00e9s, en 1970, se organiz\u00f3 la primera marcha del Orgullo en Nueva York para conmemorar estos acontecimientos. Desde entonces, el 28 de junio se ha convertido en una fecha emblem\u00e1tica para la comunidad LGBTQ+ en todo el mundo, seg\u00fan National Geographic.<\/span><\/p>\n<p><span style=\"font-weight: 400; color: #000000;\">El D\u00eda del Orgullo no s\u00f3lo es una celebraci\u00f3n de la identidad y la diversidad, sino tambi\u00e9n un recordatorio de las luchas pasadas y presentes. Aunque la aceptaci\u00f3n y los derechos de estas personas han avanzado significativamente, a\u00fan queda mucho por hacer. Las marchas y celebraciones de orgullo son una fiesta y, al mismo tiempo, una protesta y forma de visibilizar la existencia y resistencia de la comunidad.<\/span><\/p>\n<p><span style=\"font-weight: 400; color: #000000;\">Para Paola Hoyos, docente de la carrera de Psicolog\u00eda de la Universidad Franz Tamayo, Unifranz, superar prejuicios y aumentar la empat\u00eda hacia la comunidad LGBTQ+ requiere de un esfuerzo colectivo para entender mejor la diversidad de experiencias humanas.\u00a0<\/span><\/p>\n<p><span style=\"font-weight: 400; color: #000000;\">\u201cA trav\u00e9s de una educaci\u00f3n efectiva que explique las realidades de la diversidad sexual y de g\u00e9nero, podemos desmantelar los mitos y estereotipos en torno a este tema\u201d, manifiesta.<\/span><\/p>\n<p><span style=\"font-weight: 400; color: #000000;\">Las historias de David, Jos\u00e9 y Jonathan, junto con la conmemoraci\u00f3n del D\u00eda del Orgullo, nos recuerdan que el viaje hacia la aceptaci\u00f3n y los derechos humanos es largo y desafiante, pero tambi\u00e9n lleno de esperanza y amor en la construcci\u00f3n de un mundo m\u00e1s inclusivo y justo para todos.<\/span><\/p>","protected":false},"excerpt":{"rendered":"<p>Por Jorge L\u00f3pez Las historias de la comunidad LGBTQ+ resuenan con una mezcla de amor y lucha. Cada individuo, con su identidad y su opci\u00f3n sexual, enfrenta un mundo que, a veces, se muestra hostil, pero tambi\u00e9n se arropa en comunidades donde el apoyo, la empat\u00eda y la solidaridad mutua es constante y de una &hellip; <a href=\"https:\/\/unifranz.edu.bo\/pt\/blog\/dia-internacional-del-orgullo-lgbt-lgbtq\/\">Continued<\/a><\/p>","protected":false},"author":45,"featured_media":310164,"comment_status":"open","ping_status":"open","sticky":false,"template":"","format":"standard","meta":{"_acf_changed":false,"footnotes":""},"categories":[60,2566,1862,5338,2194,1782],"tags":[9006,9008,9010,1258,3346,8582,240,242],"class_list":["post-310163","post","type-post","status-publish","format-standard","has-post-thumbnail","hentry","category-blog","category-docente","category-educacion","category-inclusion","category-psicologia","category-unifranz","tag-dia-internacional-del-orgullo-lgbt","tag-gay","tag-homofobia","tag-inclusion","tag-libertad","tag-lucha-contra-la-homofobia","tag-psicologia","tag-unifranz"],"acf":[],"_links":{"self":[{"href":"https:\/\/unifranz.edu.bo\/pt\/wp-json\/wp\/v2\/posts\/310163","targetHints":{"allow":["GET"]}}],"collection":[{"href":"https:\/\/unifranz.edu.bo\/pt\/wp-json\/wp\/v2\/posts"}],"about":[{"href":"https:\/\/unifranz.edu.bo\/pt\/wp-json\/wp\/v2\/types\/post"}],"author":[{"embeddable":true,"href":"https:\/\/unifranz.edu.bo\/pt\/wp-json\/wp\/v2\/users\/45"}],"replies":[{"embeddable":true,"href":"https:\/\/unifranz.edu.bo\/pt\/wp-json\/wp\/v2\/comments?post=310163"}],"version-history":[{"count":1,"href":"https:\/\/unifranz.edu.bo\/pt\/wp-json\/wp\/v2\/posts\/310163\/revisions"}],"predecessor-version":[{"id":310168,"href":"https:\/\/unifranz.edu.bo\/pt\/wp-json\/wp\/v2\/posts\/310163\/revisions\/310168"}],"wp:featuredmedia":[{"embeddable":true,"href":"https:\/\/unifranz.edu.bo\/pt\/wp-json\/wp\/v2\/media\/310164"}],"wp:attachment":[{"href":"https:\/\/unifranz.edu.bo\/pt\/wp-json\/wp\/v2\/media?parent=310163"}],"wp:term":[{"taxonomy":"category","embeddable":true,"href":"https:\/\/unifranz.edu.bo\/pt\/wp-json\/wp\/v2\/categories?post=310163"},{"taxonomy":"post_tag","embeddable":true,"href":"https:\/\/unifranz.edu.bo\/pt\/wp-json\/wp\/v2\/tags?post=310163"}],"curies":[{"name":"wp","href":"https:\/\/api.w.org\/{rel}","templated":true}]}}