{"id":305386,"date":"2024-06-24T16:45:29","date_gmt":"2024-06-24T20:45:29","guid":{"rendered":"https:\/\/unifranz.edu.bo\/?p=305386"},"modified":"2025-03-05T13:57:55","modified_gmt":"2025-03-05T17:57:55","slug":"futuros-ingenieros-de-unifranz-desarrollan-sistema-de-medicion-de-la-calidad-del-agua","status":"publish","type":"post","link":"https:\/\/unifranz.edu.bo\/pt\/blog\/futuros-ingenieros-de-unifranz-desarrollan-sistema-de-medicion-de-la-calidad-del-agua\/","title":{"rendered":"Futuros ingenieros de Unifranz desarrollan sistema de medici\u00f3n de la calidad del agua"},"content":{"rendered":"<p><span style=\"font-weight: 400; color: #000000;\">A 4.000 metros sobre el nivel del mar se abre una ciudad habitada por m\u00e1s de un mill\u00f3n de personas. Esa cifra convierte a El Alto en la segunda urbe m\u00e1s poblada del pa\u00eds, donde la provisi\u00f3n y preservaci\u00f3n del agua potable cada d\u00eda toma mayor importancia.<\/span><\/p>\n<p><span style=\"font-weight: 400; color: #000000;\">Construida en lo alto del altiplano, las principales fuentes de abastecimiento del recurso h\u00eddrico son los deshielos que bajan de las monta\u00f1as que marcan los l\u00edmites del municipio. Como recurso finito y sensible a los efectos del calentamiento global, la preservaci\u00f3n del agua dulce es una tarea de inter\u00e9s com\u00fan. As\u00ed lo asumen estudiantes de la carrera de Ingenier\u00eda de Sistemas de la Universidad Franz Tamayo, Unifranz, quienes desarrollaron un sistema de medici\u00f3n de la calidad del agua.<\/span><\/p>\n<p><span style=\"color: #000000;\"><span style=\"font-weight: 400;\">Durante ocho meses, Ronald Choque, Daniel Escobar, Jos\u00e9 Sarmiento, Aar\u00f3n Huanca y Kevin Apaza desarrollaron el <\/span><b>sistema <\/b><b><i>View Green Tec<\/i><\/b><span style=\"font-weight: 400;\">, un modelo de monitorizaci\u00f3n del agua que sirve para evaluar muestras y centralizar datos respecto a su grado de contaminaci\u00f3n.<\/span><\/span><\/p>\n<p><span style=\"font-weight: 400; color: #000000;\">\u201cEl desarrollo ha sido dividido en diferentes etapas. La primera consisti\u00f3 en la presentaci\u00f3n del proyecto en una feria de tecnolog\u00eda, de la cual nosotros ganamos el primer lugar\u201d, recuerda Ronald.<\/span><\/p>\n<p><span style=\"color: #000000;\"><span style=\"font-weight: 400;\">Este primer paso sirvi\u00f3 para fabricar prototipos y aplicar la tecnolog\u00eda que por entonces ten\u00edan disponible. El plan del grupo se potenci\u00f3 con su participaci\u00f3n en el <\/span><b>NASA Space Apps Challenge<\/b><span style=\"font-weight: 400;\">, concurso convocado por la <\/span><b>agencia espacial estadounidense<\/b><span style=\"font-weight: 400;\">.<\/span><\/span><\/p>\n<p><span style=\"font-weight: 400; color: #000000;\">\u201cAsistimos a representar al pa\u00eds y logramos una nominaci\u00f3n global en el evento. Eso nos sirvi\u00f3 para perfeccionar nuestro sistema: primero desarrollamos una aplicaci\u00f3n con la que recog\u00edamos datos, los analiz\u00e1bamos y ve\u00edamos los resultados. Luego del concurso de la NASA incluso nos conectamos con datos de Estados Unidos, eso nos ayud\u00f3 para el \u00faltimo avance, la incorporaci\u00f3n de la inteligencia artificial (IA), lo que nos permiti\u00f3 presentarla como proyecto integrador\u201d, detalla Choque.<\/span><\/p>\n<p><iframe loading=\"lazy\" title=\"YouTube video player\" src=\"https:\/\/www.youtube.com\/embed\/BVHav6sRGW4?si=k8RJb2vxdNUoAXK_\" width=\"560\" height=\"315\" frameborder=\"0\" allowfullscreen=\"allowfullscreen\"><\/iframe><\/p>\n<p><span style=\"color: #000000;\"><b>Soluciones con impacto social<\/b><\/span><\/p>\n<p><span style=\"font-weight: 400; color: #000000;\">Para calificar como un proyecto integrador, el planteamiento de los estudiantes de Unifranz debe sustentarse en tres pilares: perfilarse como una soluci\u00f3n con impacto social, apoyarse en las nuevas tecnolog\u00edas para cumplir con su prop\u00f3sito y ser un trabajo colaborativo.<\/span><\/p>\n<p><span style=\"font-weight: 400; color: #000000;\">\u201cCon la implementaci\u00f3n de la inteligencia artificial y la visi\u00f3n artificial, espec\u00edficamente, ya pod\u00edamos conocer hasta el tipo de basura que estaba contaminando las aguas, pod\u00edamos conocer la cantidad de desechos que est\u00e1n acumulados en un \u00e1rea determinada\u201d, se\u00f1ala el vocero del grupo de estudiantes.<\/span><\/p>\n<p><span style=\"color: #000000;\"><span style=\"font-weight: 400;\">Desde la fase de desarrollo, construcci\u00f3n de los dispositivos y puesta en marcha, el proyecto denominado <\/span><i><span style=\"font-weight: 400;\">View Green Tec<\/span><\/i><span style=\"font-weight: 400;\"> demostr\u00f3 su factibilidad en la aplicaci\u00f3n dentro del contexto real, un elemento que confirm\u00f3 el impacto social del sistema.<\/span><\/span><\/p>\n<p><span style=\"font-weight: 400; color: #000000;\">\u201cEl beneficio social de este proyecto va dirigido a la recopilaci\u00f3n de toda la informaci\u00f3n de nuestro entorno. Tenemos la satisfacci\u00f3n de haber concretado un trabajo que funciona en la realidad y nos deja el compromiso de seguir actualiz\u00e1ndose para incorporar m\u00e1s funciones que permitan utilizarlo en otras zonas\u201d, explica.<\/span><\/p>\n<p><span style=\"color: #000000;\"><b>Funcionamiento y aplicabilidad<\/b><\/span><\/p>\n<p><span style=\"color: #000000;\"><span style=\"font-weight: 400;\">Como sistema de medici\u00f3n de los niveles de contaminaci\u00f3n en zonas acu\u00edferas, <\/span><i><span style=\"font-weight: 400;\">View Green Tec<\/span><\/i><span style=\"font-weight: 400;\"> es una herramienta que verifica la calidad del agua. Permite la recolecci\u00f3n de muestras para generar informaci\u00f3n que, a la postre y de ser necesario, puede ser adjuntada como prueba para solicitar trabajos de limpieza en el sector de la ciudad donde se hayan detectado mayores grados de contaminaci\u00f3n.<\/span><\/span><\/p>\n<p><span style=\"font-weight: 400; color: #000000;\">\u201cEl hardware consiste en una central de sensores, los cuales captan los niveles de PH (potencial de hidr\u00f3geno) y turbidez, principalmente. Tambi\u00e9n permite medir la temperatura y humedad en el sector, datos que son recopilados. A trav\u00e9s de estos sensores, la data se env\u00eda por redes WiFi hasta nuestra aplicaci\u00f3n m\u00f3vil que se instala en el celular, un equipo en el que sintetizamos todo y desde el cual m\u00e1s tarde podemos extraer la informaci\u00f3n que necesitemos\u201d, agrega el futuro ingeniero en Sistemas.<\/span><\/p>\n<p><span style=\"font-weight: 400; color: #000000;\">El modelo desarrollado por los estudiantes ya fue probado en el municipio de Viacha, donde se recolect\u00f3 informaci\u00f3n y se inform\u00f3 sobre la calidad del agua que se consume en la localidad. Adem\u00e1s, se levantaron datos de distintas zonas de la ciudad de El Alto.<\/span><\/p>\n<p><span style=\"font-weight: 400; color: #000000;\">\u201cEn Viacha el tema es un poco delicado, hicimos un an\u00e1lisis inicial en las vertientes que tiene y en el r\u00edo que pasa por ah\u00ed, lamentablemente el agua que llega a Viacha no es la \u00f3ptima. En dos distritos con mayor poblaci\u00f3n de El Alto comprobamos que la calidad es aceptable, pero en zonas extremadamente c\u00e9ntricas, como la Ceja, registramos estados no aptos para el consumo\u201d, precis\u00f3 Choque.<\/span><\/p>\n<p><span style=\"color: #000000;\"><b>Graduarse con experiencia<\/b><\/span><\/p>\n<p><span style=\"font-weight: 400; color: #000000;\">En Unifranz, graduarse con experiencia es posible gracias al principio pedag\u00f3gico de \u201caprender haciendo\u201d, una sinergia que se construye desde la visualizaci\u00f3n de un problema real, el an\u00e1lisis de la situaci\u00f3n y la aplicaci\u00f3n de los conocimientos para plantear una soluci\u00f3n.<\/span><\/p>\n<p><span style=\"font-weight: 400; color: #000000;\">\u201cEl aprender haciendo permite que los estudiantes visualicen retos y problemas a solucionar; al ser enteramente pr\u00e1cticos, se busca integrar \u00e1reas de formaci\u00f3n y validar el desarrollo de las competencias profesionales. La evaluaci\u00f3n de estos proyectos permite demostrar la formaci\u00f3n integral, el fortalecimiento del modelo educativo de Unifranz centrado en el estudiante y, sobre todo, garantiza que nuestros profesionales se grad\u00faen con experiencia\u201d, asegura Eve Gomez, vicerrectora de Unifranz El Alto.\u00a0<\/span><\/p>\n<p><span style=\"font-weight: 400; color: #000000;\">Para apuntalar este modelo, se crearon los proyectos integradores \u2014entre los que se encuentra el View Green Tec\u2014, en los que el estudiante identifica un problema y plantea una soluci\u00f3n desde la creatividad e ingenio desarrollado durante la formaci\u00f3n de las competencias profesionales, m\u00e9todo con el que se fortalece el proceso de ense\u00f1anza-aprendizaje.<\/span><\/p>\n<p><span style=\"font-weight: 400; color: #000000;\">El car\u00e1cter \u201cintegrador\u201d genera interacci\u00f3n de los conocimientos y aprendizajes de varias \u00e1reas de formaci\u00f3n. Con este tipo de proceso educativo, los profesionales titulados en esta universidad tienen mayor facilidad de incorporarse al mercado laboral, ya que no s\u00f3lo re\u00fanen el conocimiento te\u00f3rico, sino que dominan su aplicaci\u00f3n en la realidad, un elemento valorado en un medio que demanda profesionales con experiencia.<\/span><\/p>\n<p><span style=\"font-weight: 400; color: #000000;\">\u201cEl futuro del trabajo demandar\u00e1 una combinaci\u00f3n de habilidades y experiencias; por lo cual, los nuevos profesionales deben centrar sus esfuerzos en desarrollar habilidades blandas, aprender de manera continua, pensar de manera creativa y adquirir experiencia pr\u00e1ctica\u201d, reflexiona el gerente general de la C\u00e1mara Nacional de Comercio (CNC), Gustavo J\u00e1uregui.<\/span><\/p>","protected":false},"excerpt":{"rendered":"<p>A 4.000 metros sobre el nivel del mar se abre una ciudad habitada por m\u00e1s de un mill\u00f3n de personas. Esa cifra convierte a El Alto en la segunda urbe m\u00e1s poblada del pa\u00eds, donde la provisi\u00f3n y preservaci\u00f3n del agua potable cada d\u00eda toma mayor importancia. Construida en lo alto del altiplano, las principales &hellip; <a href=\"https:\/\/unifranz.edu.bo\/pt\/blog\/futuros-ingenieros-de-unifranz-desarrollan-sistema-de-medicion-de-la-calidad-del-agua\/\">Continued<\/a><\/p>","protected":false},"author":45,"featured_media":305458,"comment_status":"open","ping_status":"open","sticky":false,"template":"","format":"standard","meta":{"_acf_changed":false,"footnotes":""},"categories":[3172,60,2186,2566,3604,2938,1782],"tags":[6184,3506,448,1422,242],"class_list":["post-305386","post","type-post","status-publish","format-standard","has-post-thumbnail","hentry","category-aprendizaje","category-blog","category-carreras-es","category-docente","category-ingenieria-de-sistemas-es","category-proyectos-integradores","category-unifranz","tag-agua","tag-consumo-de-agua","tag-ingenieria-de-sistemas","tag-innovacion-en-educacion","tag-unifranz"],"acf":[],"_links":{"self":[{"href":"https:\/\/unifranz.edu.bo\/pt\/wp-json\/wp\/v2\/posts\/305386","targetHints":{"allow":["GET"]}}],"collection":[{"href":"https:\/\/unifranz.edu.bo\/pt\/wp-json\/wp\/v2\/posts"}],"about":[{"href":"https:\/\/unifranz.edu.bo\/pt\/wp-json\/wp\/v2\/types\/post"}],"author":[{"embeddable":true,"href":"https:\/\/unifranz.edu.bo\/pt\/wp-json\/wp\/v2\/users\/45"}],"replies":[{"embeddable":true,"href":"https:\/\/unifranz.edu.bo\/pt\/wp-json\/wp\/v2\/comments?post=305386"}],"version-history":[{"count":3,"href":"https:\/\/unifranz.edu.bo\/pt\/wp-json\/wp\/v2\/posts\/305386\/revisions"}],"predecessor-version":[{"id":703082,"href":"https:\/\/unifranz.edu.bo\/pt\/wp-json\/wp\/v2\/posts\/305386\/revisions\/703082"}],"wp:featuredmedia":[{"embeddable":true,"href":"https:\/\/unifranz.edu.bo\/pt\/wp-json\/wp\/v2\/media\/305458"}],"wp:attachment":[{"href":"https:\/\/unifranz.edu.bo\/pt\/wp-json\/wp\/v2\/media?parent=305386"}],"wp:term":[{"taxonomy":"category","embeddable":true,"href":"https:\/\/unifranz.edu.bo\/pt\/wp-json\/wp\/v2\/categories?post=305386"},{"taxonomy":"post_tag","embeddable":true,"href":"https:\/\/unifranz.edu.bo\/pt\/wp-json\/wp\/v2\/tags?post=305386"}],"curies":[{"name":"wp","href":"https:\/\/api.w.org\/{rel}","templated":true}]}}