{"id":301348,"date":"2024-06-21T00:01:05","date_gmt":"2024-06-21T04:01:05","guid":{"rendered":"https:\/\/unifranz.edu.bo\/?p=301348"},"modified":"2024-06-24T10:42:48","modified_gmt":"2024-06-24T14:42:48","slug":"san-juan-una-tradicion-de-vida-renovacion-y-fuego","status":"publish","type":"post","link":"https:\/\/unifranz.edu.bo\/pt\/la-paz\/san-juan-una-tradicion-de-vida-renovacion-y-fuego\/","title":{"rendered":"San Juan: una tradici\u00f3n de vida, renovaci\u00f3n y fuego"},"content":{"rendered":"<p dir=\"ltr\" style=\"line-height: 1.2; margin-top: 0pt; margin-bottom: 8pt;\"><span style=\"color: #000000;\">Por Jorge L\u00f3pez<\/span><\/p>\n<p><span style=\"color: #000000;\">Cada 23 de junio en Bolivia celebramos la noche m\u00e1s fr\u00eda del a\u00f1o, como antesala a la celebraci\u00f3n de la festividad de San Juan, una tradici\u00f3n que ha evolucionado significativamente a lo largo de los siglos, adapt\u00e1ndose a diferentes contextos culturales y sociales.<\/span><\/p>\n<p><span style=\"font-weight: 400; color: #000000;\">A pesar de estos cambios, la esencia de la festividad se mantiene como la celebraci\u00f3n de la vida, la renovaci\u00f3n y el poder purificador del fuego.<\/span><\/p>\n<p><span style=\"font-weight: 400; color: #000000;\">La festividad de San Juan tiene sus ra\u00edces en antiguos ritos paganos que conmemoraban el inicio del solsticio de verano. Este evento, que marca el d\u00eda m\u00e1s largo del a\u00f1o, era celebrado con grandes hogueras, danzas y rituales en honor al sol, considerado la fuente de vida y prosperidad.\u00a0<\/span><\/p>\n<p><span style=\"font-weight: 400; color: #000000;\">Con la llegada del cristianismo, estas celebraciones fueron sincretizadas con el nacimiento de San Juan Bautista, transform\u00e1ndose en una fiesta religiosa que a\u00fan conserva muchos elementos de sus ra\u00edces paganas.<\/span><\/p>\n<p><span style=\"font-weight: 400; color: #000000;\">\u201cEste festival cat\u00f3lico, que celebra la figura b\u00edblica de San Juan Bautista, se celebra tradicionalmente encendiendo enormes hogueras y quemando en las llamas elementos que ya no son necesarios\u201d, se\u00f1ala Juan Carlos N\u00fa\u00f1ez, docente de la carrera de Administraci\u00f3n de Hoteler\u00eda y Turismo de la Universidad Franz Tamayo, Unifranz.<\/span><\/p>\n<p><span style=\"font-weight: 400; color: #000000;\">Las primeras celebraciones de San Juan Bautista fueron promovidas por la Iglesia Cat\u00f3lica para reemplazar las festividades paganas. La noche del 23 al 24 de junio se convirti\u00f3 en un momento sagrado, dedicado a la reflexi\u00f3n y a la conmemoraci\u00f3n del nacimiento de uno de los santos m\u00e1s venerados. Esta celebraci\u00f3n se extendi\u00f3 por toda Europa, adquiriendo caracter\u00edsticas propias en cada regi\u00f3n.\u00a0<\/span><\/p>\n<p><span style=\"font-weight: 400; color: #000000;\">En el norte de Europa, la festividad se relacionaba con la abundancia de luz y las cosechas, mientras en el sur, el \u00e9nfasis estaba en la purificaci\u00f3n y la renovaci\u00f3n espiritual.<\/span><\/p>\n<p><span style=\"color: #000000;\"><b>Tradiciones y rituales en Bolivia<\/b><\/span><\/p>\n<p><span style=\"font-weight: 400; color: #000000;\">En Bolivia, la festividad de San Juan es una ocasi\u00f3n cargada de tradiciones y costumbres que reflejan la rica herencia cultural del pa\u00eds. La noche previa a San Juan, el 23 de junio, es celebrada con una variedad de rituales simb\u00f3licos.\u00a0<\/span><\/p>\n<p><span style=\"font-weight: 400; color: #000000;\">El encendido de hogueras era uno de los rituales m\u00e1s importantes, representando la purificaci\u00f3n y la renovaci\u00f3n de las cosas.\u00a0<\/span><\/p>\n<p><span style=\"font-weight: 400; color: #000000;\">N\u00fa\u00f1ez indica que las familias y comunidades se re\u00fanen para encender grandes fogatas, creyendo que el fuego tiene el poder de limpiar el esp\u00edritu y alejar las malas energ\u00edas.<\/span><\/p>\n<figure id=\"attachment_301350\" aria-describedby=\"caption-attachment-301350\" style=\"width: 1022px\" class=\"wp-caption aligncenter\"><img loading=\"lazy\" decoding=\"async\" class=\"wp-image-301350\" src=\"https:\/\/unifranz.edu.bo\/wp-content\/uploads\/2024\/06\/san-juan1-blog-300x155.jpg\" alt=\"\" width=\"1022\" height=\"528\" srcset=\"https:\/\/unifranz.edu.bo\/wp-content\/uploads\/2024\/06\/san-juan1-blog-300x155.jpg 300w, https:\/\/unifranz.edu.bo\/wp-content\/uploads\/2024\/06\/san-juan1-blog-1024x529.jpg 1024w, https:\/\/unifranz.edu.bo\/wp-content\/uploads\/2024\/06\/san-juan1-blog-768x397.jpg 768w, https:\/\/unifranz.edu.bo\/wp-content\/uploads\/2024\/06\/san-juan1-blog-18x9.jpg 18w, https:\/\/unifranz.edu.bo\/wp-content\/uploads\/2024\/06\/san-juan1-blog.jpg 1200w\" sizes=\"auto, (max-width: 1022px) 100vw, 1022px\" \/><figcaption id=\"caption-attachment-301350\" class=\"wp-caption-text\"><em><span style=\"color: #000000;\">En el ayer el encendido de hogueras era uno de los rituales m\u00e1s importantes, representando la purificaci\u00f3n y la renovaci\u00f3n de las cosas. <\/span><\/em><\/figcaption><\/figure>\n<p><span style=\"font-weight: 400; color: #000000;\">En tanto, el soci\u00f3logo e investigador Marcelo Fern\u00e1ndez Osco, manifiesta que \u201cel encendido de la fogata tiene relaci\u00f3n con el nacimiento de San Juan Bautista. Este culto cat\u00f3lico se impuso con la colonizaci\u00f3n como una forma de control sociocultural para que la poblaci\u00f3n ind\u00edgena olvidara sus festividades y ritos prehisp\u00e1nicos\u201d.\u00a0<\/span><\/p>\n<p><span style=\"font-weight: 400; color: #000000;\">El agua tambi\u00e9n juega un papel crucial en las celebraciones. En algunas regiones, es costumbre ba\u00f1arse en r\u00edos o lagos a la medianoche como acto de purificaci\u00f3n y renacimiento. Adem\u00e1s, se preparan platos t\u00edpicos como anticuchos, salte\u00f1as y ponches calientes, los cuales tienen connotaciones simb\u00f3licas de abundancia y prosperidad.<\/span><\/p>\n<p><span style=\"font-weight: 400; color: #000000;\">En algunas comunidades rurales, se llevan a cabo rituales espec\u00edficos para proteger las cosechas y asegurar la fertilidad de la tierra.\u00a0<\/span><\/p>\n<p><span style=\"font-weight: 400; color: #000000;\">Seg\u00fan un estudio realizado por el etn\u00f3grafo Eduardo P\u00e9rez, es com\u00fan que los agricultores realicen ofrendas a la Pachamama durante la Noche de San Juan. Estas ofrendas pueden incluir alimentos, hojas de coca y alcohol, que se ofrecen en ceremonias dirigidas por yatiris.<\/span><\/p>\n<p><span style=\"font-weight: 400; color: #000000;\">La noche de San Juan tambi\u00e9n est\u00e1 rodeada de creencias populares y prohibiciones. Por ejemplo, seg\u00fan la tradici\u00f3n, no se debe cortar el cabello ni las u\u00f1as en esta noche, ya que se cree que estos actos pueden atraer la mala suerte. Adem\u00e1s, algunos bolivianos evitan salir despu\u00e9s de la medianoche, creyendo que los esp\u00edritus est\u00e1n m\u00e1s activos y pueden traer desgracias.<\/span><\/p>\n<p><span style=\"color: #000000;\"><b>Evoluci\u00f3n y adaptaci\u00f3n moderna<\/b><\/span><\/p>\n<p><span style=\"font-weight: 400; color: #000000;\">Con el paso del tiempo, la festividad ha experimentado diversos cambios. Tradicionalmente, la celebraci\u00f3n inclu\u00eda la quema de maderas, neum\u00e1ticos y la utilizaci\u00f3n de fuegos artificiales, generando altos niveles de contaminaci\u00f3n y problemas de salud p\u00fablica. Sin embargo, en respuesta a estas preocupaciones, las autoridades han implementado medidas para promover celebraciones m\u00e1s ecol\u00f3gicas y seguras.\u00a0<\/span><\/p>\n<p><span style=\"font-weight: 400; color: #000000;\">Campa\u00f1as de concientizaci\u00f3n impulsadas por autoridades nacionales, departamentales y locales han reducido la quema de materiales contaminantes y se han promovido alternativas m\u00e1s sostenibles, como la utilizaci\u00f3n de fogatas controladas y actividades culturales que no implican el uso de fuego.\u00a0<\/span><\/p>\n<p><span style=\"font-weight: 400; color: #000000;\">Estas iniciativas disminuyeron significativamente en la \u00faltima d\u00e9cada, aunque la contaminaci\u00f3n ambiental persiste debido a los chaqueos o preparaci\u00f3n de la tierra para la siembra, que realizan los agricultores en el \u00e1rea rural entre los meses de junio y agosto.\u00a0\u00a0<\/span><\/p>\n<p><span style=\"font-weight: 400; color: #000000;\">\u201cTuvo cambios sustanciales, sobre todo con la globalizaci\u00f3n y el cambio clim\u00e1tico. No s\u00f3lo deber\u00eda prohibirse la quema de fogatas, sino convertirse en una pol\u00edtica estatal de control estricto y sanci\u00f3n para los practicantes de esta actividad, que tiene efectos absolutamente negativos para el medio ambiente\u201d, comenta Fern\u00e1ndez Osco.<\/span><\/p>\n<p><span style=\"font-weight: 400; color: #000000;\">Un aspecto relevante de la evoluci\u00f3n de San Juan en Bolivia es la recuperaci\u00f3n de las tradiciones ind\u00edgenas.\u00a0<\/span><\/p>\n<p><span style=\"font-weight: 400; color: #000000;\">El antrop\u00f3logo boliviano Carlos Mamani, asegura que las comunidades ind\u00edgenas han revitalizado sus propios rituales con celebraciones vinculadas al solsticio de invierno, conocido como Willka Kuti o retorno del sol, que coincide con la festividad de San Juan.<\/span><\/p>\n<p><span style=\"color: #000000;\"><b>La masacre de San Juan<\/b><\/span><\/p>\n<p><span style=\"font-weight: 400; color: #000000;\">Un cap\u00edtulo oscuro en la historia de la festividad de San Juan en Bolivia ocurri\u00f3 en 1967 y es conocido como la Masacre de San Juan. En la madrugada del 24 de junio, en las minas de Siglo XX en Potos\u00ed, el ej\u00e9rcito boliviano atac\u00f3 a los mineros y sus familias que celebraban la noche de San Juan.\u00a0<\/span><\/p>\n<p><span style=\"font-weight: 400; color: #000000;\">M\u00e1s de 20 fallecidos, 70 heridos y decenas de detenidos y desaparecidos, fueron el resultado del ataque militar a los mineros que en ese momento eran una fuerza significativa de oposici\u00f3n pol\u00edtica y social al gobierno de Ren\u00e9 Barrientos.\u00a0\u00a0<\/span><\/p>\n<p><span style=\"font-weight: 400; color: #000000;\">Este tr\u00e1gico evento dej\u00f3 una profunda herida en la memoria colectiva del pa\u00eds y se convirti\u00f3 en un s\u00edmbolo de la lucha y el sufrimiento de los trabajadores mineros.<\/span><\/p>\n<p><span style=\"font-weight: 400; color: #000000;\">La festividad de San Juan es un testimonio de la capacidad humana para preservar y transformar tradiciones a lo largo del tiempo.\u00a0<\/span><\/p>\n<p><span style=\"font-weight: 400; color: #000000;\">Desde sus or\u00edgenes paganos hasta las celebraciones modernas, esta fiesta sigue siendo una ocasi\u00f3n para la renovaci\u00f3n y la esperanza. Hoy en d\u00eda, la festividad sigue evolucionando, reflejando la diversidad cultural y la resiliencia de las comunidades que la celebran.\u00a0\u00a0<\/span><\/p>","protected":false},"excerpt":{"rendered":"<p>Por Jorge L\u00f3pez Cada 23 de junio en Bolivia celebramos la noche m\u00e1s fr\u00eda del a\u00f1o, como antesala a la celebraci\u00f3n de la festividad de San Juan, una tradici\u00f3n que ha evolucionado significativamente a lo largo de los siglos, adapt\u00e1ndose a diferentes contextos culturales y sociales. A pesar de estos cambios, la esencia de la &hellip; <a href=\"https:\/\/unifranz.edu.bo\/pt\/la-paz\/san-juan-una-tradicion-de-vida-renovacion-y-fuego\/\">Continued<\/a><\/p>","protected":false},"author":45,"featured_media":301349,"comment_status":"open","ping_status":"open","sticky":false,"template":"","format":"standard","meta":{"_acf_changed":false,"footnotes":""},"categories":[60,2566,27,1782],"tags":[6184,8954,8952,7275,242,3690],"class_list":["post-301348","post","type-post","status-publish","format-standard","has-post-thumbnail","hentry","category-blog","category-docente","category-la-paz","category-unifranz","tag-agua","tag-fuego","tag-san-juan","tag-tradicion","tag-unifranz","tag-vida"],"acf":[],"_links":{"self":[{"href":"https:\/\/unifranz.edu.bo\/pt\/wp-json\/wp\/v2\/posts\/301348","targetHints":{"allow":["GET"]}}],"collection":[{"href":"https:\/\/unifranz.edu.bo\/pt\/wp-json\/wp\/v2\/posts"}],"about":[{"href":"https:\/\/unifranz.edu.bo\/pt\/wp-json\/wp\/v2\/types\/post"}],"author":[{"embeddable":true,"href":"https:\/\/unifranz.edu.bo\/pt\/wp-json\/wp\/v2\/users\/45"}],"replies":[{"embeddable":true,"href":"https:\/\/unifranz.edu.bo\/pt\/wp-json\/wp\/v2\/comments?post=301348"}],"version-history":[{"count":3,"href":"https:\/\/unifranz.edu.bo\/pt\/wp-json\/wp\/v2\/posts\/301348\/revisions"}],"predecessor-version":[{"id":303883,"href":"https:\/\/unifranz.edu.bo\/pt\/wp-json\/wp\/v2\/posts\/301348\/revisions\/303883"}],"wp:featuredmedia":[{"embeddable":true,"href":"https:\/\/unifranz.edu.bo\/pt\/wp-json\/wp\/v2\/media\/301349"}],"wp:attachment":[{"href":"https:\/\/unifranz.edu.bo\/pt\/wp-json\/wp\/v2\/media?parent=301348"}],"wp:term":[{"taxonomy":"category","embeddable":true,"href":"https:\/\/unifranz.edu.bo\/pt\/wp-json\/wp\/v2\/categories?post=301348"},{"taxonomy":"post_tag","embeddable":true,"href":"https:\/\/unifranz.edu.bo\/pt\/wp-json\/wp\/v2\/tags?post=301348"}],"curies":[{"name":"wp","href":"https:\/\/api.w.org\/{rel}","templated":true}]}}