{"id":30085,"date":"2020-04-13T17:49:06","date_gmt":"2020-04-13T21:49:06","guid":{"rendered":"https:\/\/unifranz.edu.bo\/?p=30085"},"modified":"2020-04-13T17:49:06","modified_gmt":"2020-04-13T21:49:06","slug":"webinar-para-periodistas-en-tiempos-de-covid-19","status":"publish","type":"post","link":"https:\/\/unifranz.edu.bo\/pt\/blog\/webinar-para-periodistas-en-tiempos-de-covid-19\/","title":{"rendered":"WEBINAR PARA PERIODISTAS EN TIEMPOS DE COVID 19"},"content":{"rendered":"<p>La nueva coyuntura desde la llegada al COVID 19 ha desafiado al mundo en general y a los periodistas en particular a reconvertirse. Por ese motivo, UNIFRANZ, con el apoyo del experto boliviano en Tecnolog\u00eda Marcelo Dur\u00e1n, organiz\u00f3 el pasado s\u00e1bado el Webinar <strong><em>\u00abHerramientas Period\u00edsticas en tiempos de COVID 19\u00bb<\/em><\/strong>, donde se presentaron las mejores herramientas para ejercicio de la labor period\u00edstica en esta \u00e9poca de cuarentena.<\/p>\n<p>La iniciativa despert\u00f3 gran inter\u00e9s en el mundo period\u00edstico, rondando los 100 periodistas pertenecientes a medios de comunicaci\u00f3n de toda Bolivia mediante Zoom; una plataforma tecnol\u00f3gica, que sirvi\u00f3 para hablar extendidamente sobre herramientas y tecnolog\u00eda para el ejercicio period\u00edstico adem\u00e1s de despejar dudas que permitan cierta autonom\u00eda a la hora de que los periodistas realicen sus despachos de prensa.<\/p>\n<p><img loading=\"lazy\" decoding=\"async\" class=\"aligncenter wp-image-30063 size-large\" src=\"https:\/\/unifranz.edu.bo\/wp-content\/uploads\/2020\/04\/webinar-1024x1024.png\" alt=\"\" width=\"1024\" height=\"1024\" srcset=\"https:\/\/unifranz.edu.bo\/wp-content\/uploads\/2020\/04\/webinar-1024x1024.png 1024w, https:\/\/unifranz.edu.bo\/wp-content\/uploads\/2020\/04\/webinar-300x300.png 300w, https:\/\/unifranz.edu.bo\/wp-content\/uploads\/2020\/04\/webinar-768x768.png 768w, https:\/\/unifranz.edu.bo\/wp-content\/uploads\/2020\/04\/webinar-12x12.png 12w, https:\/\/unifranz.edu.bo\/wp-content\/uploads\/2020\/04\/webinar.png 1200w\" sizes=\"auto, (max-width: 1024px) 100vw, 1024px\" \/><\/p>\n<p>El conferencista Marcelo Dur\u00e1n quien adem\u00e1s de brindar trucos y atajos en apps de streaming para facilitar la labor period\u00edstica y recibir halagos por parte de los participantes que terminaron muy satisfechos con la presentaci\u00f3n del experto, se sinti\u00f3 sumamente satisfecho por la invitaci\u00f3n de la universidad a ser parte de este hito \u201cGracias UNIFRANZ me encanto el ejercicio\u201d posteo en sus redes sociales.<\/p>\n<p>Gran interacci\u00f3n de los periodistas que llenos de interrogantes aprovecharon el espacio para formular preguntas, pero tambi\u00e9n para trasmitir sus vivencias en esta \u00e9poca. Uno de los temas recurrentes fue como armar un set propio de transmisiones desde casa que fue claramente respondido por el expositor y que abarcaba desde el tipo de equipos que se necesitar\u00edan hasta los programas de transmisi\u00f3n, medici\u00f3n del ancho de banda y conectividad del internet.<\/p>\n<p>La periodista Araceli Claros del canal ATB, a tiempo de agradecer a la universidad por el esfuerzo de realizar un webinar gratuito calific\u00f3 el taller como muy bueno y pr\u00e1ctico ya que le dio varias ideas para desarrollar sus despachos m\u00f3viles \u201cProbare con dos aplicaciones sugeridas\u201d finaliz\u00f3.<\/p>\n<p>Seg\u00fan un art\u00edculo publicado por el Peri\u00f3dico Los Tiempos, el coronavirus trajo cambios radicales en la cobertura de los medios de comunicaci\u00f3n. La premisa es conseguir la noticia, pero sin poner en riesgo la salud de los periodistas.<\/p>\n<p>Por eso varios medios organizaron turnos en los cuales no se contempl\u00f3 para las coberturas a los reporteros mayores de 60 a\u00f1os o con enfermedades de base. Adem\u00e1s, se redujo de forma considerable el contacto con las fuentes o acudir a conferencias de prensa.<\/p>\n<p>El cambio a la edici\u00f3n digital tanto de prensa escrita, radio y televisi\u00f3n son parte de un hito de transformaci\u00f3n de noticias en redes sociales, UNIFRANZ se une a esta tendencia brindando las herramientas necesarias para combatir esta pandemia, porque en definitiva #EsteVirusLoParamosUnidos.<\/p>\n<p>&nbsp;<\/p>","protected":false},"excerpt":{"rendered":"<p>La nueva coyuntura desde la llegada al COVID 19 ha desafiado al mundo en general y a los periodistas en particular a reconvertirse. Por ese motivo, UNIFRANZ, con el apoyo del experto boliviano en Tecnolog\u00eda Marcelo Dur\u00e1n, organiz\u00f3 el pasado s\u00e1bado el Webinar \u00abHerramientas Period\u00edsticas en tiempos de COVID 19\u00bb, donde se presentaron las mejores &hellip; <a href=\"https:\/\/unifranz.edu.bo\/pt\/blog\/webinar-para-periodistas-en-tiempos-de-covid-19\/\">Continued<\/a><\/p>","protected":false},"author":45,"featured_media":30061,"comment_status":"open","ping_status":"open","sticky":false,"template":"","format":"standard","meta":{"_acf_changed":false,"footnotes":""},"categories":[60,318,454],"tags":[1486,278,218],"class_list":["post-30085","post","type-post","status-publish","format-standard","has-post-thumbnail","hentry","category-blog","category-competencias","category-convenios","tag-comunicacion-es","tag-periodismo","tag-tecnologia"],"acf":[],"_links":{"self":[{"href":"https:\/\/unifranz.edu.bo\/pt\/wp-json\/wp\/v2\/posts\/30085","targetHints":{"allow":["GET"]}}],"collection":[{"href":"https:\/\/unifranz.edu.bo\/pt\/wp-json\/wp\/v2\/posts"}],"about":[{"href":"https:\/\/unifranz.edu.bo\/pt\/wp-json\/wp\/v2\/types\/post"}],"author":[{"embeddable":true,"href":"https:\/\/unifranz.edu.bo\/pt\/wp-json\/wp\/v2\/users\/45"}],"replies":[{"embeddable":true,"href":"https:\/\/unifranz.edu.bo\/pt\/wp-json\/wp\/v2\/comments?post=30085"}],"version-history":[{"count":1,"href":"https:\/\/unifranz.edu.bo\/pt\/wp-json\/wp\/v2\/posts\/30085\/revisions"}],"predecessor-version":[{"id":30089,"href":"https:\/\/unifranz.edu.bo\/pt\/wp-json\/wp\/v2\/posts\/30085\/revisions\/30089"}],"wp:featuredmedia":[{"embeddable":true,"href":"https:\/\/unifranz.edu.bo\/pt\/wp-json\/wp\/v2\/media\/30061"}],"wp:attachment":[{"href":"https:\/\/unifranz.edu.bo\/pt\/wp-json\/wp\/v2\/media?parent=30085"}],"wp:term":[{"taxonomy":"category","embeddable":true,"href":"https:\/\/unifranz.edu.bo\/pt\/wp-json\/wp\/v2\/categories?post=30085"},{"taxonomy":"post_tag","embeddable":true,"href":"https:\/\/unifranz.edu.bo\/pt\/wp-json\/wp\/v2\/tags?post=30085"}],"curies":[{"name":"wp","href":"https:\/\/api.w.org\/{rel}","templated":true}]}}