{"id":29928,"date":"2020-03-03T19:42:46","date_gmt":"2020-03-03T23:42:46","guid":{"rendered":"https:\/\/unifranz.edu.bo\/?p=29928"},"modified":"2020-03-03T19:42:46","modified_gmt":"2020-03-03T23:42:46","slug":"unifranz-postgrado-inaugura-sus-modernas-salas-de-estudio-con-una-capacitacion-multimedia","status":"publish","type":"post","link":"https:\/\/unifranz.edu.bo\/pt\/blog\/unifranz-postgrado-inaugura-sus-modernas-salas-de-estudio-con-una-capacitacion-multimedia\/","title":{"rendered":"UNIFRANZ POSTGRADO INAUGURA SUS MODERNAS SALAS DE ESTUDIO CON UNA CAPACITACI\u00d3N MULTIMEDIA"},"content":{"rendered":"<p><strong>El Alto. Marzo.<\/strong>\u00a0Periodistas de El Alto y La Paz vivieron la experiencia de pasar clases en las Nuevas y Modernas Aulas de UNIFRANZ El Alto; donde tuvieron la oportunidad de asistir al Taller de Periodismo Multimedia dictado por el reconocido comunicador boliviano Tuff\u00ed Ar\u00e9 V\u00e1zquez, Jefe de Edici\u00f3n de Forbes Bolivia y colaborador de Infobae Am\u00e9rica. De esta manera, los periodistas alte\u00f1os y pace\u00f1os fueron los primeros en pasar clases en una de las aulas magistrales de UNIFRANZ Posgrado El Alto.<\/p>\n<p>La capacitaci\u00f3n fue la excusa perfecta de UNIFRANZ El Alto para inaugurar sus nuevas aulas de Postgrado como parte de los festejos por el 35 aniversario de la urbe alte\u00f1a. El nuevo espacio de Posgrado cuenta con siete salas: Tres Workshops con capacidad para 50 personas y cuatro salas Classroom para 30 y 40 personas. Todas est\u00e1n equipadas con Smart TV, conexi\u00f3n Wifi y Pizarras acr\u00edlicas, para el desarrollo de clases bajo un modelo educativo moderno y basado en competencias. Antes de construir los espacios, se analizaron las infraestructuras de Escuelas de Postgrado de Europa, Latinoam\u00e9rica y Estados Unidos.<\/p>\n<p>UNIFRANZ Postgrado cuenta con 4 Escuelas en el \u00e1mbito de Negocios, Salud, Tecnolog\u00eda y Ciencias Sociales y Leyes. Ha establecido convenios con SEDES La Paz y la Escuela de Abogados de la Procuradur\u00eda General del Estado. Asimismo, se han establecido alianzas con Sociedades Cient\u00edficas, colegios de Profesionales, Instituciones P\u00fablicas y Privadas.<\/p>\n<p>La Vicerrectora UNIFRANZ El Alto, Eve Gomez Ferrufino, destac\u00f3 que la inauguraci\u00f3n de las nuevas instalaciones de Postgrado El Alto se enmarca en un reconocimiento que realiza UNIFRANZ a la Ciudad de El Alto por los 35 a\u00f1os de vida que cumple la urbe y con el objetivo de continuar aportando a su crecimiento y desarrollo.<\/p>\n<p>\u201cInauguramos estas nuevas instalaciones para fortalecer el trabajo que venimos desarrollando en la formaci\u00f3n de profesionales que aporten al desarrollo de la inteligencia colectiva de la sociedad y al crecimiento de cualquier forma de organizaci\u00f3n humana; un objetivo muy diferente a las Escuelas tradicionales de Postgrado que s\u00f3lo se enfocan en las cualidades individuales\u201d, agreg\u00f3 Eve Gomez Ferrufino.<\/p>\n<p>En el marco del Taller de Periodismo Multimedia, UNIFRANZ Postgrado lanz\u00f3 sus nuevas aulas en El Alto. \u201cPensando en los 35 a\u00f1os de vida de la Ciudad de El Alto y en todo el potencial que tiene, hemos tomado el reto de invertir fuertemente en nuevas instalaciones que servir\u00e1n para trabajar bajo un concepto moderno de desarrollo de habilidades y actualizaci\u00f3n de conocimiento en diferentes \u00e1reas. El conocimiento avanza a pasos agigantados y debemos ser responsables de conectar a la academia con el mundo laboral\u201d, explic\u00f3 Emilio Evia, Vicerrector Nacional de Postgrado UNIFRANZ.<\/p>\n<p>Asimismo, Emilio Evia, PhD.c, aprovech\u00f3 la oportunidad para agradecer al destacado periodista boliviano Tuff\u00ed Ar\u00e9; quien ofreci\u00f3 un Taller sobre Periodismo Multimedia a unos 30 periodistas y comunicadores tanto de la Ciudad de El Alto como de La Paz. Al mismo tiempo, expuso que las modernas instalaciones se adec\u00faan al modelo de aprendizaje actual.<\/p>\n<p>El espacio que alberga las modernas salas de estudio se caracterizan por tener tres aulas tipo anfiteatro y salas workshop afines a las nuevas tendencias de un mundo en el que las ideas de trabajo y estudio fluyen a partir del contacto con el otro y el trabajo en equipo. Adem\u00e1s, todas las aulas cuentan con conectividad de alta tecnolog\u00eda.<\/p>\n<p>En estas nuevas instalaciones se van a impartir actualizaciones, diplomados y cursos de salud, negocios y de educaci\u00f3n profesional, entre otros, para contribuir al desarrollo de los 9 departamentos.<\/p>\n<p>Durante el Taller de Periodismo Multimedia, Tuff\u00ed Ar\u00e9 V\u00e1zquez con casi 50 periodistas de El Alto y La Paz las diversas experiencias de ejercicio period\u00edstico de cada uno de ellos; donde, adem\u00e1s, remarc\u00f3 que la clave es adaptarse a todos los formatos que ofrece el mundo digital.<\/p>\n<p>\u201cEl periodista debe estar donde est\u00e1 la audiencia. Ya no es m\u00e1s el periodista todopoderoso que dice audiencias vengan a m\u00ed, sino que tenemos que ir a buscarlas. \u00bfD\u00f3nde est\u00e1n?. En Youtube. Tenemos que estudiar por d\u00f3nde es que ellos se est\u00e1n informando para cambiar eso que ellos vengan a nosotros sino, que el otro gran desaf\u00edo es c\u00f3mo hacemos para ir hacia ellos con el contenido y el formato en el que se informan\u201d, explic\u00f3 Tuff\u00ed Ar\u00e9.<\/p>\n<p><strong>Sobre UNIFRANZ POSTGRADO EL ALTO<\/strong><\/p>\n<p>Las Escuelas de Postgrado de UNIFRANZ forman l\u00edderes \u00edntegros e innovadores que a trav\u00e9s de un alto nivel de capacitaci\u00f3n y formaci\u00f3n impulsan la generaci\u00f3n de nuevos entornos de trabajo, desarrollo personal y competitividad. Asimismo se caracteriza por brindar una oferta innovadora de programas \u00fanicos a nivel Bolivia y \u00a0acoger a profesionales de los 9 departamentos.<\/p>\n<p><strong>Sobre UNIFRANZ<\/strong><\/p>\n<p>La Universidad Privada Franz Tamayo \u2013 UNIFRANZ cumpli\u00f3 26 a\u00f1os de trayectoria en educaci\u00f3n superior y mantiene el compromiso de acompa\u00f1ar la evoluci\u00f3n de la sociedad en este mundo globalizado. Su actual modelo pedag\u00f3gico tiene un enfoque por competencias que se apoya en tres pilares: el saber, el saber hacer y el saber ser, a fin de formar profesionales con talento de clase mundial. Igualmente, UNIFRANZ considera vital la internacionalizaci\u00f3n en su visi\u00f3n de una universidad disruptiva y transformadora que apunta a cambiar el modelo educativo en Bolivia. Cuenta con una infraestructura de m\u00e1s 65.000 metros cuadrados construidos en La Paz, El Alto, Cochabamba y Santa Cruz. Unifranz obtuvo la recertificaci\u00f3n de calidad ISO 9001: 2015.<\/p>\n<p><img loading=\"lazy\" decoding=\"async\" class=\"alignnone size-medium wp-image-29930\" src=\"https:\/\/unifranz.edu.bo\/wp-content\/uploads\/2020\/03\/Foto-1-Taller-Postgrado-300x200.jpg\" alt=\"\" width=\"300\" height=\"200\" srcset=\"https:\/\/unifranz.edu.bo\/wp-content\/uploads\/2020\/03\/Foto-1-Taller-Postgrado-300x200.jpg 300w, https:\/\/unifranz.edu.bo\/wp-content\/uploads\/2020\/03\/Foto-1-Taller-Postgrado-1024x683.jpg 1024w, https:\/\/unifranz.edu.bo\/wp-content\/uploads\/2020\/03\/Foto-1-Taller-Postgrado-768x512.jpg 768w, https:\/\/unifranz.edu.bo\/wp-content\/uploads\/2020\/03\/Foto-1-Taller-Postgrado-1536x1024.jpg 1536w, https:\/\/unifranz.edu.bo\/wp-content\/uploads\/2020\/03\/Foto-1-Taller-Postgrado-2048x1365.jpg 2048w, https:\/\/unifranz.edu.bo\/wp-content\/uploads\/2020\/03\/Foto-1-Taller-Postgrado-18x12.jpg 18w\" sizes=\"auto, (max-width: 300px) 100vw, 300px\" \/> <img loading=\"lazy\" decoding=\"async\" class=\"alignnone size-medium wp-image-29931\" src=\"https:\/\/unifranz.edu.bo\/wp-content\/uploads\/2020\/03\/Foto-2-Taller-Postgrado-300x169.jpg\" alt=\"\" width=\"300\" height=\"169\" srcset=\"https:\/\/unifranz.edu.bo\/wp-content\/uploads\/2020\/03\/Foto-2-Taller-Postgrado-300x169.jpg 300w, https:\/\/unifranz.edu.bo\/wp-content\/uploads\/2020\/03\/Foto-2-Taller-Postgrado-1024x575.jpg 1024w, https:\/\/unifranz.edu.bo\/wp-content\/uploads\/2020\/03\/Foto-2-Taller-Postgrado-768x431.jpg 768w, https:\/\/unifranz.edu.bo\/wp-content\/uploads\/2020\/03\/Foto-2-Taller-Postgrado-1536x863.jpg 1536w, https:\/\/unifranz.edu.bo\/wp-content\/uploads\/2020\/03\/Foto-2-Taller-Postgrado-2048x1150.jpg 2048w, https:\/\/unifranz.edu.bo\/wp-content\/uploads\/2020\/03\/Foto-2-Taller-Postgrado-18x10.jpg 18w\" sizes=\"auto, (max-width: 300px) 100vw, 300px\" \/> <img loading=\"lazy\" decoding=\"async\" class=\"alignnone size-medium wp-image-29932\" src=\"https:\/\/unifranz.edu.bo\/wp-content\/uploads\/2020\/03\/Foto-4-Taller-Postgrado-300x200.jpg\" alt=\"\" width=\"300\" height=\"200\" srcset=\"https:\/\/unifranz.edu.bo\/wp-content\/uploads\/2020\/03\/Foto-4-Taller-Postgrado-300x200.jpg 300w, https:\/\/unifranz.edu.bo\/wp-content\/uploads\/2020\/03\/Foto-4-Taller-Postgrado-1024x683.jpg 1024w, https:\/\/unifranz.edu.bo\/wp-content\/uploads\/2020\/03\/Foto-4-Taller-Postgrado-768x512.jpg 768w, https:\/\/unifranz.edu.bo\/wp-content\/uploads\/2020\/03\/Foto-4-Taller-Postgrado-1536x1024.jpg 1536w, https:\/\/unifranz.edu.bo\/wp-content\/uploads\/2020\/03\/Foto-4-Taller-Postgrado-2048x1365.jpg 2048w, https:\/\/unifranz.edu.bo\/wp-content\/uploads\/2020\/03\/Foto-4-Taller-Postgrado-18x12.jpg 18w\" sizes=\"auto, (max-width: 300px) 100vw, 300px\" \/> <img loading=\"lazy\" decoding=\"async\" class=\"alignnone size-medium wp-image-29933\" src=\"https:\/\/unifranz.edu.bo\/wp-content\/uploads\/2020\/03\/IMG_0968-300x169.jpg\" alt=\"\" width=\"300\" height=\"169\" srcset=\"https:\/\/unifranz.edu.bo\/wp-content\/uploads\/2020\/03\/IMG_0968-300x169.jpg 300w, https:\/\/unifranz.edu.bo\/wp-content\/uploads\/2020\/03\/IMG_0968-1024x575.jpg 1024w, https:\/\/unifranz.edu.bo\/wp-content\/uploads\/2020\/03\/IMG_0968-768x431.jpg 768w, https:\/\/unifranz.edu.bo\/wp-content\/uploads\/2020\/03\/IMG_0968-1536x863.jpg 1536w, https:\/\/unifranz.edu.bo\/wp-content\/uploads\/2020\/03\/IMG_0968-2048x1150.jpg 2048w, https:\/\/unifranz.edu.bo\/wp-content\/uploads\/2020\/03\/IMG_0968-18x10.jpg 18w\" sizes=\"auto, (max-width: 300px) 100vw, 300px\" \/><\/p>","protected":false},"excerpt":{"rendered":"<p>El Alto. Marzo.\u00a0Periodistas de El Alto y La Paz vivieron la experiencia de pasar clases en las Nuevas y Modernas Aulas de UNIFRANZ El Alto; donde tuvieron la oportunidad de asistir al Taller de Periodismo Multimedia dictado por el reconocido comunicador boliviano Tuff\u00ed Ar\u00e9 V\u00e1zquez, Jefe de Edici\u00f3n de Forbes Bolivia y colaborador de Infobae &hellip; <a href=\"https:\/\/unifranz.edu.bo\/pt\/blog\/unifranz-postgrado-inaugura-sus-modernas-salas-de-estudio-con-una-capacitacion-multimedia\/\">Continued<\/a><\/p>","protected":false},"author":45,"featured_media":29929,"comment_status":"open","ping_status":"open","sticky":false,"template":"","format":"standard","meta":{"_acf_changed":false,"footnotes":""},"categories":[60],"tags":[47,932,1464,436,1338,1462,1466],"class_list":["post-29928","post","type-post","status-publish","format-standard","has-post-thumbnail","hentry","category-blog","tag-el-alto","tag-inauguracion","tag-nuevas-salas-postgrado","tag-periodistas","tag-postgrado-unifranz","tag-taller-periodismo-multimedia","tag-tuffi-are"],"acf":[],"_links":{"self":[{"href":"https:\/\/unifranz.edu.bo\/pt\/wp-json\/wp\/v2\/posts\/29928","targetHints":{"allow":["GET"]}}],"collection":[{"href":"https:\/\/unifranz.edu.bo\/pt\/wp-json\/wp\/v2\/posts"}],"about":[{"href":"https:\/\/unifranz.edu.bo\/pt\/wp-json\/wp\/v2\/types\/post"}],"author":[{"embeddable":true,"href":"https:\/\/unifranz.edu.bo\/pt\/wp-json\/wp\/v2\/users\/45"}],"replies":[{"embeddable":true,"href":"https:\/\/unifranz.edu.bo\/pt\/wp-json\/wp\/v2\/comments?post=29928"}],"version-history":[{"count":1,"href":"https:\/\/unifranz.edu.bo\/pt\/wp-json\/wp\/v2\/posts\/29928\/revisions"}],"predecessor-version":[{"id":29934,"href":"https:\/\/unifranz.edu.bo\/pt\/wp-json\/wp\/v2\/posts\/29928\/revisions\/29934"}],"wp:featuredmedia":[{"embeddable":true,"href":"https:\/\/unifranz.edu.bo\/pt\/wp-json\/wp\/v2\/media\/29929"}],"wp:attachment":[{"href":"https:\/\/unifranz.edu.bo\/pt\/wp-json\/wp\/v2\/media?parent=29928"}],"wp:term":[{"taxonomy":"category","embeddable":true,"href":"https:\/\/unifranz.edu.bo\/pt\/wp-json\/wp\/v2\/categories?post=29928"},{"taxonomy":"post_tag","embeddable":true,"href":"https:\/\/unifranz.edu.bo\/pt\/wp-json\/wp\/v2\/tags?post=29928"}],"curies":[{"name":"wp","href":"https:\/\/api.w.org\/{rel}","templated":true}]}}