{"id":298666,"date":"2024-06-14T17:15:08","date_gmt":"2024-06-14T21:15:08","guid":{"rendered":"https:\/\/unifranz.edu.bo\/?p=298666"},"modified":"2024-06-14T17:15:08","modified_gmt":"2024-06-14T21:15:08","slug":"estudiantes-de-unifranz-presentan-mirame-un-programa-de-apoyo-a-mujeres-con-cancer-de-mama","status":"publish","type":"post","link":"https:\/\/unifranz.edu.bo\/pt\/blog\/estudiantes-de-unifranz-presentan-mirame-un-programa-de-apoyo-a-mujeres-con-cancer-de-mama\/","title":{"rendered":"Estudiantes de Unifranz presentan \u201cM\u00edrame\u201d, un programa de apoyo a mujeres con c\u00e1ncer de mama"},"content":{"rendered":"<p><span style=\"color: #000000;\">\u00abM\u00edrame, siempre bella\u00bb es un proyecto de intervenci\u00f3n dise\u00f1ado para brindar apoyo integral a mujeres que enfrentan el desaf\u00edo del c\u00e1ncer de mama al reconocer sus necesidades f\u00edsicas, emocionales y psicol\u00f3gicas. Proporciona espacios seguros y acogedores donde pueden recibir talleres de empoderamiento y asesoramiento con la informaci\u00f3n necesaria para afrontar de manera adecuada el periodo de tratamiento de esta enfermedad.<\/span><\/p>\n<p><span style=\"color: #000000;\">\u201cEsta es una experiencia de vinculaci\u00f3n con el medio, que desarrolla un grupo de estudiantes de quinto semestre de la carrera de Medicina con el apoyo de docentes de las carreras de Psicolog\u00eda, Odontolog\u00eda y Dise\u00f1o Gr\u00e1fico y Producci\u00f3n Cross Media. Para realizar esta actividad se establecieron contactos con grupos organizados de pacientes con c\u00e1ncer de mama de los principales centros de salud de Santa Cruz\u201d, expres\u00f3 la docente y l\u00edder del proyecto Patricia Cabaleiro<\/span>.<\/p>\n<p><span style=\"color: #000000;\">Datos publicados por el Ministerio de Salud dan cuenta que entre 2016 y 2023 se registraron 7.919 casos de c\u00e1ncer de mama en Bolivia, que convierten a esta enfermedad en la segunda de mayor prevalencia entre las mujeres del pa\u00eds, s\u00f3lo detr\u00e1s del c\u00e1ncer cervicouterino, que afect\u00f3 a 12.792 personas en el mismo periodo.<\/span><\/p>\n<p><span style=\"color: #000000;\">\u201cM\u00edrame\u201d, como su nombre lo indica, busca llamar la atenci\u00f3n sobre los efectos en la autopercepci\u00f3n, la autoestima y la salud mental de las pacientes que padecen esta enfermedad. El proyecto comprende un ciclo de actividades de informaci\u00f3n acerca de los aspectos m\u00e9dicos, psicol\u00f3gicos y emocionales, que culmina con un d\u00eda especial que les permita a las pacientes distenderse y reducir la ansiedad que les genera el proceso que atraviesan.<\/span><\/p>\n<p><span style=\"color: #000000;\">Como parte de esta experiencia se realizaron las siguientes actividades: el taller \u201cMitos y verdades sobre la quimioterapia en el c\u00e1ncer de mama\u201d, dictado por la doctora Cabaleiro y los estudiantes de Medicina Smith Guevara, Melany Ch\u00e1vez, Evelin Rivera y Karioli Rodr\u00edguez; el taller \u201cSalud emocional\u201d, por la licenciada Ingrid Morales; el taller \u201cCuidado de la salud oral en el tratamiento del c\u00e1ncer de mama\u201d, por la doctora Lorena Ulloa; el taller \u201cAutorretrato: arte y salud\u201d, por la licenciada Gabriela Toro, y una charla motivacional denominada \u201cAbraza los oximorones de la vida\u201d, dictado por la ingeniera Silvia Quevedo Silvetti.<\/span><\/p>\n<p><span style=\"color: #000000;\">Tambi\u00e9n se ofrecieron servicios de ecograf\u00eda mamaria, revisi\u00f3n odontol\u00f3gica, peluquer\u00eda, manicura, maquillaje y zumba. Este tipo de actividades contribuyen a crear en el estudiante mayor compromiso social y empat\u00eda hacia los pacientes, en concordancia con el perfil profesional y con el modelo de persona que promueve Unifranz.<\/span><\/p>\n<p><img loading=\"lazy\" decoding=\"async\" class=\"alignnone wp-image-298668 size-large\" src=\"https:\/\/unifranz.edu.bo\/wp-content\/uploads\/2024\/06\/20240607_114211-1024x576.jpg\" alt=\"\" width=\"1024\" height=\"576\" srcset=\"https:\/\/unifranz.edu.bo\/wp-content\/uploads\/2024\/06\/20240607_114211-1024x576.jpg 1024w, https:\/\/unifranz.edu.bo\/wp-content\/uploads\/2024\/06\/20240607_114211-300x169.jpg 300w, https:\/\/unifranz.edu.bo\/wp-content\/uploads\/2024\/06\/20240607_114211-768x432.jpg 768w, https:\/\/unifranz.edu.bo\/wp-content\/uploads\/2024\/06\/20240607_114211-1536x864.jpg 1536w, https:\/\/unifranz.edu.bo\/wp-content\/uploads\/2024\/06\/20240607_114211-2048x1152.jpg 2048w, https:\/\/unifranz.edu.bo\/wp-content\/uploads\/2024\/06\/20240607_114211-18x10.jpg 18w\" sizes=\"auto, (max-width: 1024px) 100vw, 1024px\" \/><\/p>\n<p><span style=\"color: #000000;\"><strong>Casos de \u00e9xito que inspiran<\/strong><\/span><\/p>\n<p><span style=\"color: #000000;\">Silvia Quevedo, economista de profesi\u00f3n y madre de dos hijos, es conocida por su fortaleza y seguridad para trabajar en programas y proyectos en beneficio para las mujeres. Sin embargo, la tambi\u00e9n especialista en comercio exterior, sali\u00f3 victoriosa de una de las pruebas m\u00e1s dif\u00edciles que la vida le present\u00f3: el c\u00e1ncer de mama.<\/span><\/p>\n<p><span style=\"color: #000000;\">\u201cTuve c\u00e1ncer de grado tres y r\u00e1pido crecimiento, esto me oblig\u00f3 a tomar acciones inmediatas y me puso en una situaci\u00f3n muy compleja, dif\u00edcil de afrontar para cualquier persona. Mis hijos fueron mi fortaleza, yo le ped\u00ed a Dios estar viva para ver a mis nietos nacer y \u00c9l me dio una segunda oportunidad\u201d, expres\u00f3 Quevedo.<\/span><\/p>\n<p><span style=\"color: #000000;\">Su caso de \u00e9xito sirvi\u00f3 de inspiraci\u00f3n en la charla motivacional que brind\u00f3 en el marco de las actividades de \u201cM\u00edrame\u201d. En la oportunidad, destac\u00f3 la importancia de realizar estos encuentros que apoyan a las mujeres que atraviesan esta enfermedad.<\/span><\/p>\n<p><span style=\"color: #000000;\">\u201cEs una actividad muy importante, porque el c\u00e1ncer es una enfermedad que tiene un impacto muy grande dentro de la poblaci\u00f3n boliviana. Este tipo de programas permite mostrar las necesidades y los trabajos que se tienen que hacer para mejorar\u201d, destac\u00f3 la expositora.<\/span><\/p>\n<p><span style=\"color: #000000;\">En la oportunidad brind\u00f3 algunos consejos para aquellas mujeres que se encuentran en la etapa del tratamiento: \u201cNo perder la fe, cuidar su cuerpo y darse cuenta que hasta dormir ayuda, llenarse de cosas positivas y buscar apoyo para descargar emociones, eso es fundamental. Uno tiene que buscar consejos de personas que ya han sanado, porque ayuda a que uno se sienta m\u00e1s animada y positiva\u201d, recomend\u00f3.<\/span><\/p>\n<p><span style=\"color: #000000;\">Encuentra m\u00e1s informaci\u00f3n de la carrera de Medicina en el siguiente enlace: <a href=\"https:\/\/ux.unifranz.edu.bo\/medicina\">https:\/\/ux.unifranz.edu.bo\/medicina<\/a><\/span><\/p>\n<p><img loading=\"lazy\" decoding=\"async\" class=\"alignnone wp-image-298669 size-full\" src=\"https:\/\/unifranz.edu.bo\/wp-content\/uploads\/2024\/06\/FB_IMG_1718399190783.jpg\" alt=\"\" width=\"888\" height=\"666\" srcset=\"https:\/\/unifranz.edu.bo\/wp-content\/uploads\/2024\/06\/FB_IMG_1718399190783.jpg 888w, https:\/\/unifranz.edu.bo\/wp-content\/uploads\/2024\/06\/FB_IMG_1718399190783-300x225.jpg 300w, https:\/\/unifranz.edu.bo\/wp-content\/uploads\/2024\/06\/FB_IMG_1718399190783-768x576.jpg 768w, https:\/\/unifranz.edu.bo\/wp-content\/uploads\/2024\/06\/FB_IMG_1718399190783-16x12.jpg 16w\" sizes=\"auto, (max-width: 888px) 100vw, 888px\" \/><\/p>","protected":false},"excerpt":{"rendered":"<p>\u00abM\u00edrame, siempre bella\u00bb es un proyecto de intervenci\u00f3n dise\u00f1ado para brindar apoyo integral a mujeres que enfrentan el desaf\u00edo del c\u00e1ncer de mama al reconocer sus necesidades f\u00edsicas, emocionales y psicol\u00f3gicas. Proporciona espacios seguros y acogedores donde pueden recibir talleres de empoderamiento y asesoramiento con la informaci\u00f3n necesaria para afrontar de manera adecuada el periodo &hellip; <a href=\"https:\/\/unifranz.edu.bo\/pt\/blog\/estudiantes-de-unifranz-presentan-mirame-un-programa-de-apoyo-a-mujeres-con-cancer-de-mama\/\">Continued<\/a><\/p>","protected":false},"author":33,"featured_media":298667,"comment_status":"open","ping_status":"open","sticky":false,"template":"","format":"standard","meta":{"_acf_changed":false,"footnotes":""},"categories":[60,3586,5038,2108,1968,6523,2032,274],"tags":[2340,6154,8858,378,8670,49,1650,8856,124],"class_list":["post-298666","post","type-post","status-publish","format-standard","has-post-thumbnail","hentry","category-blog","category-casos-clinicos","category-ciencia","category-medicina-es","category-mujer","category-mujeres","category-salud-es","category-santa-cruz","tag-cancer","tag-cancer-de-mama","tag-cancer-en-bolivia","tag-ciencias-de-la-salud","tag-historias-de-vida","tag-medicina","tag-mejores-universidades-de-bolivia","tag-mujeres-con-cancer","tag-salud"],"acf":[],"_links":{"self":[{"href":"https:\/\/unifranz.edu.bo\/pt\/wp-json\/wp\/v2\/posts\/298666","targetHints":{"allow":["GET"]}}],"collection":[{"href":"https:\/\/unifranz.edu.bo\/pt\/wp-json\/wp\/v2\/posts"}],"about":[{"href":"https:\/\/unifranz.edu.bo\/pt\/wp-json\/wp\/v2\/types\/post"}],"author":[{"embeddable":true,"href":"https:\/\/unifranz.edu.bo\/pt\/wp-json\/wp\/v2\/users\/33"}],"replies":[{"embeddable":true,"href":"https:\/\/unifranz.edu.bo\/pt\/wp-json\/wp\/v2\/comments?post=298666"}],"version-history":[{"count":1,"href":"https:\/\/unifranz.edu.bo\/pt\/wp-json\/wp\/v2\/posts\/298666\/revisions"}],"predecessor-version":[{"id":298670,"href":"https:\/\/unifranz.edu.bo\/pt\/wp-json\/wp\/v2\/posts\/298666\/revisions\/298670"}],"wp:featuredmedia":[{"embeddable":true,"href":"https:\/\/unifranz.edu.bo\/pt\/wp-json\/wp\/v2\/media\/298667"}],"wp:attachment":[{"href":"https:\/\/unifranz.edu.bo\/pt\/wp-json\/wp\/v2\/media?parent=298666"}],"wp:term":[{"taxonomy":"category","embeddable":true,"href":"https:\/\/unifranz.edu.bo\/pt\/wp-json\/wp\/v2\/categories?post=298666"},{"taxonomy":"post_tag","embeddable":true,"href":"https:\/\/unifranz.edu.bo\/pt\/wp-json\/wp\/v2\/tags?post=298666"}],"curies":[{"name":"wp","href":"https:\/\/api.w.org\/{rel}","templated":true}]}}