{"id":29623,"date":"2020-01-14T17:37:57","date_gmt":"2020-01-14T21:37:57","guid":{"rendered":"https:\/\/unifranz.edu.bo\/?p=29623"},"modified":"2020-01-14T17:46:37","modified_gmt":"2020-01-14T21:46:37","slug":"calendario-academico-semestre-i-2020-unifranz-cochabamba","status":"publish","type":"post","link":"https:\/\/unifranz.edu.bo\/pt\/eventos\/calendario-academico-semestre-i-2020-unifranz-cochabamba\/","title":{"rendered":"CALENDARIO ACAD\u00c9MICO SEMESTRE I-2020 UNIFRANZ COCHABAMBA"},"content":{"rendered":"<p>El calendario acad\u00e9mico del Semestre I-2020 ya se encuentra a disposici\u00f3n de los estudiantes de la Sede Cochabamba.<\/p>\n<p>Con\u00f3celo a continuaci\u00f3n:<\/p>\n<p><img loading=\"lazy\" decoding=\"async\" class=\"aligncenter wp-image-29625 size-full\" src=\"https:\/\/unifranz.edu.bo\/wp-content\/uploads\/2020\/01\/calendario-acad\u00e9mico_001.jpg\" alt=\"\" width=\"1417\" height=\"1984\" srcset=\"https:\/\/unifranz.edu.bo\/wp-content\/uploads\/2020\/01\/calendario-acad\u00e9mico_001.jpg 1417w, https:\/\/unifranz.edu.bo\/wp-content\/uploads\/2020\/01\/calendario-acad\u00e9mico_001-214x300.jpg 214w, https:\/\/unifranz.edu.bo\/wp-content\/uploads\/2020\/01\/calendario-acad\u00e9mico_001-731x1024.jpg 731w, https:\/\/unifranz.edu.bo\/wp-content\/uploads\/2020\/01\/calendario-acad\u00e9mico_001-768x1075.jpg 768w, https:\/\/unifranz.edu.bo\/wp-content\/uploads\/2020\/01\/calendario-acad\u00e9mico_001-1097x1536.jpg 1097w, https:\/\/unifranz.edu.bo\/wp-content\/uploads\/2020\/01\/calendario-acad\u00e9mico_001-9x12.jpg 9w\" sizes=\"auto, (max-width: 1417px) 100vw, 1417px\" \/><\/p>","protected":false},"excerpt":{"rendered":"<p>El calendario acad\u00e9mico del Semestre I-2020 ya se encuentra a disposici\u00f3n de los estudiantes de la Sede Cochabamba. Con\u00f3celo a continuaci\u00f3n:<\/p>","protected":false},"author":45,"featured_media":29625,"comment_status":"open","ping_status":"open","sticky":false,"template":"","format":"standard","meta":{"_acf_changed":false,"footnotes":""},"categories":[60,280,1004,45],"tags":[386,342],"class_list":["post-29623","post","type-post","status-publish","format-standard","has-post-thumbnail","hentry","category-blog","category-cochabamba","category-estudiantes","category-eventos","tag-estudiantes","tag-excelencia-academica"],"acf":[],"_links":{"self":[{"href":"https:\/\/unifranz.edu.bo\/pt\/wp-json\/wp\/v2\/posts\/29623","targetHints":{"allow":["GET"]}}],"collection":[{"href":"https:\/\/unifranz.edu.bo\/pt\/wp-json\/wp\/v2\/posts"}],"about":[{"href":"https:\/\/unifranz.edu.bo\/pt\/wp-json\/wp\/v2\/types\/post"}],"author":[{"embeddable":true,"href":"https:\/\/unifranz.edu.bo\/pt\/wp-json\/wp\/v2\/users\/45"}],"replies":[{"embeddable":true,"href":"https:\/\/unifranz.edu.bo\/pt\/wp-json\/wp\/v2\/comments?post=29623"}],"version-history":[{"count":2,"href":"https:\/\/unifranz.edu.bo\/pt\/wp-json\/wp\/v2\/posts\/29623\/revisions"}],"predecessor-version":[{"id":29627,"href":"https:\/\/unifranz.edu.bo\/pt\/wp-json\/wp\/v2\/posts\/29623\/revisions\/29627"}],"wp:featuredmedia":[{"embeddable":true,"href":"https:\/\/unifranz.edu.bo\/pt\/wp-json\/wp\/v2\/media\/29625"}],"wp:attachment":[{"href":"https:\/\/unifranz.edu.bo\/pt\/wp-json\/wp\/v2\/media?parent=29623"}],"wp:term":[{"taxonomy":"category","embeddable":true,"href":"https:\/\/unifranz.edu.bo\/pt\/wp-json\/wp\/v2\/categories?post=29623"},{"taxonomy":"post_tag","embeddable":true,"href":"https:\/\/unifranz.edu.bo\/pt\/wp-json\/wp\/v2\/tags?post=29623"}],"curies":[{"name":"wp","href":"https:\/\/api.w.org\/{rel}","templated":true}]}}