{"id":29487,"date":"2019-12-17T17:30:39","date_gmt":"2019-12-17T21:30:39","guid":{"rendered":"https:\/\/unifranz.edu.bo\/?p=29487"},"modified":"2019-12-17T17:30:39","modified_gmt":"2019-12-17T21:30:39","slug":"el-alto-innova-con-nuevo-centro-odontologico","status":"publish","type":"post","link":"https:\/\/unifranz.edu.bo\/pt\/blog\/el-alto-innova-con-nuevo-centro-odontologico\/","title":{"rendered":"EL ALTO INNOVA CON NUEVO CENTRO ODONTOL\u00d3GICO"},"content":{"rendered":"<p><strong>El Alto. Diciembre.<\/strong> La Fundaci\u00f3n UNIFRANZ, a trav\u00e9s de su Programa de Salud, desarrolla acciones con el objetivo de fortalecen los servicios de atenci\u00f3n preventiva, curativa y quir\u00fargica que la Cl\u00ednica Odontol\u00f3gica UNIFRANZ ofrece a la comunidad alte\u00f1a. En esta oportunidad, la Fundaci\u00f3n UNIFRANZ inaugur\u00f3, en alianza con UNIFRANZ El Alto y Radioimagen 3D, uno de los primeros Centros Odontol\u00f3gicos de El Alto especializado en \u201cDiagn\u00f3stico por Im\u00e1genes\u201d; tecnolog\u00eda vital para los tratamientos desarrollados bajo el concepto de \u201cDiagn\u00f3stico Seguro\u201d.<\/p>\n<p>Este nuevo Centro de Imagenolog\u00eda Odontol\u00f3gica cuenta con profesionales especializados y capacitados en Radiolog\u00eda e Imagenolog\u00eda para el diagn\u00f3stico de patolog\u00edas bucales; proporcionando una salud integral a los pacientes. Adem\u00e1s, cuenta la mejor tecnolog\u00eda vigente en el mercado.<\/p>\n<p>Radioimagen 3D atiende de lunes a viernes de 09:00 a 19:00\u00a0 y s\u00e1bados de 09:00 a 13:00 horas a la poblaci\u00f3n estudiantil, \u00a0a los pacientes de la Cl\u00ednica Odontol\u00f3gica UNIFRANZ y a la toda la comunidad alte\u00f1a.<\/p>\n<p>\u201cDesde hace tiempo venimos trabajando con el objetivo de ampliar nuestra atenci\u00f3n m\u00e9dica con otros servicios. Hoy inauguramos el centro de radiolog\u00eda \u201cRADIOIMAGEN 3D\u201d en la ciudad de El Alto, convirti\u00e9ndonos en uno de los primeros centros que brinda atenci\u00f3n especializada en Odontolog\u00eda a trav\u00e9s del Diagn\u00f3stico por Im\u00e1genes\u201d, agreg\u00f3 Pilar Hidalgo, Directora de la Fundaci\u00f3n UNIFRANZ<\/p>\n<p>\u201cEl objetivo de incorporar este servicio a nuestras instalaciones fue fortalecer la promoci\u00f3n de los servicios de la Cl\u00ednica UNIFRANZ para coadyuvar en un diagn\u00f3stico correcto y un tratamiento odontol\u00f3gico adecuado\u201d destaco \u00c1lvaro Ib\u00e1\u00f1ez, Director de la Carrera de Odontolog\u00eda UNIFRANZ El Alto y responsable de la Cl\u00ednica Odontol\u00f3gica.<\/p>\n<p>La Fundaci\u00f3n UNIFRANZ estableci\u00f3 una alianza estrat\u00e9gica con \u201cRadioimagen 3D\u201d con el objetivo de ofrecer atenci\u00f3n especializada en Diagn\u00f3stico por Im\u00e1genes en Odontolog\u00eda y convertirse, de esta manera, en un centro de capacitaci\u00f3n y formaci\u00f3n de excelencia para todos los profesionales.<\/p>\n<p>El Centro \u201cRADIOIMAGEN 3D\u201d brinda atenci\u00f3n m\u00e9dica a partir del uso de diferentes tecnolog\u00edas: Radiograf\u00eda Convencional Intrabucal (Periapical unitaria o seriada o\u00a0 Inter-proximal), Radiograf\u00eda Digital Extrabucal (Panor\u00e1mica, Teleradiograf\u00edas Lateral de Cr\u00e1neo con o sin\u00a0 trazado cefalom\u00e9trico; Teleradiograf\u00eda Frontal de Cr\u00e1neo anterior o posterior con o sin trazado cefalom\u00e9trico<strong>, <\/strong>ATM digital (boca abierta o cerrada)<strong><u>, <\/u><\/strong>radiografia Carpal de mano y Radiograf\u00eda de senos paranasales y maxilares. Asimismo, el Centro ofrece estudios complementarios como Ortodoncia Completa y Especial, fotograf\u00edas Intra y Extrabucales y modelos de estudio zocalados.<\/p>\n<p>Por la innovadora tecnolog\u00eda que posee y los profesionales disruptivos y de gran trayectoria que la integran, Radioimagen 3D se convertir\u00e1 en poco tiempo en un referente en la Ciudad de El Alto, tanto en atenci\u00f3n m\u00e9dica como en la formaci\u00f3n de odont\u00f3logos de calidad mundial.<\/p>\n<p>\u00c1lvaro Ib\u00e1\u00f1ez, Director de la Carrera de Odontolog\u00eda UNIFRANZ El Alto, explica cu\u00e1l es la funci\u00f3n que tiene el nuevo Centro de imagenolog\u00eda en UNIFRANZ El Alto. \u201cPrevenir y diagnosticar enfermedades que acometen el complejo bucomaxilofacial mediante la realizaci\u00f3n de radiograf\u00edas panor\u00e1micas\u201d, agreg\u00f3 Ib\u00e1\u00f1ez.<\/p>\n<p>La principal impulsora de esta alianza estrat\u00e9gica fue la Fundaci\u00f3n UNIFRANZ y \u00a0en palabras de su Directora nos explica la finalidad de la misma; \u201cLa Fundaci\u00f3n, a trav\u00e9s de su programa en el \u00e1rea de salud, ofrece un nuevo servicio de imagenolog\u00eda en la\u00a0 Cl\u00ednica UNFRANZ, espacio donde se promueve el bienestar f\u00edsico de los m\u00e1s necesitados.\u00a0 A su vez, tratamos de diferenciarnos por la empat\u00eda en nuestra atenci\u00f3n para no solo tratar el diagnostico medico sino coadyuvar a la salud mental y espiritual de nuestros pacientes\u201d, concluyo Pilar Hidalgo.<\/p>\n<p>Para cerrar la inauguraci\u00f3n, Allison Calle, Directora Radioimagen 3D, explic\u00f3 cu\u00e1l es la utilidad de la tecnolog\u00eda de imagen en la Cl\u00ednica UNIFRANZ El Alto. \u201cEsta tecnolog\u00eda nos ayuda a un diagn\u00f3stico preciso y una planificaci\u00f3n para un tratamiento odontol\u00f3gico integral de todos los pacientes que atendidos en el Centro. Este servicio tiene su parte de formaci\u00f3n acad\u00e9mica donde los estudiantes que ya est\u00e9n cursando las carreras de imagenolog\u00eda podr\u00e1n ingresar a nuestras instalaciones para que ellos conozcan c\u00f3mo se manejan estos equipos\u00a0 de \u00faltima generaci\u00f3n, para qu\u00e9 sirven y cu\u00e1l es el prop\u00f3sito de esta especialidad. Este centro tambi\u00e9n busca apoyar a toda la ciudad de El Alto para que puedan tener acceso a un servicio de alta precisi\u00f3n\u201d, concluy\u00f3 Allison Calle.<\/p>\n<p><strong>Sobre UNIFRANZ<\/strong><\/p>\n<p>La Universidad Privada Franz Tamayo \u2013 UNIFRANZ cumpli\u00f3 26 a\u00f1os de trayectoria en educaci\u00f3n superior y mantiene el compromiso de acompa\u00f1ar la evoluci\u00f3n de la sociedad en este mundo globalizado. Su actual modelo pedag\u00f3gico tiene un enfoque por competencias que se apoya en tres pilares: el saber, el saber hacer y el saber ser, a fin de formar profesionales con talento de clase mundial. Igualmente, UNIFRANZ considera vital la internacionalizaci\u00f3n en su visi\u00f3n de una universidad disruptiva y transformadora que apunta a cambiar el modelo educativo en Bolivia. Cuenta con una infraestructura de m\u00e1s 65.000 metros cuadrados construidos en La Paz, El Alto, Cochabamba y Santa Cruz y obtuvo la certificaci\u00f3n de calidad ISO 9001: 2015.<\/p>\n<p><strong>Sobre Fundaci\u00f3n UNIFRANZ<\/strong><\/p>\n<p>La Fundaci\u00f3n UNIFRANZ desarrolla iniciativas de Responsabilidad Social Empresarial (RSE) e involucra en ellas a peque\u00f1as y medianas empresas comprometidas con el mejoramiento de la calidad de vida de la comunidad. La Fundaci\u00f3n UNIFRANZ trabaja en la promoci\u00f3n de valores y en la consolidaci\u00f3n de una Red de Colaboradores en \u201cRSE\u201d. Todo el trabajo de la Fundaci\u00f3n UNIFRANZ se sustenta en la convicci\u00f3n que\u00a0 los seres humanos crecen cuando tienen la oportunidad de abrir sus vidas a la vida de otras personas.<\/p>\n<div id='gallery-1' class='gallery galleryid-29487 gallery-columns-3 gallery-size-thumbnail'><figure class='gallery-item'>\n\t\t\t<div class='gallery-icon landscape'>\n\t\t\t\t<a href='https:\/\/unifranz.edu.bo\/pt\/blog\/el-alto-innova-con-nuevo-centro-odontologico\/attachment\/foto-2-11\/'><img loading=\"lazy\" decoding=\"async\" width=\"300\" height=\"200\" src=\"https:\/\/unifranz.edu.bo\/wp-content\/uploads\/2019\/12\/Foto-2-1-300x200.jpg\" class=\"attachment-thumbnail size-thumbnail\" alt=\"\" srcset=\"https:\/\/unifranz.edu.bo\/wp-content\/uploads\/2019\/12\/Foto-2-1-300x200.jpg 300w, https:\/\/unifranz.edu.bo\/wp-content\/uploads\/2019\/12\/Foto-2-1-1024x683.jpg 1024w, https:\/\/unifranz.edu.bo\/wp-content\/uploads\/2019\/12\/Foto-2-1-768x512.jpg 768w, https:\/\/unifranz.edu.bo\/wp-content\/uploads\/2019\/12\/Foto-2-1-1536x1024.jpg 1536w, https:\/\/unifranz.edu.bo\/wp-content\/uploads\/2019\/12\/Foto-2-1-2048x1366.jpg 2048w, https:\/\/unifranz.edu.bo\/wp-content\/uploads\/2019\/12\/Foto-2-1-18x12.jpg 18w\" sizes=\"auto, (max-width: 300px) 100vw, 300px\" \/><\/a>\n\t\t\t<\/div><\/figure><figure class='gallery-item'>\n\t\t\t<div class='gallery-icon landscape'>\n\t\t\t\t<a href='https:\/\/unifranz.edu.bo\/pt\/blog\/el-alto-innova-con-nuevo-centro-odontologico\/attachment\/foto-3-7\/'><img loading=\"lazy\" decoding=\"async\" width=\"300\" height=\"200\" src=\"https:\/\/unifranz.edu.bo\/wp-content\/uploads\/2019\/12\/Foto-3-1-300x200.jpg\" class=\"attachment-thumbnail size-thumbnail\" alt=\"\" srcset=\"https:\/\/unifranz.edu.bo\/wp-content\/uploads\/2019\/12\/Foto-3-1-300x200.jpg 300w, https:\/\/unifranz.edu.bo\/wp-content\/uploads\/2019\/12\/Foto-3-1-1024x683.jpg 1024w, https:\/\/unifranz.edu.bo\/wp-content\/uploads\/2019\/12\/Foto-3-1-768x512.jpg 768w, https:\/\/unifranz.edu.bo\/wp-content\/uploads\/2019\/12\/Foto-3-1-1536x1024.jpg 1536w, https:\/\/unifranz.edu.bo\/wp-content\/uploads\/2019\/12\/Foto-3-1-2048x1365.jpg 2048w, https:\/\/unifranz.edu.bo\/wp-content\/uploads\/2019\/12\/Foto-3-1-18x12.jpg 18w\" sizes=\"auto, (max-width: 300px) 100vw, 300px\" \/><\/a>\n\t\t\t<\/div><\/figure><figure class='gallery-item'>\n\t\t\t<div class='gallery-icon landscape'>\n\t\t\t\t<a href='https:\/\/unifranz.edu.bo\/pt\/blog\/el-alto-innova-con-nuevo-centro-odontologico\/attachment\/foto-5-4\/'><img loading=\"lazy\" decoding=\"async\" width=\"300\" height=\"200\" src=\"https:\/\/unifranz.edu.bo\/wp-content\/uploads\/2019\/12\/Foto-5-300x200.jpg\" class=\"attachment-thumbnail size-thumbnail\" alt=\"\" srcset=\"https:\/\/unifranz.edu.bo\/wp-content\/uploads\/2019\/12\/Foto-5-300x200.jpg 300w, https:\/\/unifranz.edu.bo\/wp-content\/uploads\/2019\/12\/Foto-5-1024x683.jpg 1024w, https:\/\/unifranz.edu.bo\/wp-content\/uploads\/2019\/12\/Foto-5-768x512.jpg 768w, https:\/\/unifranz.edu.bo\/wp-content\/uploads\/2019\/12\/Foto-5-1536x1024.jpg 1536w, https:\/\/unifranz.edu.bo\/wp-content\/uploads\/2019\/12\/Foto-5-2048x1365.jpg 2048w, https:\/\/unifranz.edu.bo\/wp-content\/uploads\/2019\/12\/Foto-5-18x12.jpg 18w\" sizes=\"auto, (max-width: 300px) 100vw, 300px\" \/><\/a>\n\t\t\t<\/div><\/figure><figure class='gallery-item'>\n\t\t\t<div class='gallery-icon landscape'>\n\t\t\t\t<a href='https:\/\/unifranz.edu.bo\/pt\/blog\/el-alto-innova-con-nuevo-centro-odontologico\/attachment\/foto-6-2\/'><img loading=\"lazy\" decoding=\"async\" width=\"300\" height=\"200\" src=\"https:\/\/unifranz.edu.bo\/wp-content\/uploads\/2019\/12\/Foto-6-300x200.jpg\" class=\"attachment-thumbnail size-thumbnail\" alt=\"\" srcset=\"https:\/\/unifranz.edu.bo\/wp-content\/uploads\/2019\/12\/Foto-6-300x200.jpg 300w, https:\/\/unifranz.edu.bo\/wp-content\/uploads\/2019\/12\/Foto-6-1024x683.jpg 1024w, https:\/\/unifranz.edu.bo\/wp-content\/uploads\/2019\/12\/Foto-6-768x512.jpg 768w, https:\/\/unifranz.edu.bo\/wp-content\/uploads\/2019\/12\/Foto-6-1536x1024.jpg 1536w, https:\/\/unifranz.edu.bo\/wp-content\/uploads\/2019\/12\/Foto-6-2048x1365.jpg 2048w, https:\/\/unifranz.edu.bo\/wp-content\/uploads\/2019\/12\/Foto-6-18x12.jpg 18w\" sizes=\"auto, (max-width: 300px) 100vw, 300px\" \/><\/a>\n\t\t\t<\/div><\/figure>\n\t\t<\/div>","protected":false},"excerpt":{"rendered":"<p>El Alto. Diciembre. La Fundaci\u00f3n UNIFRANZ, a trav\u00e9s de su Programa de Salud, desarrolla acciones con el objetivo de fortalecen los servicios de atenci\u00f3n preventiva, curativa y quir\u00fargica que la Cl\u00ednica Odontol\u00f3gica UNIFRANZ ofrece a la comunidad alte\u00f1a. En esta oportunidad, la Fundaci\u00f3n UNIFRANZ inaugur\u00f3, en alianza con UNIFRANZ El Alto y Radioimagen 3D, uno &hellip; <a href=\"https:\/\/unifranz.edu.bo\/pt\/blog\/el-alto-innova-con-nuevo-centro-odontologico\/\">Continued<\/a><\/p>","protected":false},"author":45,"featured_media":29488,"comment_status":"open","ping_status":"open","sticky":false,"template":"","format":"standard","meta":{"_acf_changed":false,"footnotes":""},"categories":[60],"tags":[978,1404,47,236,1400,186,1402,242],"class_list":["post-29487","post","type-post","status-publish","format-standard","has-post-thumbnail","hentry","category-blog","tag-clinica-odontologica","tag-diagnostico","tag-el-alto","tag-fundacion-unifranz","tag-imagenologia","tag-odontologia","tag-radioimagen","tag-unifranz"],"acf":[],"_links":{"self":[{"href":"https:\/\/unifranz.edu.bo\/pt\/wp-json\/wp\/v2\/posts\/29487","targetHints":{"allow":["GET"]}}],"collection":[{"href":"https:\/\/unifranz.edu.bo\/pt\/wp-json\/wp\/v2\/posts"}],"about":[{"href":"https:\/\/unifranz.edu.bo\/pt\/wp-json\/wp\/v2\/types\/post"}],"author":[{"embeddable":true,"href":"https:\/\/unifranz.edu.bo\/pt\/wp-json\/wp\/v2\/users\/45"}],"replies":[{"embeddable":true,"href":"https:\/\/unifranz.edu.bo\/pt\/wp-json\/wp\/v2\/comments?post=29487"}],"version-history":[{"count":1,"href":"https:\/\/unifranz.edu.bo\/pt\/wp-json\/wp\/v2\/posts\/29487\/revisions"}],"predecessor-version":[{"id":29493,"href":"https:\/\/unifranz.edu.bo\/pt\/wp-json\/wp\/v2\/posts\/29487\/revisions\/29493"}],"wp:featuredmedia":[{"embeddable":true,"href":"https:\/\/unifranz.edu.bo\/pt\/wp-json\/wp\/v2\/media\/29488"}],"wp:attachment":[{"href":"https:\/\/unifranz.edu.bo\/pt\/wp-json\/wp\/v2\/media?parent=29487"}],"wp:term":[{"taxonomy":"category","embeddable":true,"href":"https:\/\/unifranz.edu.bo\/pt\/wp-json\/wp\/v2\/categories?post=29487"},{"taxonomy":"post_tag","embeddable":true,"href":"https:\/\/unifranz.edu.bo\/pt\/wp-json\/wp\/v2\/tags?post=29487"}],"curies":[{"name":"wp","href":"https:\/\/api.w.org\/{rel}","templated":true}]}}