{"id":29334,"date":"2019-10-21T17:39:41","date_gmt":"2019-10-21T21:39:41","guid":{"rendered":"https:\/\/unifranz.edu.bo\/?p=29334"},"modified":"2019-10-21T17:39:41","modified_gmt":"2019-10-21T21:39:41","slug":"desarrollan-seminario-sobre-derechos-politicos-durante-elecciones","status":"publish","type":"post","link":"https:\/\/unifranz.edu.bo\/pt\/blog\/desarrollan-seminario-sobre-derechos-politicos-durante-elecciones\/","title":{"rendered":"DESARROLLAN SEMINARIO SOBRE DERECHOS POL\u00cdTICOS DURANTE ELECCIONES"},"content":{"rendered":"<p><strong>El Alto. Octubre<\/strong>. En los d\u00edas previos a las elecciones y con el objetivo que los estudiantes conozcan m\u00e1s sobre el \u00e1mbito jur\u00eddico y legal que enmarca a los procesos electorales, la Carrera de Derecho UNIFRANZ El Alto organiz\u00f3 el\u00a0 Seminario <strong><em>\u201cConociendo nuestros Derechos Pol\u00edticos en Etapa Electoral\u201d<\/em><\/strong>; donde se desarrollaron tres ponencias sobre este \u00e1mbito: Sistema Electoral Boliviano; Caracter\u00edsticas y Reglamento de Elecciones Generales 2019 y An\u00e1lisis de los diferentes programas de gobierno de los partidos y alianzas pol\u00edticas.<\/p>\n<p>Las exposiciones estuvieron a cargo de Luis Fernando Arteaga, Docente UNIFRANZ experto en Derecho Electoral en UNIFRANZ El Alto; Medellyn Kelly Flores Aguilar, Enlace Educaci\u00f3n TSE; Mauricio Ramos Paredes, Facilitador Departamental TSE y Ery Castro Miranda, Docente de Derecho Constitucional en UNIFRANZ.<\/p>\n<p>La capacitaci\u00f3n apunta a desarrollar l\u00edneas de trabajo y cumplir con el proceso de desarrollo de competencias adecuadas con el perfil profesional. Se quiere empoderar a los estudiantes de la carrera de Derecho, tomando en base sus principales capacidades y habilidades.<\/p>\n<p>\u201cEste Seminario se llev\u00f3 a cabo con el objetivo de ofrecer a los estudiantes de la Carrera de Derecho informaci\u00f3n m\u00e1s efectiva sobre Derecho Electoral. Asimismo, funcionarios del Organismo Electoral Departamental y del Tribunal Supremo Electoral capacitaron a los estudiantes sobre la elecci\u00f3n del 20 de octubre. Si bien los estudiantes cursan Derecho Electoral, se necesitan estas actividades para profundizar, no s\u00f3lo en el \u00e1mbito legal sino tambi\u00e9n sociol\u00f3gico-jur\u00eddico. Uno de nuestros docentes de la materia de Derecho Constitucional y Procesal Constitucional present\u00f3 una investigaci\u00f3n junto a estudiantes de la carrera de los programas de gobierno presentados por cada uno de los actuales partidos pol\u00edticos y alianzas que presentaron candidatos a la elecciones generales\u201d, explic\u00f3 \u00c9rika Febrero, Directora de Carrera de Derecho de UNIFRANZ.<\/p>\n<p>Ery Castro Miranda, Docente de la Carrera de Derecho de UNIFRANZ, fue el responsable de la investigaci\u00f3n desarrollada conjuntamente con los estudiantes de Derecho sobre las propuestas desarrolladas por cada partido en el \u00e1mbito Judicial; entrevistando candidatos de los diferentes partidos y alianzas que ocupar\u00e1n diversos cargos municipales, departamentales y nacionales.<\/p>\n<p>Durante la investigaci\u00f3n, los estudiantes desarrollaron un an\u00e1lisis minucioso dela totalidad de programas de gobierno presentados por cada partido y alianza pol\u00edtica ante el \u00d3rgano Electoral Plurinacional.<\/p>\n<p>\u201cMe parece muy interesante que en el \u00e1mbito acad\u00e9mico se organicen estos seminarios porque ayudan a que los estudiantes puedan abrir sus mentes. Muchos docentes s\u00f3lo se limitan a un solo aspecto, por eso es muy loable la postura de la instituci\u00f3n de realizar este tipo de actividades. En cuanto a mi exposici\u00f3n, puedo decir que las organizaciones pol\u00edticas no tienen una idea clara, inclusive sus mismos candidatos, los cuales hemos entrevistado. Ellos desconocen sus programas de gobierno y no tienen la idea clara de qu\u00e9 pa\u00eds queremos. Por lo tanto, estas circunstancias influyen a la hora de decidir nuestro voto\u201d, explico \u00a0Ery Castro.<\/p>\n<p>\u201cEs una exigencia normativa del \u00f3rgano electoral que las organizaciones pol\u00edticas y las alianzas ciudadanas presenten sus programas de gobierno. Es un requisito elemental y fundamental. Entonces, parece que para cumplir con ese requisito utilizan t\u00e9rminos incongruentes y las propuestas resultan inviables\u201d, agreg\u00f3 Castro.<\/p>\n<p>La estudiante de la Carrera de Derecho UNIFRANZ, Betty Alc\u00e1zar Chambi, participo del Seminario sobre Derecho Electoral y fue bastante cr\u00edtica con la exposici\u00f3n de los funcionarios del OEP. \u201cEl primer expositor ha sido muy bueno porque nos ha dado muchas luces para este domingo en las elecciones. No me gust\u00f3 la exposici\u00f3n de los funcionarios del \u00d3rgano Electoral y sobre la conferencia del Dr. Ery Castro nos gu\u00eda y motiva por un buen camino para ser excelentes profesionales\u201d.<\/p>\n<p><strong>Sobre UNIFRANZ<\/strong><\/p>\n<p>La Universidad Privada Franz Tamayo \u2013 UNIFRANZ cumpli\u00f3 26 a\u00f1os de trayectoria en educaci\u00f3n superior y mantiene el compromiso de acompa\u00f1ar la evoluci\u00f3n de la sociedad en este mundo globalizado. Su actual modelo pedag\u00f3gico tiene un enfoque por competencias que se apoya en tres pilares: el saber, el saber hacer y el saber ser, a fin de formar profesionales con talento de clase mundial. Igualmente, UNIFRANZ considera vital la internacionalizaci\u00f3n en su visi\u00f3n de una universidad disruptiva y transformadora que apunta a cambiar el modelo educativo en Bolivia. Cuenta con una infraestructura de m\u00e1s 65.000 metros cuadrados construidos en La Paz, El Alto, Cochabamba y Santa Cruz y obtuvo la certificaci\u00f3n de calidad ISO 9001: 2015.<\/p>\n<div id='gallery-1' class='gallery galleryid-29334 gallery-columns-3 gallery-size-thumbnail'><figure class='gallery-item'>\n\t\t\t<div class='gallery-icon landscape'>\n\t\t\t\t<a href='https:\/\/unifranz.edu.bo\/pt\/blog\/desarrollan-seminario-sobre-derechos-politicos-durante-elecciones\/attachment\/foto-2-9\/'><img loading=\"lazy\" decoding=\"async\" width=\"300\" height=\"200\" src=\"https:\/\/unifranz.edu.bo\/wp-content\/uploads\/2019\/10\/Foto-2-1-300x200.jpg\" class=\"attachment-thumbnail size-thumbnail\" alt=\"\" srcset=\"https:\/\/unifranz.edu.bo\/wp-content\/uploads\/2019\/10\/Foto-2-1-300x200.jpg 300w, https:\/\/unifranz.edu.bo\/wp-content\/uploads\/2019\/10\/Foto-2-1-1024x683.jpg 1024w, https:\/\/unifranz.edu.bo\/wp-content\/uploads\/2019\/10\/Foto-2-1-768x512.jpg 768w, https:\/\/unifranz.edu.bo\/wp-content\/uploads\/2019\/10\/Foto-2-1-1536x1024.jpg 1536w, https:\/\/unifranz.edu.bo\/wp-content\/uploads\/2019\/10\/Foto-2-1-2048x1365.jpg 2048w, https:\/\/unifranz.edu.bo\/wp-content\/uploads\/2019\/10\/Foto-2-1-18x12.jpg 18w\" sizes=\"auto, (max-width: 300px) 100vw, 300px\" \/><\/a>\n\t\t\t<\/div><\/figure><figure class='gallery-item'>\n\t\t\t<div class='gallery-icon landscape'>\n\t\t\t\t<a href='https:\/\/unifranz.edu.bo\/pt\/blog\/desarrollan-seminario-sobre-derechos-politicos-durante-elecciones\/attachment\/foto-3-5\/'><img loading=\"lazy\" decoding=\"async\" width=\"300\" height=\"200\" src=\"https:\/\/unifranz.edu.bo\/wp-content\/uploads\/2019\/10\/Foto-3-1-300x200.jpg\" class=\"attachment-thumbnail size-thumbnail\" alt=\"\" srcset=\"https:\/\/unifranz.edu.bo\/wp-content\/uploads\/2019\/10\/Foto-3-1-300x200.jpg 300w, https:\/\/unifranz.edu.bo\/wp-content\/uploads\/2019\/10\/Foto-3-1-1024x683.jpg 1024w, https:\/\/unifranz.edu.bo\/wp-content\/uploads\/2019\/10\/Foto-3-1-768x512.jpg 768w, https:\/\/unifranz.edu.bo\/wp-content\/uploads\/2019\/10\/Foto-3-1-1536x1024.jpg 1536w, https:\/\/unifranz.edu.bo\/wp-content\/uploads\/2019\/10\/Foto-3-1-2048x1365.jpg 2048w, https:\/\/unifranz.edu.bo\/wp-content\/uploads\/2019\/10\/Foto-3-1-18x12.jpg 18w\" sizes=\"auto, (max-width: 300px) 100vw, 300px\" \/><\/a>\n\t\t\t<\/div><\/figure><figure class='gallery-item'>\n\t\t\t<div class='gallery-icon landscape'>\n\t\t\t\t<a href='https:\/\/unifranz.edu.bo\/pt\/blog\/desarrollan-seminario-sobre-derechos-politicos-durante-elecciones\/attachment\/img_8593\/'><img loading=\"lazy\" decoding=\"async\" width=\"300\" height=\"200\" src=\"https:\/\/unifranz.edu.bo\/wp-content\/uploads\/2019\/10\/IMG_8593-300x200.jpg\" class=\"attachment-thumbnail size-thumbnail\" alt=\"\" srcset=\"https:\/\/unifranz.edu.bo\/wp-content\/uploads\/2019\/10\/IMG_8593-300x200.jpg 300w, https:\/\/unifranz.edu.bo\/wp-content\/uploads\/2019\/10\/IMG_8593-1024x683.jpg 1024w, https:\/\/unifranz.edu.bo\/wp-content\/uploads\/2019\/10\/IMG_8593-768x512.jpg 768w, https:\/\/unifranz.edu.bo\/wp-content\/uploads\/2019\/10\/IMG_8593-1536x1024.jpg 1536w, https:\/\/unifranz.edu.bo\/wp-content\/uploads\/2019\/10\/IMG_8593-2048x1365.jpg 2048w, https:\/\/unifranz.edu.bo\/wp-content\/uploads\/2019\/10\/IMG_8593-18x12.jpg 18w\" sizes=\"auto, (max-width: 300px) 100vw, 300px\" \/><\/a>\n\t\t\t<\/div><\/figure>\n\t\t<\/div>\n\n<p>&nbsp;<\/p>","protected":false},"excerpt":{"rendered":"<p>El Alto. Octubre. En los d\u00edas previos a las elecciones y con el objetivo que los estudiantes conozcan m\u00e1s sobre el \u00e1mbito jur\u00eddico y legal que enmarca a los procesos electorales, la Carrera de Derecho UNIFRANZ El Alto organiz\u00f3 el\u00a0 Seminario \u201cConociendo nuestros Derechos Pol\u00edticos en Etapa Electoral\u201d; donde se desarrollaron tres ponencias sobre este &hellip; <a href=\"https:\/\/unifranz.edu.bo\/pt\/blog\/desarrollan-seminario-sobre-derechos-politicos-durante-elecciones\/\">Continued<\/a><\/p>","protected":false},"author":45,"featured_media":29335,"comment_status":"open","ping_status":"open","sticky":false,"template":"","format":"standard","meta":{"_acf_changed":false,"footnotes":""},"categories":[60],"tags":[1370,39,1372,1380,47,1374,1376,1378,242],"class_list":["post-29334","post","type-post","status-publish","format-standard","has-post-thumbnail","hentry","category-blog","tag-abogados","tag-derecho","tag-derecho-electoral","tag-derechos-en-elecciones","tag-el-alto","tag-elecciones-generales","tag-oep","tag-tse","tag-unifranz"],"acf":[],"_links":{"self":[{"href":"https:\/\/unifranz.edu.bo\/pt\/wp-json\/wp\/v2\/posts\/29334","targetHints":{"allow":["GET"]}}],"collection":[{"href":"https:\/\/unifranz.edu.bo\/pt\/wp-json\/wp\/v2\/posts"}],"about":[{"href":"https:\/\/unifranz.edu.bo\/pt\/wp-json\/wp\/v2\/types\/post"}],"author":[{"embeddable":true,"href":"https:\/\/unifranz.edu.bo\/pt\/wp-json\/wp\/v2\/users\/45"}],"replies":[{"embeddable":true,"href":"https:\/\/unifranz.edu.bo\/pt\/wp-json\/wp\/v2\/comments?post=29334"}],"version-history":[{"count":1,"href":"https:\/\/unifranz.edu.bo\/pt\/wp-json\/wp\/v2\/posts\/29334\/revisions"}],"predecessor-version":[{"id":29339,"href":"https:\/\/unifranz.edu.bo\/pt\/wp-json\/wp\/v2\/posts\/29334\/revisions\/29339"}],"wp:featuredmedia":[{"embeddable":true,"href":"https:\/\/unifranz.edu.bo\/pt\/wp-json\/wp\/v2\/media\/29335"}],"wp:attachment":[{"href":"https:\/\/unifranz.edu.bo\/pt\/wp-json\/wp\/v2\/media?parent=29334"}],"wp:term":[{"taxonomy":"category","embeddable":true,"href":"https:\/\/unifranz.edu.bo\/pt\/wp-json\/wp\/v2\/categories?post=29334"},{"taxonomy":"post_tag","embeddable":true,"href":"https:\/\/unifranz.edu.bo\/pt\/wp-json\/wp\/v2\/tags?post=29334"}],"curies":[{"name":"wp","href":"https:\/\/api.w.org\/{rel}","templated":true}]}}