{"id":292868,"date":"2024-06-07T12:56:17","date_gmt":"2024-06-07T16:56:17","guid":{"rendered":"https:\/\/unifranz.edu.bo\/?p=292868"},"modified":"2024-06-07T12:56:17","modified_gmt":"2024-06-07T16:56:17","slug":"simon-justiniano-el-futuro-psicologo-unifranz-que-vive-su-internacionalizacion-en-europa","status":"publish","type":"post","link":"https:\/\/unifranz.edu.bo\/pt\/blog\/simon-justiniano-el-futuro-psicologo-unifranz-que-vive-su-internacionalizacion-en-europa\/","title":{"rendered":"Sim\u00f3n Justiniano, el futuro psic\u00f3logo Unifranz que vive su Internacionalizaci\u00f3n en Europa"},"content":{"rendered":"<p><span style=\"color: #000000;\">A principios de a\u00f1o, Sim\u00f3n Justiniano prepar\u00f3 sus maletas, agarr\u00f3 su pasaporte y se subi\u00f3 al avi\u00f3n para vivir su experiencia de internacionalizaci\u00f3n en la Universidad Cat\u00f3lica San Antonio de Murcia (UCAM), en Espa\u00f1a. El estudiante de la carrera de Psicolog\u00eda cambi\u00f3 de continente luego de ser admitido en el programa Internacional\u00edzate de la Universidad Franz Tamayo, Unifranz, con el objetivo de potenciar sus conocimientos a escala internacional y con el prop\u00f3sito de salir de su zona de confort.<\/span><\/p>\n<p><span style=\"color: #000000;\">\u201cCreo que es importante que un psic\u00f3logo, perteneciendo a una rama de las ciencias de la salud, tenga conocimientos y experiencias globales. Considero que los psic\u00f3logos, como muchas otras profesiones, debemos estar enterados y ver c\u00f3mo funciona nuestra \u00e1rea en diversas partes del mundo. El estar aqu\u00ed me ha cambiado totalmente la percepci\u00f3n de la Psicolog\u00eda\u201d, asegur\u00f3 Justiniano.<\/span><\/p>\n<p><span style=\"color: #000000;\">Internacional\u00edzate es un programa dise\u00f1ado por Unifranz para ofrecer a los estudiantes una experiencia educativa a escala global, brind\u00e1ndoles la oportunidad de realizar intercambios acad\u00e9micos en universidades aliadas y estrat\u00e9gicas en todo el mundo, permiti\u00e9ndoles expandir sus horizontes educativos y culturales.<\/span><\/p>\n<p><span style=\"color: #000000;\">La Universidad Franz Tamayo cuenta con m\u00e1s de 400 convenios en universidades de diferentes partes del mundo. Ejecuta programas acad\u00e9micos que fomentan la experiencia internacional, intercambios estudiantiles, colaboraciones con instituciones internacionales y oportunidades de pr\u00e1cticas en el extranjero.<\/span><\/p>\n<p><span style=\"color: #000000;\">\u201cLa internacionalizaci\u00f3n nos ampl\u00eda los conocimientos y experiencias, porque conocemos maneras diferentes de aprender. Adem\u00e1s, conocemos personas de distintas partes del mundo, nuestro car\u00e1cter se fortalece y exploramos diversas culturas\u201d, destac\u00f3 el futuro psic\u00f3logo.<\/span><\/p>\n<p><img loading=\"lazy\" decoding=\"async\" class=\"alignnone wp-image-292992 size-large\" src=\"https:\/\/unifranz.edu.bo\/wp-content\/uploads\/2024\/06\/IMG-20240605-WA0017-982x1024.jpg\" alt=\"\" width=\"982\" height=\"1024\" srcset=\"https:\/\/unifranz.edu.bo\/wp-content\/uploads\/2024\/06\/IMG-20240605-WA0017-982x1024.jpg 982w, https:\/\/unifranz.edu.bo\/wp-content\/uploads\/2024\/06\/IMG-20240605-WA0017-288x300.jpg 288w, https:\/\/unifranz.edu.bo\/wp-content\/uploads\/2024\/06\/IMG-20240605-WA0017-768x801.jpg 768w, https:\/\/unifranz.edu.bo\/wp-content\/uploads\/2024\/06\/IMG-20240605-WA0017-12x12.jpg 12w, https:\/\/unifranz.edu.bo\/wp-content\/uploads\/2024\/06\/IMG-20240605-WA0017.jpg 1202w\" sizes=\"auto, (max-width: 982px) 100vw, 982px\" \/><\/p>\n<p><span style=\"color: #000000;\"><strong>Un cambio de vida<\/strong><\/span><\/p>\n<p><span style=\"color: #000000;\">El miedo y la inseguridad fueron algunas de las emociones que ten\u00eda Sim\u00f3n antes de viajar, sin embargo, asegura que, al llegar a Espa\u00f1a, no demor\u00f3 en adaptarse y hacer nuevos amigos. Destaca que la UCAM es una universidad reconocida por su movilidad internacional, beneficio que le permiti\u00f3 conocer a estudiantes de distintas partes del mundo.<\/span><\/p>\n<p><span style=\"color: #000000;\">\u201cAl principio ten\u00eda algo de miedo porque era tener un cambio total de vida. En Bolivia era una persona bastante cerrada y rutinaria, no sal\u00eda mucho de mi casa a otro sitio que no fuera la universidad, y me encontraba en una posici\u00f3n bastante acomodada. El hecho de cambiar todas estas comodidades y estar en un nuevo continente casi solo, sin conocer nada y con una nula idea de qu\u00e9 era lo que me esperaba, me llenaba de ansiedad, pero una vez llegu\u00e9 aqu\u00ed, en pocas semanas logr\u00e9 adaptarme a un nuevo modo de vida, en el que tengo que resolver mis propios problemas\u201d, expres\u00f3 el joven.<\/span><\/p>\n<p><img loading=\"lazy\" decoding=\"async\" class=\"alignnone wp-image-292998 size-large\" src=\"https:\/\/unifranz.edu.bo\/wp-content\/uploads\/2024\/06\/IMG-20240605-WA0016-953x1024.jpg\" alt=\"\" width=\"953\" height=\"1024\" srcset=\"https:\/\/unifranz.edu.bo\/wp-content\/uploads\/2024\/06\/IMG-20240605-WA0016-953x1024.jpg 953w, https:\/\/unifranz.edu.bo\/wp-content\/uploads\/2024\/06\/IMG-20240605-WA0016-279x300.jpg 279w, https:\/\/unifranz.edu.bo\/wp-content\/uploads\/2024\/06\/IMG-20240605-WA0016-768x826.jpg 768w, https:\/\/unifranz.edu.bo\/wp-content\/uploads\/2024\/06\/IMG-20240605-WA0016-11x12.jpg 11w, https:\/\/unifranz.edu.bo\/wp-content\/uploads\/2024\/06\/IMG-20240605-WA0016.jpg 1202w\" sizes=\"auto, (max-width: 953px) 100vw, 953px\" \/><\/p>\n<p><span style=\"color: #000000;\"><strong>\u00bfC\u00f3mo postular al programa de Internacionalizaci\u00f3n?<\/strong><\/span><\/p>\n<p><span style=\"color: #000000;\">La asesora del programa de Movilidad Internacional de Unifranz, Mariana Aguilar, asegura que las vivencias que atraviesan los estudiantes con el programa de Internacionalizaci\u00f3n, les permiten fortalecer su car\u00e1cter, conocimientos y habilidades. Recomienda que, en lo posible, \u201ctodos los profesionales deber\u00edan contar con esta experiencia en su hoja de vida, porque les da un plus al momento de buscar mayores oportunidades en el mundo laboral\u201d.<\/span><\/p>\n<p><span style=\"color: #000000;\">Los estudiantes interesados en postular al programa deben estar por lo menos en segundo semestre, tener los documentos personales al d\u00eda (c\u00e9dula de identidad, pasaporte y visa, en caso de que el pa\u00eds al que viajar\u00e1 lo solicite), tener definida la universidad de destino, buena conducta y promedio general. Con toda la documentaci\u00f3n, el departamento de Internacionalizaci\u00f3n de Unifranz se encarga de procesar los tr\u00e1mites correspondientes.<\/span><\/p>\n<p><span style=\"color: #000000;\">Si quieres ser parte de la experiencia de Internacionalizaci\u00f3n, visita el siguiente enlace:<\/span> <a href=\"https:\/\/rrii.unifranz.edu.bo\/\">https:\/\/rrii.unifranz.edu.bo\/<\/a><\/p>","protected":false},"excerpt":{"rendered":"<p>A principios de a\u00f1o, Sim\u00f3n Justiniano prepar\u00f3 sus maletas, agarr\u00f3 su pasaporte y se subi\u00f3 al avi\u00f3n para vivir su experiencia de internacionalizaci\u00f3n en la Universidad Cat\u00f3lica San Antonio de Murcia (UCAM), en Espa\u00f1a. El estudiante de la carrera de Psicolog\u00eda cambi\u00f3 de continente luego de ser admitido en el programa Internacional\u00edzate de la Universidad &hellip; <a href=\"https:\/\/unifranz.edu.bo\/pt\/blog\/simon-justiniano-el-futuro-psicologo-unifranz-que-vive-su-internacionalizacion-en-europa\/\">Continued<\/a><\/p>","protected":false},"author":33,"featured_media":292986,"comment_status":"open","ping_status":"open","sticky":false,"template":"","format":"standard","meta":{"_acf_changed":false,"footnotes":""},"categories":[60,1608,2194,274,1782],"tags":[8794,8798,62,1650,8792,240,8796,242],"class_list":["post-292868","post","type-post","status-publish","format-standard","has-post-thumbnail","hentry","category-blog","category-internacionalizacion","category-psicologia","category-santa-cruz","category-unifranz","tag-espana","tag-europa","tag-internacionalizate","tag-mejores-universidades-de-bolivia","tag-murcia","tag-psicologia","tag-ucam","tag-unifranz"],"acf":[],"_links":{"self":[{"href":"https:\/\/unifranz.edu.bo\/pt\/wp-json\/wp\/v2\/posts\/292868","targetHints":{"allow":["GET"]}}],"collection":[{"href":"https:\/\/unifranz.edu.bo\/pt\/wp-json\/wp\/v2\/posts"}],"about":[{"href":"https:\/\/unifranz.edu.bo\/pt\/wp-json\/wp\/v2\/types\/post"}],"author":[{"embeddable":true,"href":"https:\/\/unifranz.edu.bo\/pt\/wp-json\/wp\/v2\/users\/33"}],"replies":[{"embeddable":true,"href":"https:\/\/unifranz.edu.bo\/pt\/wp-json\/wp\/v2\/comments?post=292868"}],"version-history":[{"count":1,"href":"https:\/\/unifranz.edu.bo\/pt\/wp-json\/wp\/v2\/posts\/292868\/revisions"}],"predecessor-version":[{"id":293010,"href":"https:\/\/unifranz.edu.bo\/pt\/wp-json\/wp\/v2\/posts\/292868\/revisions\/293010"}],"wp:featuredmedia":[{"embeddable":true,"href":"https:\/\/unifranz.edu.bo\/pt\/wp-json\/wp\/v2\/media\/292986"}],"wp:attachment":[{"href":"https:\/\/unifranz.edu.bo\/pt\/wp-json\/wp\/v2\/media?parent=292868"}],"wp:term":[{"taxonomy":"category","embeddable":true,"href":"https:\/\/unifranz.edu.bo\/pt\/wp-json\/wp\/v2\/categories?post=292868"},{"taxonomy":"post_tag","embeddable":true,"href":"https:\/\/unifranz.edu.bo\/pt\/wp-json\/wp\/v2\/tags?post=292868"}],"curies":[{"name":"wp","href":"https:\/\/api.w.org\/{rel}","templated":true}]}}