{"id":29140,"date":"2019-09-26T10:27:41","date_gmt":"2019-09-26T14:27:41","guid":{"rendered":"https:\/\/unifranz.edu.bo\/?p=29140"},"modified":"2019-09-26T10:27:41","modified_gmt":"2019-09-26T14:27:41","slug":"unifranz-marca-presencia-internacional-en-la-universidad-autonoma-de-nuevo-leon-en-mexico","status":"publish","type":"post","link":"https:\/\/unifranz.edu.bo\/pt\/la-paz\/unifranz-marca-presencia-internacional-en-la-universidad-autonoma-de-nuevo-leon-en-mexico\/","title":{"rendered":"UNIFRANZ MARCA PRESENCIA INTERNACIONAL EN LA UNIVERSIDAD AUT\u00d3NOMA DE NUEVO LE\u00d3N EN M\u00c9XICO"},"content":{"rendered":"<p><strong>La Paz. Septiembre.<\/strong> La Universidad Aut\u00f3noma de Nuevo Le\u00f3n en Monterrey, M\u00e9xico, fue sede del <strong><em>Primer Seminario Internacional sobre Desaf\u00edos de la Internacionalizaci\u00f3n de la Educaci\u00f3n Superior: \u201cUna Mirada desde el Contexto de la Acreditaci\u00f3n Internacional de Programas Educativos\u201d<\/em><\/strong>, donde el Vicerrector de UNIFRANZ La Paz, Pedro S\u00e1enz PhD.c., particip\u00f3 junto a destacadas personalidades del \u00e1mbito educativo.<\/p>\n<p>Al evento que estuvo organizado por la Direcci\u00f3n de Acreditaci\u00f3n y Evaluaci\u00f3n Internacional de la Universidad Aut\u00f3noma de Nuevo Le\u00f3n y la Red de Administradores Universitarios RAUI Am\u00e9rica, asisti\u00f3 como ponente UNIFRANZ, representada por el Vicerrector de la Sede La Paz.<\/p>\n<p>El evento se origin\u00f3 considerando que, en el siglo XXI el impacto de la globalizaci\u00f3n sobre las instituciones educativas ha producido modificaciones sustanciales en la relaci\u00f3n entre \u00e9stas y en especial en lo que se refiere a las relaciones internacionales.<\/p>\n<p>Las Instituciones de Educaci\u00f3n Superior deben actuar con un sentido propositivo orientado a soluciones de gesti\u00f3n globales, tales como la integraci\u00f3n de programas de estudio entre distintas universidades y su equivalencia transfronteriza.<\/p>\n<p>De acuerdo a S\u00e1enz: \u201cla\u00a0Acreditaci\u00f3n de Programas y Carreras se constituye en una herramienta para la efectiva integraci\u00f3n de los programas y garant\u00eda de la fe p\u00fablica. La Garant\u00eda de Calidad que de ello se deriva requiere de la interacci\u00f3n con Agencias de Acreditaci\u00f3n de variada \u00edndole que permitan aportes plurales y sustantivos\u201d.<\/p>\n<p>El evento tuvo como prop\u00f3sitos, identificar las mejores pr\u00e1cticas que permitan mejorar la Internacionalizaci\u00f3n de las Instituciones de Educaci\u00f3n Superior; y propiciar un espacio permanente de encuentro para el aprendizaje com\u00fan y la cooperaci\u00f3n internacional y transfronteriza.<\/p>\n<p>Destacadas personalidades del \u00e1mbito educativo Latinoamericano asistieron al encuentro, entre quienes destacaron: Ricardo Alberto G\u00f3mez Flores, Director de Acreditaci\u00f3n Internacional de la Universidad Aut\u00f3noma de Nuevo Le\u00f3n; Reinaldo Cifuentes Calder\u00f3n, Coordinador General de RAUI Am\u00e9rica; Margarita Ahumada Mu\u00f1oz, Associate Director, Office of International Affairs de la Facultad de Medicina de la Universidad de Chile y ex Assistant Director, Graduate Admissions, Business School de Tulane University; Alejandro Miranda Ayala, Presidente de COPAES; Mar\u00eda de los \u00c1ngeles Ancona Valdez, Jefa de la Unidad de Evaluaci\u00f3n y Acreditaci\u00f3n de la Universidad de Guadalajara; Salvador Malo \u00c1lvarez, Director de ACET Latinoamericano y ex Secretario General de la UNAM; \u00c1lvaro Pacull Lira, Secretario T\u00e9cnico de la Agencia Acreditadora de Chile y Pedro S\u00e1enz Mu\u00f1oz, Vicerrector Sede La Paz de la Universidad Privada Franz Tamayo.<\/p>\n<p>Durante las ponencias desarrolladas se pudo constatar el avance significativo que tanto en Internacionalizaci\u00f3n como en Acreditaci\u00f3n tiene UNIFRANZ actualmente, cuyos lineamientos y pol\u00edticas institucionales enmarcadas en su Plan de Desarrollo Institucional (PDI) le permiten ubicarse como un referente de calidad acad\u00e9mica en la regi\u00f3n.<\/p>\n<p><strong>Sobre UNIFRANZ<\/strong><\/p>\n<p>La Universidad Privada Franz Tamayo \u2013 UNIFRANZ cumpli\u00f3 26 a\u00f1os de trayectoria en educaci\u00f3n superior y mantiene el compromiso de acompa\u00f1ar la evoluci\u00f3n de la sociedad en este mundo globalizado. Su actual modelo pedag\u00f3gico tiene un enfoque por competencias que se apoya en tres pilares: el saber, el saber hacer y el saber ser, a fin de formar profesionales con talento de clase mundial. UNIFRANZ considera vital la internacionalizaci\u00f3n en su visi\u00f3n de una universidad disruptiva y transformadora que apunta a cambiar el modelo educativo en Bolivia. Cuenta con una infraestructura de m\u00e1s 65.000 metros cuadrados construidos en La Paz, El Alto, Cochabamba y Santa Cruz y obtuvo la certificaci\u00f3n de calidad ISO 9001: 2015.<\/p>\n<p><img loading=\"lazy\" decoding=\"async\" class=\"alignleft size-medium wp-image-29145\" src=\"https:\/\/unifranz.edu.bo\/wp-content\/uploads\/2019\/09\/WhatsApp-Image-2019-09-25-at-4.46.18-PM-300x225.jpeg\" alt=\"\" width=\"300\" height=\"225\" srcset=\"https:\/\/unifranz.edu.bo\/wp-content\/uploads\/2019\/09\/WhatsApp-Image-2019-09-25-at-4.46.18-PM-300x225.jpeg 300w, https:\/\/unifranz.edu.bo\/wp-content\/uploads\/2019\/09\/WhatsApp-Image-2019-09-25-at-4.46.18-PM-1024x768.jpeg 1024w, https:\/\/unifranz.edu.bo\/wp-content\/uploads\/2019\/09\/WhatsApp-Image-2019-09-25-at-4.46.18-PM-768x576.jpeg 768w, https:\/\/unifranz.edu.bo\/wp-content\/uploads\/2019\/09\/WhatsApp-Image-2019-09-25-at-4.46.18-PM-16x12.jpeg 16w, https:\/\/unifranz.edu.bo\/wp-content\/uploads\/2019\/09\/WhatsApp-Image-2019-09-25-at-4.46.18-PM.jpeg 1040w\" sizes=\"auto, (max-width: 300px) 100vw, 300px\" \/> <img loading=\"lazy\" decoding=\"async\" class=\"alignleft size-medium wp-image-29143\" src=\"https:\/\/unifranz.edu.bo\/wp-content\/uploads\/2019\/09\/WhatsApp-Image-2019-09-25-at-4.46.17-PM-1-300x225.jpeg\" alt=\"\" width=\"300\" height=\"225\" srcset=\"https:\/\/unifranz.edu.bo\/wp-content\/uploads\/2019\/09\/WhatsApp-Image-2019-09-25-at-4.46.17-PM-1-300x225.jpeg 300w, https:\/\/unifranz.edu.bo\/wp-content\/uploads\/2019\/09\/WhatsApp-Image-2019-09-25-at-4.46.17-PM-1-1024x768.jpeg 1024w, https:\/\/unifranz.edu.bo\/wp-content\/uploads\/2019\/09\/WhatsApp-Image-2019-09-25-at-4.46.17-PM-1-768x576.jpeg 768w, https:\/\/unifranz.edu.bo\/wp-content\/uploads\/2019\/09\/WhatsApp-Image-2019-09-25-at-4.46.17-PM-1-16x12.jpeg 16w, https:\/\/unifranz.edu.bo\/wp-content\/uploads\/2019\/09\/WhatsApp-Image-2019-09-25-at-4.46.17-PM-1.jpeg 1032w\" sizes=\"auto, (max-width: 300px) 100vw, 300px\" \/> <img loading=\"lazy\" decoding=\"async\" class=\"alignleft size-medium wp-image-29144\" src=\"https:\/\/unifranz.edu.bo\/wp-content\/uploads\/2019\/09\/WhatsApp-Image-2019-09-25-at-4.46.17-PM-300x169.jpeg\" alt=\"\" width=\"300\" height=\"169\" srcset=\"https:\/\/unifranz.edu.bo\/wp-content\/uploads\/2019\/09\/WhatsApp-Image-2019-09-25-at-4.46.17-PM-300x169.jpeg 300w, https:\/\/unifranz.edu.bo\/wp-content\/uploads\/2019\/09\/WhatsApp-Image-2019-09-25-at-4.46.17-PM-1024x576.jpeg 1024w, https:\/\/unifranz.edu.bo\/wp-content\/uploads\/2019\/09\/WhatsApp-Image-2019-09-25-at-4.46.17-PM-768x432.jpeg 768w, https:\/\/unifranz.edu.bo\/wp-content\/uploads\/2019\/09\/WhatsApp-Image-2019-09-25-at-4.46.17-PM-18x10.jpeg 18w, https:\/\/unifranz.edu.bo\/wp-content\/uploads\/2019\/09\/WhatsApp-Image-2019-09-25-at-4.46.17-PM.jpeg 1032w\" sizes=\"auto, (max-width: 300px) 100vw, 300px\" \/>\u00a0<img loading=\"lazy\" decoding=\"async\" class=\"alignleft size-medium wp-image-29146\" src=\"https:\/\/unifranz.edu.bo\/wp-content\/uploads\/2019\/09\/WhatsApp-Image-2019-09-25-at-4.46.16-PM-1-1-201x300.jpeg\" alt=\"\" width=\"201\" height=\"300\" srcset=\"https:\/\/unifranz.edu.bo\/wp-content\/uploads\/2019\/09\/WhatsApp-Image-2019-09-25-at-4.46.16-PM-1-1-201x300.jpeg 201w, https:\/\/unifranz.edu.bo\/wp-content\/uploads\/2019\/09\/WhatsApp-Image-2019-09-25-at-4.46.16-PM-1-1-8x12.jpeg 8w, https:\/\/unifranz.edu.bo\/wp-content\/uploads\/2019\/09\/WhatsApp-Image-2019-09-25-at-4.46.16-PM-1-1.jpeg 478w\" sizes=\"auto, (max-width: 201px) 100vw, 201px\" \/><\/p>","protected":false},"excerpt":{"rendered":"<p>La Paz. Septiembre. La Universidad Aut\u00f3noma de Nuevo Le\u00f3n en Monterrey, M\u00e9xico, fue sede del Primer Seminario Internacional sobre Desaf\u00edos de la Internacionalizaci\u00f3n de la Educaci\u00f3n Superior: \u201cUna Mirada desde el Contexto de la Acreditaci\u00f3n Internacional de Programas Educativos\u201d, donde el Vicerrector de UNIFRANZ La Paz, Pedro S\u00e1enz PhD.c., particip\u00f3 junto a destacadas personalidades del &hellip; <a href=\"https:\/\/unifranz.edu.bo\/pt\/la-paz\/unifranz-marca-presencia-internacional-en-la-universidad-autonoma-de-nuevo-leon-en-mexico\/\">Continued<\/a><\/p>","protected":false},"author":45,"featured_media":29142,"comment_status":"open","ping_status":"open","sticky":false,"template":"","format":"standard","meta":{"_acf_changed":false,"footnotes":""},"categories":[60,27],"tags":[340,41,242],"class_list":["post-29140","post","type-post","status-publish","format-standard","has-post-thumbnail","hentry","category-blog","category-la-paz","tag-acreditacion","tag-la-paz","tag-unifranz"],"acf":[],"_links":{"self":[{"href":"https:\/\/unifranz.edu.bo\/pt\/wp-json\/wp\/v2\/posts\/29140","targetHints":{"allow":["GET"]}}],"collection":[{"href":"https:\/\/unifranz.edu.bo\/pt\/wp-json\/wp\/v2\/posts"}],"about":[{"href":"https:\/\/unifranz.edu.bo\/pt\/wp-json\/wp\/v2\/types\/post"}],"author":[{"embeddable":true,"href":"https:\/\/unifranz.edu.bo\/pt\/wp-json\/wp\/v2\/users\/45"}],"replies":[{"embeddable":true,"href":"https:\/\/unifranz.edu.bo\/pt\/wp-json\/wp\/v2\/comments?post=29140"}],"version-history":[{"count":1,"href":"https:\/\/unifranz.edu.bo\/pt\/wp-json\/wp\/v2\/posts\/29140\/revisions"}],"predecessor-version":[{"id":29147,"href":"https:\/\/unifranz.edu.bo\/pt\/wp-json\/wp\/v2\/posts\/29140\/revisions\/29147"}],"wp:featuredmedia":[{"embeddable":true,"href":"https:\/\/unifranz.edu.bo\/pt\/wp-json\/wp\/v2\/media\/29142"}],"wp:attachment":[{"href":"https:\/\/unifranz.edu.bo\/pt\/wp-json\/wp\/v2\/media?parent=29140"}],"wp:term":[{"taxonomy":"category","embeddable":true,"href":"https:\/\/unifranz.edu.bo\/pt\/wp-json\/wp\/v2\/categories?post=29140"},{"taxonomy":"post_tag","embeddable":true,"href":"https:\/\/unifranz.edu.bo\/pt\/wp-json\/wp\/v2\/tags?post=29140"}],"curies":[{"name":"wp","href":"https:\/\/api.w.org\/{rel}","templated":true}]}}