{"id":29115,"date":"2019-09-20T15:04:57","date_gmt":"2019-09-20T19:04:57","guid":{"rendered":"https:\/\/unifranz.edu.bo\/?p=29115"},"modified":"2019-09-20T15:04:57","modified_gmt":"2019-09-20T19:04:57","slug":"procuraduria-general-y-unifranz-firman-acuerdo-de-cooperacion","status":"publish","type":"post","link":"https:\/\/unifranz.edu.bo\/pt\/blog\/procuraduria-general-y-unifranz-firman-acuerdo-de-cooperacion\/","title":{"rendered":"PROCURADUR\u00cdA GENERAL Y UNIFRANZ FIRMAN ACUERDO DE COOPERACI\u00d3N"},"content":{"rendered":"<p><strong>El Alto. Septiembre<\/strong>. Con el objetivo de fortalecer la formaci\u00f3n de abogados, constitucionalistas y especialistas en Derecho, la Procuradur\u00eda General del Estado, mediante la Escuela de Abogados del Estado \u201cEvo Morales Ayma\u201d, y la Facultad de Postgrado de UNIFRANZ firmaron un Convenio de Cooperaci\u00f3n Interinstitucional con el objetivo de implementar programas de formaci\u00f3n acad\u00e9mica como Diplomados, Especialidades, Maestr\u00edas y Doctorados relacionados con temas de Arbitraje Internacional, Defensa Legal del Estado, Derechos Humanos y Medio Ambiente; beneficiando mayormente a \u00a0profesionales que trabajan en entidades dependientes del Estado.<\/p>\n<p>Asimismo, ambas instituciones\u00a0 crear\u00e1n comisiones t\u00e9cnico-acad\u00e9micas para la elaboraci\u00f3n y dise\u00f1o de programas de postgrado y facilitar\u00e1n la presencia de especialistas en diferentes tem\u00e1ticas del Derecho.<\/p>\n<p>La firma del convenio fue precedida por una Charla Magistral a cargo del Procurador General del Estado Pablo Menacho Diederich sobre Defensa Legal del Estado. Durante la misma, la autoridad relat\u00f3 la historia de las nacionalizaciones en nuestro pa\u00eds y la necesidad de contar con una entidad que pueda defenderlo en el \u00e1mbito legal y de esta manera aterrizar en la creaci\u00f3n de la Procuradur\u00eda General del Estado mediante la Constituci\u00f3n Pol\u00edtica de 2009.<\/p>\n<p>\u201cEl 1\u00b0 de mayo del 2006, el presidente Evo Morales, nacionaliza los hidrocarburos, tomando la hist\u00f3rica decisi\u00f3n de recuperar las empresas estrat\u00e9gicas y recuperar los recursos naturales, esto llev\u00f3 a las empresas extranjeras a los mecanismos de soluci\u00f3n de controversias y el Estado necesitaba de una instituci\u00f3n que lo defienda legalmente\u201d\u00a0 Pablo Menacho Diederich, Procurador General del Estado.<\/p>\n<p>Durante su exposici\u00f3n, explic\u00f3 tambi\u00e9n las funciones de la procuradur\u00eda, ya que ahora la defensa que realiza no es \u00fanicamente a nivel internacional, sino tambi\u00e9n cumple su labor en el \u00e1mbito nacional mediante la intervenci\u00f3n, donde participa como sujeto procesal de pleno derecho, en los casos cuya cuant\u00eda sea mayor a los 7 millones de bolivianos.<\/p>\n<p>Por un lado,\u00a0 con la firma de este Convenio se fortalece al desarrollo del proceso de desplazamiento e intercambio\u00a0 de docentes nacionales y\/o extranjeros entre ambas instituciones. Por otro lado, el Convenio Interinstitucional representa un gran logro para el cumplimiento de los objetivos de UNIFRANZ, enmarcados en una educaci\u00f3n de calidad basada en competencias y en el objetivo de transformar el Modelo Educativo en Bolivia. Con este acuerdo, esta transformaci\u00f3n alcanzar\u00e1 al \u00e1mbito de los programas Postgraduales.<\/p>\n<p>La Escuela de Abogados del Estado \u201cEvo Morales Ayma\u201d es una entidad desconcentrada de la Procuradur\u00eda General del Estado que forma abogados y profesionales en Derecho para que presten sus servicios en la administraci\u00f3n central y en Entidades Territoriales Aut\u00f3nomas del Estado Plurinacional de Bolivia; contribuyendo a la construcci\u00f3n y consolidaci\u00f3n de la nueva deontolog\u00eda del abogado a trav\u00e9s de su formaci\u00f3n y capacitaci\u00f3n.<\/p>\n<p>Docentes de UNIFRANZ dictar\u00e1n cursos y talleres de \u00a0formaci\u00f3n y actualizaci\u00f3n en la Escuela de Abogados del Estado y asesorar\u00e1n a la instituci\u00f3n en temas curriculares y acad\u00e9micos. Asimismo, la Universidad fiscalizar\u00e1 el cumplimiento de los programas a nivel postgrado que se realicen de manera conjunta y facilitar\u00e1 la ejecuci\u00f3n de cursos a trav\u00e9s de sus plataformas virtuales. Ambas instituciones implementar\u00e1n programas acad\u00e9micos y curriculares en coordinaci\u00f3n con de la PGE; asegurando la presencia de especialistas y expertos ligados a las tem\u00e1ticas requeridas.<\/p>\n<p>La Procuradur\u00eda es la instituci\u00f3n de representaci\u00f3n jur\u00eddica p\u00fablica del Estado Plurinacional de Bolivia y cuenta con la atribuci\u00f3n de promover, defender y precautelar los intereses del Estado, judicial y extrajudicialmente. A trav\u00e9s de la Escuela de Abogados del Estado brinda a los profesionales del sector p\u00fablico y otros, capacitaci\u00f3n, formaci\u00f3n continua y programas de posgrado, especializados con calidad acad\u00e9mica, principalmente en el \u00e1rea de \u201cDefensa Legal del Estado\u201d y \u201cGesti\u00f3n P\u00fablica\u201d, a nivel nacional.<\/p>\n<p>UNIFRANZ se ha transformado en referente de excelencia acad\u00e9mica tanto a nivel nacional como internacional, promoviendo el desarrollo humano, cient\u00edfico y tecnol\u00f3gico, es as\u00ed que asume la tarea de contribuir a la formaci\u00f3n de profesionales de excelencia, especialistas capaces de asumir los retos actuales promoviendo el desarrollo humano, cient\u00edfico y tecnol\u00f3gico.<\/p>\n<p>Durante la Firma del convenio, el Procurador General del Estado, Pablo Menacho Diederich indic\u00f3 la importancia de la formaci\u00f3n de profesionales en defensa legal \u201cno solamente de la funci\u00f3n p\u00fablica, el tema de defensa legal es un tema important\u00edsimo para cualquier abogado litigante para cualquier abogado que asesore empresas\u201d.<\/p>\n<p>El Vicerrector Nacional de Posgrado UNIFRANZ, Emilio Evia, explica que los profesionales de Instituciones del Estado recibir\u00e1n una formaci\u00f3n postgradual de excelencia y basada en el Modelo Por Competencias. \u201cEl convenio que firmamos con la Procuradur\u00eda y su Escuela para Abogados asegura el fortalecer el trabajo acad\u00e9mico que desarrollamos en nuestra Escuela de Posgrado bas\u00e1ndonos en el Modelo por Competencias. Adem\u00e1s, estamos seguros que nuestros docentes realizar\u00e1n un trabajo \u00edntegro y con altos niveles de excelencia\u201d, explica Emilio Evia, Vicerrector Nacional de Posgrado UNIFRANZ.<\/p>\n<p>\u201cDesde Postgrado, trabajaremos para que el Estado Boliviano cuente con los mejores abogados; formados en una Educaci\u00f3n de Excelencia y con el dominio en leyes nacionales, tratados y acuerdos internacionales, as\u00ed como en la defensa legal del Estado cumpliendo de esta manera la normativa vigente\u201d, agreg\u00f3 Emilio Evia.<\/p>\n<p><strong>\u00a0<\/strong><strong>Sobre UNIFRANZ<\/strong><\/p>\n<p>La Universidad Privada Franz Tamayo \u2013 UNIFRANZ cumpli\u00f3 26 a\u00f1os de trayectoria en educaci\u00f3n superior y mantiene el compromiso de acompa\u00f1ar la evoluci\u00f3n de la sociedad en este mundo globalizado. Su actual modelo pedag\u00f3gico tiene un enfoque por competencias que se apoya en tres pilares: el saber, el saber hacer y el saber ser, a fin de formar profesionales con talento de clase mundial. Igualmente, UNIFRANZ considera vital la internacionalizaci\u00f3n en su visi\u00f3n de una universidad disruptiva y transformadora que apunta a cambiar el modelo educativo en Bolivia. Cuenta con una infraestructura de m\u00e1s 65.000 metros cuadrados construidos en La Paz, El Alto, Cochabamba y Santa Cruz. Unifranz obtuvo la recertificaci\u00f3n de calidad ISO 9001: 2015.<\/p>\n<div id='gallery-1' class='gallery galleryid-29115 gallery-columns-3 gallery-size-thumbnail'><figure class='gallery-item'>\n\t\t\t<div class='gallery-icon landscape'>\n\t\t\t\t<a href='https:\/\/unifranz.edu.bo\/pt\/blog\/procuraduria-general-y-unifranz-firman-acuerdo-de-cooperacion\/attachment\/foto-1-unifranz-pge\/'><img loading=\"lazy\" decoding=\"async\" width=\"300\" height=\"200\" src=\"https:\/\/unifranz.edu.bo\/wp-content\/uploads\/2019\/09\/Foto-1-UNIFRANZ-PGE-300x200.jpg\" class=\"attachment-thumbnail size-thumbnail\" alt=\"\" srcset=\"https:\/\/unifranz.edu.bo\/wp-content\/uploads\/2019\/09\/Foto-1-UNIFRANZ-PGE-300x200.jpg 300w, https:\/\/unifranz.edu.bo\/wp-content\/uploads\/2019\/09\/Foto-1-UNIFRANZ-PGE-1024x683.jpg 1024w, https:\/\/unifranz.edu.bo\/wp-content\/uploads\/2019\/09\/Foto-1-UNIFRANZ-PGE-768x512.jpg 768w, https:\/\/unifranz.edu.bo\/wp-content\/uploads\/2019\/09\/Foto-1-UNIFRANZ-PGE-1536x1024.jpg 1536w, https:\/\/unifranz.edu.bo\/wp-content\/uploads\/2019\/09\/Foto-1-UNIFRANZ-PGE-2048x1365.jpg 2048w, https:\/\/unifranz.edu.bo\/wp-content\/uploads\/2019\/09\/Foto-1-UNIFRANZ-PGE-18x12.jpg 18w\" sizes=\"auto, (max-width: 300px) 100vw, 300px\" \/><\/a>\n\t\t\t<\/div><\/figure><figure class='gallery-item'>\n\t\t\t<div class='gallery-icon landscape'>\n\t\t\t\t<a href='https:\/\/unifranz.edu.bo\/pt\/blog\/procuraduria-general-y-unifranz-firman-acuerdo-de-cooperacion\/attachment\/foto-3-unifranz-pge\/'><img loading=\"lazy\" decoding=\"async\" width=\"300\" height=\"200\" src=\"https:\/\/unifranz.edu.bo\/wp-content\/uploads\/2019\/09\/Foto-3-UNIFRANZ-PGE-300x200.jpg\" class=\"attachment-thumbnail size-thumbnail\" alt=\"\" srcset=\"https:\/\/unifranz.edu.bo\/wp-content\/uploads\/2019\/09\/Foto-3-UNIFRANZ-PGE-300x200.jpg 300w, https:\/\/unifranz.edu.bo\/wp-content\/uploads\/2019\/09\/Foto-3-UNIFRANZ-PGE-1024x683.jpg 1024w, https:\/\/unifranz.edu.bo\/wp-content\/uploads\/2019\/09\/Foto-3-UNIFRANZ-PGE-768x512.jpg 768w, https:\/\/unifranz.edu.bo\/wp-content\/uploads\/2019\/09\/Foto-3-UNIFRANZ-PGE-1536x1024.jpg 1536w, https:\/\/unifranz.edu.bo\/wp-content\/uploads\/2019\/09\/Foto-3-UNIFRANZ-PGE-2048x1365.jpg 2048w, https:\/\/unifranz.edu.bo\/wp-content\/uploads\/2019\/09\/Foto-3-UNIFRANZ-PGE-18x12.jpg 18w\" sizes=\"auto, (max-width: 300px) 100vw, 300px\" \/><\/a>\n\t\t\t<\/div><\/figure><figure class='gallery-item'>\n\t\t\t<div class='gallery-icon landscape'>\n\t\t\t\t<a href='https:\/\/unifranz.edu.bo\/pt\/blog\/procuraduria-general-y-unifranz-firman-acuerdo-de-cooperacion\/attachment\/foto-4-unifranz-pge\/'><img loading=\"lazy\" decoding=\"async\" width=\"300\" height=\"200\" src=\"https:\/\/unifranz.edu.bo\/wp-content\/uploads\/2019\/09\/Foto-4-UNIFRANZ-PGE-300x200.jpg\" class=\"attachment-thumbnail size-thumbnail\" alt=\"\" srcset=\"https:\/\/unifranz.edu.bo\/wp-content\/uploads\/2019\/09\/Foto-4-UNIFRANZ-PGE-300x200.jpg 300w, https:\/\/unifranz.edu.bo\/wp-content\/uploads\/2019\/09\/Foto-4-UNIFRANZ-PGE-1024x683.jpg 1024w, https:\/\/unifranz.edu.bo\/wp-content\/uploads\/2019\/09\/Foto-4-UNIFRANZ-PGE-768x512.jpg 768w, https:\/\/unifranz.edu.bo\/wp-content\/uploads\/2019\/09\/Foto-4-UNIFRANZ-PGE-1536x1024.jpg 1536w, https:\/\/unifranz.edu.bo\/wp-content\/uploads\/2019\/09\/Foto-4-UNIFRANZ-PGE-2048x1365.jpg 2048w, https:\/\/unifranz.edu.bo\/wp-content\/uploads\/2019\/09\/Foto-4-UNIFRANZ-PGE-18x12.jpg 18w\" sizes=\"auto, (max-width: 300px) 100vw, 300px\" \/><\/a>\n\t\t\t<\/div><\/figure>\n\t\t<\/div>\n\n<p>&nbsp;<\/p>","protected":false},"excerpt":{"rendered":"<p>El Alto. Septiembre. Con el objetivo de fortalecer la formaci\u00f3n de abogados, constitucionalistas y especialistas en Derecho, la Procuradur\u00eda General del Estado, mediante la Escuela de Abogados del Estado \u201cEvo Morales Ayma\u201d, y la Facultad de Postgrado de UNIFRANZ firmaron un Convenio de Cooperaci\u00f3n Interinstitucional con el objetivo de implementar programas de formaci\u00f3n acad\u00e9mica como &hellip; <a href=\"https:\/\/unifranz.edu.bo\/pt\/blog\/procuraduria-general-y-unifranz-firman-acuerdo-de-cooperacion\/\">Continued<\/a><\/p>","protected":false},"author":45,"featured_media":29116,"comment_status":"open","ping_status":"open","sticky":false,"template":"","format":"standard","meta":{"_acf_changed":false,"footnotes":""},"categories":[60],"tags":[1330,47,1332,1334,1336,1328,1338,1326,242],"class_list":["post-29115","post","type-post","status-publish","format-standard","has-post-thumbnail","hentry","category-blog","tag-eae","tag-el-alto","tag-escuela-de-abogados-del-estado","tag-firma-acuerdo","tag-interinstitucional","tag-pge","tag-postgrado-unifranz","tag-procuraduria-general-del-estado","tag-unifranz"],"acf":[],"_links":{"self":[{"href":"https:\/\/unifranz.edu.bo\/pt\/wp-json\/wp\/v2\/posts\/29115","targetHints":{"allow":["GET"]}}],"collection":[{"href":"https:\/\/unifranz.edu.bo\/pt\/wp-json\/wp\/v2\/posts"}],"about":[{"href":"https:\/\/unifranz.edu.bo\/pt\/wp-json\/wp\/v2\/types\/post"}],"author":[{"embeddable":true,"href":"https:\/\/unifranz.edu.bo\/pt\/wp-json\/wp\/v2\/users\/45"}],"replies":[{"embeddable":true,"href":"https:\/\/unifranz.edu.bo\/pt\/wp-json\/wp\/v2\/comments?post=29115"}],"version-history":[{"count":1,"href":"https:\/\/unifranz.edu.bo\/pt\/wp-json\/wp\/v2\/posts\/29115\/revisions"}],"predecessor-version":[{"id":29120,"href":"https:\/\/unifranz.edu.bo\/pt\/wp-json\/wp\/v2\/posts\/29115\/revisions\/29120"}],"wp:featuredmedia":[{"embeddable":true,"href":"https:\/\/unifranz.edu.bo\/pt\/wp-json\/wp\/v2\/media\/29116"}],"wp:attachment":[{"href":"https:\/\/unifranz.edu.bo\/pt\/wp-json\/wp\/v2\/media?parent=29115"}],"wp:term":[{"taxonomy":"category","embeddable":true,"href":"https:\/\/unifranz.edu.bo\/pt\/wp-json\/wp\/v2\/categories?post=29115"},{"taxonomy":"post_tag","embeddable":true,"href":"https:\/\/unifranz.edu.bo\/pt\/wp-json\/wp\/v2\/tags?post=29115"}],"curies":[{"name":"wp","href":"https:\/\/api.w.org\/{rel}","templated":true}]}}