{"id":29046,"date":"2019-09-10T16:46:04","date_gmt":"2019-09-10T20:46:04","guid":{"rendered":"https:\/\/unifranz.edu.bo\/?p=29046"},"modified":"2019-09-10T16:46:04","modified_gmt":"2019-09-10T20:46:04","slug":"expertos-en-liderazgo-y-coaching-motivaron-a-ejecutivos-en-ciclo-de-conferencias","status":"publish","type":"post","link":"https:\/\/unifranz.edu.bo\/pt\/la-paz\/expertos-en-liderazgo-y-coaching-motivaron-a-ejecutivos-en-ciclo-de-conferencias\/","title":{"rendered":"EXPERTOS EN LIDERAZGO Y COACHING MOTIVARON A EJECUTIVOS EN CICLO DE CONFERENCIAS"},"content":{"rendered":"<p><strong>La Paz. Septiembre.<\/strong> A trav\u00e9s de una serie de conferencias brindadas por expertos nacionales e internacionales en <strong><em>Liderazgo y Coaching<\/em><\/strong>, profesionales de distintos rubros obtuvieron los conocimientos y las herramientas claves para construir un camino personal y profesional pr\u00f3spero.<\/p>\n<p>El Vicerrector Nacional de Postgrados, Emilio Evia, y el Director de Postrados de UNIFRANZ La Paz, Fernando Miranda, organizaron el <strong><em>\u201cII Congreso Nacional de Liderazgo y Coaching\u201d<\/em><\/strong>, en el que expertos bolivianos, de Paraguay y Per\u00fa, ofrecieron charlas a destacados ejecutivos con el prop\u00f3sito de generar un sentido de vida que los lleve al \u00e9xito.<\/p>\n<p>Las distintas intervenciones realizadas permitieron al p\u00fablico asistente conocer experiencias de vida, as\u00ed como obtener herramientas clave para desenvolverse de manera eficiente y eficaz en el entorno laboral y social. De acuerdo con Fernando Miranda, el <strong><em>Liderazgo <\/em><\/strong>y el <strong><em>Coaching<\/em><\/strong> son conceptos claves por su gran potencial de elevar la productividad en las empresas, por ello desde el \u00e1rea de Postgrado de UNIFRANZ, se vio conveniente invitar a 10 expertos que permitieron al p\u00fablico ampliar sus conocimientos y experiencias para aplicar nuevas formas de liderazgo en las organizaciones.<\/p>\n<p>Los t\u00f3picos abordados fueron: \u201cRetos comunes que frenan la productividad en los equipos de trabajo\u201d, \u201cEl l\u00edder coach y su impacto transformador en la persona y en las organizaciones\u201d, \u201cHumanizando las organizaciones: Una mirada desde el coach\u201d, \u201cEl poder del potencial\u201d, \u201cAgentes de cambio desde la empat\u00eda y la resiliencia\u201d, \u201cMetodolog\u00eda lego serious play\u201d, \u201cLiderazgo para la productividad\u201d, \u201cLiderazgo: El arte de crear conexiones\u201d, \u201cDesde la estructura organizacional al cambio paradigm\u00e1tico\u201d y \u201cLa vida exige cambios y el coaching te invita a cambiar\u201d.<\/p>\n<p>En tanto los expositores invitados fueron:<\/p>\n<ul>\n<li>V\u00edctor Cartes.<\/li>\n<li>Julio Herrera.<\/li>\n<li>Gonzalo Romero.<\/li>\n<li>Cristhian Lino.<\/li>\n<li>Antonella Moura,<\/li>\n<li>Mart\u00edn Acosta.<\/li>\n<li>Pablo Ardaya.<\/li>\n<li>Juan Carlos Vacaflor.<\/li>\n<li>Pietro Moura.<\/li>\n<li>Gabriel Justiniano.<\/li>\n<\/ul>\n<p>De esta forma el p\u00fablico asistente pudo intercambiar ideas, conocer \u00faltimas tendencias para liderar con \u00e9xito y ampliar su red de contactos personales.<\/p>\n<p><strong>Sobre UNIFRANZ<\/strong><\/p>\n<p>La Universidad Privada Franz Tamayo \u2013 UNIFRANZ cumpli\u00f3 26 a\u00f1os de trayectoria en educaci\u00f3n superior y mantiene el compromiso de acompa\u00f1ar la evoluci\u00f3n de la sociedad en este mundo globalizado. Su actual modelo pedag\u00f3gico tiene un enfoque por competencias que se apoya en tres pilares: el saber, el saber hacer y el saber ser, a fin de formar profesionales con talento de clase mundial. UNIFRANZ considera vital la internacionalizaci\u00f3n en su visi\u00f3n de una universidad disruptiva y transformadora que apunta a cambiar el modelo educativo en Bolivia. Cuenta con una infraestructura de m\u00e1s 65.000 metros cuadrados construidos en La Paz, El Alto, Cochabamba y Santa Cruz y obtuvo la certificaci\u00f3n de calidad ISO 9001: 2015.<\/p>\n<p><img loading=\"lazy\" decoding=\"async\" class=\"alignleft size-medium wp-image-29047\" src=\"https:\/\/unifranz.edu.bo\/wp-content\/uploads\/2019\/09\/1-300x200.jpg\" alt=\"\" width=\"300\" height=\"200\" srcset=\"https:\/\/unifranz.edu.bo\/wp-content\/uploads\/2019\/09\/1-300x200.jpg 300w, https:\/\/unifranz.edu.bo\/wp-content\/uploads\/2019\/09\/1-1024x683.jpg 1024w, https:\/\/unifranz.edu.bo\/wp-content\/uploads\/2019\/09\/1-768x512.jpg 768w, https:\/\/unifranz.edu.bo\/wp-content\/uploads\/2019\/09\/1-1536x1024.jpg 1536w, https:\/\/unifranz.edu.bo\/wp-content\/uploads\/2019\/09\/1-2048x1365.jpg 2048w, https:\/\/unifranz.edu.bo\/wp-content\/uploads\/2019\/09\/1-18x12.jpg 18w\" sizes=\"auto, (max-width: 300px) 100vw, 300px\" \/> <img loading=\"lazy\" decoding=\"async\" class=\"alignleft size-medium wp-image-29048\" src=\"https:\/\/unifranz.edu.bo\/wp-content\/uploads\/2019\/09\/2-300x200.jpg\" alt=\"\" width=\"300\" height=\"200\" srcset=\"https:\/\/unifranz.edu.bo\/wp-content\/uploads\/2019\/09\/2-300x200.jpg 300w, https:\/\/unifranz.edu.bo\/wp-content\/uploads\/2019\/09\/2-1024x683.jpg 1024w, https:\/\/unifranz.edu.bo\/wp-content\/uploads\/2019\/09\/2-768x512.jpg 768w, https:\/\/unifranz.edu.bo\/wp-content\/uploads\/2019\/09\/2-1536x1024.jpg 1536w, https:\/\/unifranz.edu.bo\/wp-content\/uploads\/2019\/09\/2-2048x1365.jpg 2048w, https:\/\/unifranz.edu.bo\/wp-content\/uploads\/2019\/09\/2-18x12.jpg 18w\" sizes=\"auto, (max-width: 300px) 100vw, 300px\" \/> <img loading=\"lazy\" decoding=\"async\" class=\"alignleft size-medium wp-image-29049\" src=\"https:\/\/unifranz.edu.bo\/wp-content\/uploads\/2019\/09\/3-300x160.jpg\" alt=\"\" width=\"300\" height=\"160\" srcset=\"https:\/\/unifranz.edu.bo\/wp-content\/uploads\/2019\/09\/3-300x160.jpg 300w, https:\/\/unifranz.edu.bo\/wp-content\/uploads\/2019\/09\/3-1024x546.jpg 1024w, https:\/\/unifranz.edu.bo\/wp-content\/uploads\/2019\/09\/3-768x409.jpg 768w, https:\/\/unifranz.edu.bo\/wp-content\/uploads\/2019\/09\/3-1536x819.jpg 1536w, https:\/\/unifranz.edu.bo\/wp-content\/uploads\/2019\/09\/3-2048x1091.jpg 2048w, https:\/\/unifranz.edu.bo\/wp-content\/uploads\/2019\/09\/3-18x10.jpg 18w\" sizes=\"auto, (max-width: 300px) 100vw, 300px\" \/> <img loading=\"lazy\" decoding=\"async\" class=\"alignleft size-medium wp-image-29050\" src=\"https:\/\/unifranz.edu.bo\/wp-content\/uploads\/2019\/09\/5-300x200.jpg\" alt=\"\" width=\"300\" height=\"200\" srcset=\"https:\/\/unifranz.edu.bo\/wp-content\/uploads\/2019\/09\/5-300x200.jpg 300w, https:\/\/unifranz.edu.bo\/wp-content\/uploads\/2019\/09\/5-1024x683.jpg 1024w, https:\/\/unifranz.edu.bo\/wp-content\/uploads\/2019\/09\/5-768x512.jpg 768w, https:\/\/unifranz.edu.bo\/wp-content\/uploads\/2019\/09\/5-1536x1024.jpg 1536w, https:\/\/unifranz.edu.bo\/wp-content\/uploads\/2019\/09\/5-2048x1365.jpg 2048w, https:\/\/unifranz.edu.bo\/wp-content\/uploads\/2019\/09\/5-18x12.jpg 18w\" sizes=\"auto, (max-width: 300px) 100vw, 300px\" \/><\/p>","protected":false},"excerpt":{"rendered":"<p>La Paz. Septiembre. A trav\u00e9s de una serie de conferencias brindadas por expertos nacionales e internacionales en Liderazgo y Coaching, profesionales de distintos rubros obtuvieron los conocimientos y las herramientas claves para construir un camino personal y profesional pr\u00f3spero. El Vicerrector Nacional de Postgrados, Emilio Evia, y el Director de Postrados de UNIFRANZ La Paz, &hellip; <a href=\"https:\/\/unifranz.edu.bo\/pt\/la-paz\/expertos-en-liderazgo-y-coaching-motivaron-a-ejecutivos-en-ciclo-de-conferencias\/\">Continued<\/a><\/p>","protected":false},"author":45,"featured_media":29052,"comment_status":"open","ping_status":"open","sticky":false,"template":"","format":"standard","meta":{"_acf_changed":false,"footnotes":""},"categories":[60,27],"tags":[494,41,1316,56,242],"class_list":["post-29046","post","type-post","status-publish","format-standard","has-post-thumbnail","hentry","category-blog","category-la-paz","tag-coaching","tag-la-paz","tag-liderazgo","tag-postgrado","tag-unifranz"],"acf":[],"_links":{"self":[{"href":"https:\/\/unifranz.edu.bo\/pt\/wp-json\/wp\/v2\/posts\/29046","targetHints":{"allow":["GET"]}}],"collection":[{"href":"https:\/\/unifranz.edu.bo\/pt\/wp-json\/wp\/v2\/posts"}],"about":[{"href":"https:\/\/unifranz.edu.bo\/pt\/wp-json\/wp\/v2\/types\/post"}],"author":[{"embeddable":true,"href":"https:\/\/unifranz.edu.bo\/pt\/wp-json\/wp\/v2\/users\/45"}],"replies":[{"embeddable":true,"href":"https:\/\/unifranz.edu.bo\/pt\/wp-json\/wp\/v2\/comments?post=29046"}],"version-history":[{"count":1,"href":"https:\/\/unifranz.edu.bo\/pt\/wp-json\/wp\/v2\/posts\/29046\/revisions"}],"predecessor-version":[{"id":29051,"href":"https:\/\/unifranz.edu.bo\/pt\/wp-json\/wp\/v2\/posts\/29046\/revisions\/29051"}],"wp:featuredmedia":[{"embeddable":true,"href":"https:\/\/unifranz.edu.bo\/pt\/wp-json\/wp\/v2\/media\/29052"}],"wp:attachment":[{"href":"https:\/\/unifranz.edu.bo\/pt\/wp-json\/wp\/v2\/media?parent=29046"}],"wp:term":[{"taxonomy":"category","embeddable":true,"href":"https:\/\/unifranz.edu.bo\/pt\/wp-json\/wp\/v2\/categories?post=29046"},{"taxonomy":"post_tag","embeddable":true,"href":"https:\/\/unifranz.edu.bo\/pt\/wp-json\/wp\/v2\/tags?post=29046"}],"curies":[{"name":"wp","href":"https:\/\/api.w.org\/{rel}","templated":true}]}}