{"id":29011,"date":"2019-09-03T16:12:51","date_gmt":"2019-09-03T20:12:51","guid":{"rendered":"https:\/\/unifranz.edu.bo\/?p=29011"},"modified":"2019-09-03T17:50:43","modified_gmt":"2019-09-03T21:50:43","slug":"mypes-altenas-aprenden-a-vender-con-facebook-y-whatsapp","status":"publish","type":"post","link":"https:\/\/unifranz.edu.bo\/pt\/blog\/mypes-altenas-aprenden-a-vender-con-facebook-y-whatsapp\/","title":{"rendered":"MYPES ALTE\u00d1AS CRECEN A PARTIR DEL USO DE NUEVAS TECNOLOG\u00cdAS"},"content":{"rendered":"<p><strong>El Alto. Septiembre. <\/strong>Con la finalidad de ser un espacio de asesoramiento, mentor\u00eda y capacitaci\u00f3n a microempresarios que desarrolla la Cl\u00ednica Mypes de la Facultad de Ciencias Econ\u00f3micas y Empresariales UNIFRANZ El Alto, Estudiantes de Ingenier\u00eda Comercial brindaron un taller sobre estrategias de ventas por internet, marketing digital y manejo de redes sociales para 30 microempresarios alte\u00f1os. El espacio de capacitaci\u00f3n cont\u00f3 con el apoyo de la Unidad de Competitividad y Productividad del GAMEA y la Fundaci\u00f3n FAUTAPO.<\/p>\n<p>El taller sobre Marketing Digital para MyPEs, desarrollado en el marco de Cl\u00ednica Mypes de UNIFRANZ, busca que los microempresarios alte\u00f1os conozcan c\u00f3mo utilizar Facebook, WhatsApp y Google Drive para mejorar el posicionamiento de su marca y lograr una expansi\u00f3n de su negocio a partir de la apertura de nuevos mercados que se conviertan en ventas. Asimismo, los estudiantes capacitaron a los microempresarios en creaci\u00f3n de marca y desarrollo de branding.<\/p>\n<p>El microempresario Gonzalo Paredes Ceballos, propietario de Natuart Bolivia (Fabrica\u00a0 de mu\u00f1ecos y prendas de alpaca para ni\u00f1os y ni\u00f1as) explic\u00f3 que aprendi\u00f3 mucho sobre la\u00a0 utilizaci\u00f3n de WhatsApp y Facebook para el desarrollo de estrategias de marketing y, de esa manera, poder llegar a una mayor cantidad de potenciales clientes.<\/p>\n<p>\u201cMe he dado cuenta de la gran expansi\u00f3n que puede tener mi negocio a trav\u00e9s Facebook y WhatsApp. Ambas tienen muchas aplicaciones que pueden hacer que nuestras microempresas mejoren. En esa parte quiero agradecer a UNIFRANZ todo lo que nos han ense\u00f1ado y las herramientas que nos han dado. Despu\u00e9s de esta capacitaci\u00f3n entiendo que Facebook es la herramienta que puedo utilizar porque muchos de mis productos ya han llegado al exterior con nuestras etiquetas y remarcan juntamente nuestra p\u00e1gina en esta red social. Esta misma noche quiero mejorar mi p\u00e1gina y poner en pr\u00e1ctica todas las herramientas que hemos aprendido a utilizar ahora\u201d, agreg\u00f3 Paredes Ceballos.<\/p>\n<p>Adem\u00e1s del GAMEA, la Fundaci\u00f3n FAUTAPO apoy\u00f3 la realizaci\u00f3n del Taller en UNIFRANZ. La responsable de la instituci\u00f3n, Isela Ch\u00e1vez, afirm\u00f3: \u201cNosotros estamos trabajando en conjunto con UNIFRANZ y el GAMEA en el apoyo a los empresarios. Como FAUTAPO, estamos desarrollando un proyecto de empoderamiento socioecon\u00f3mico a empresarios de la Ciudad de El Alto y el objetivo es que los empresarios puedan crecer, mejorar sus habilidades como emprendedores y conseguir nuevos mercados\u201d.<\/p>\n<p>\u201cTras un convenio firmado, nosotros trabajamos con el GAMEA las pr\u00e1cticas profesionales de\u00a0 nuestros estudiantes. Mediante la cl\u00ednica MyPES, ellos apoyan a los micro empresarios para que se transformen en emprendedores competitivos, lleguen a una mayor cantidad de clientes y generen nuevos mercados. En este taller, capacitamos a los microempresarios en ventas por internet y \u00a0promoci\u00f3n y difusi\u00f3n de sus productos a trav\u00e9s de Facebook, WhatsApp y Google Drive\u201d, expres\u00f3 Mario Espinoza, Director de la Carrera de Ingeniera Comercial.<\/p>\n<p>Adem\u00e1s del Director de Carrera, los capacitadores fueron estudiantes y egresados de la carrera de Ingenier\u00eda Comercial de UNIFRANZ. Una de las capacitadoras fue Sof\u00eda Incaroca, estudiante de UNIFRANZ El Alto, quien reconoci\u00f3 que \u201cla experiencia fue incre\u00edble por tener la posibilidad de aportar algo de lo que \u00a0aprendi\u00f3 en las aulas y salas de simulaci\u00f3n en UNIFRANZ\u201d.<\/p>\n<p>Otro de los capacitadores del Taller fue Franz Tapia, egresado de la Carrera de Ingenier\u00eda Comercial UNIFRANZ El Alto; quien inform\u00f3 que durante el taller se capacitaron a 25 Mypes\u00a0 interesadas en participar en \u00a0tutor\u00edas sobre Marketing, Administraci\u00f3n, Contabilidad y Finanzas. En este taller, una gran mayor\u00eda de las \u00a0participantes est\u00e1n interesadas en recibir asesoramiento de parte de la Cl\u00ednica Mypes UNIFRANZ El Alto\u201d.<\/p>\n<p>\u201cEs una alegr\u00eda para nosotros ver que este proyecto funciona y el mismo est\u00e1 enfocado en un 100% a las Mypes. Hemos visto la necesidad que ellos tienen de crear su propia identidad, contar con una marca propia y\u00a0 un branding empresarial. Adem\u00e1s, de contar con un asesoramiento sobre c\u00f3mo vender sus productos, agreg\u00f3 Franz Tapia.<\/p>\n<p><strong>Sobre UNIFRANZ<\/strong><\/p>\n<p>La Universidad Privada Franz Tamayo \u2013 UNIFRANZ cumpli\u00f3 26 a\u00f1os de trayectoria en educaci\u00f3n superior y mantiene el compromiso de acompa\u00f1ar la evoluci\u00f3n de la sociedad en este mundo globalizado. Su actual modelo pedag\u00f3gico tiene un enfoque por competencias que se apoya en tres pilares: el saber, el saber hacer y el saber ser, a fin de formar profesionales con talento de clase mundial. Igualmente, UNIFRANZ considera vital la internacionalizaci\u00f3n en su visi\u00f3n de una universidad disruptiva y transformadora que apunta a cambiar el modelo educativo en Bolivia. Cuenta con una infraestructura de m\u00e1s 65.000 metros cuadrados construidos en La Paz, El Alto, Cochabamba y Santa Cruz y obtuvo la certificaci\u00f3n de calidad ISO 9001: 2015.<\/p>\n<div id='gallery-1' class='gallery galleryid-29011 gallery-columns-3 gallery-size-thumbnail'><figure class='gallery-item'>\n\t\t\t<div class='gallery-icon landscape'>\n\t\t\t\t<a href='https:\/\/unifranz.edu.bo\/pt\/blog\/mypes-altenas-aprenden-a-vender-con-facebook-y-whatsapp\/attachment\/taller-ico-9\/'><img loading=\"lazy\" decoding=\"async\" width=\"300\" height=\"200\" src=\"https:\/\/unifranz.edu.bo\/wp-content\/uploads\/2019\/09\/Taller-ICO-9-300x200.jpg\" class=\"attachment-thumbnail size-thumbnail\" alt=\"\" srcset=\"https:\/\/unifranz.edu.bo\/wp-content\/uploads\/2019\/09\/Taller-ICO-9-300x200.jpg 300w, https:\/\/unifranz.edu.bo\/wp-content\/uploads\/2019\/09\/Taller-ICO-9-1024x683.jpg 1024w, https:\/\/unifranz.edu.bo\/wp-content\/uploads\/2019\/09\/Taller-ICO-9-768x512.jpg 768w, https:\/\/unifranz.edu.bo\/wp-content\/uploads\/2019\/09\/Taller-ICO-9-1536x1024.jpg 1536w, https:\/\/unifranz.edu.bo\/wp-content\/uploads\/2019\/09\/Taller-ICO-9-2048x1365.jpg 2048w, https:\/\/unifranz.edu.bo\/wp-content\/uploads\/2019\/09\/Taller-ICO-9-18x12.jpg 18w\" sizes=\"auto, (max-width: 300px) 100vw, 300px\" \/><\/a>\n\t\t\t<\/div><\/figure><figure class='gallery-item'>\n\t\t\t<div class='gallery-icon landscape'>\n\t\t\t\t<a href='https:\/\/unifranz.edu.bo\/pt\/blog\/mypes-altenas-aprenden-a-vender-con-facebook-y-whatsapp\/attachment\/taller-ico-8\/'><img loading=\"lazy\" decoding=\"async\" width=\"300\" height=\"200\" src=\"https:\/\/unifranz.edu.bo\/wp-content\/uploads\/2019\/09\/Taller-ICO-8-300x200.jpg\" class=\"attachment-thumbnail size-thumbnail\" alt=\"\" srcset=\"https:\/\/unifranz.edu.bo\/wp-content\/uploads\/2019\/09\/Taller-ICO-8-300x200.jpg 300w, https:\/\/unifranz.edu.bo\/wp-content\/uploads\/2019\/09\/Taller-ICO-8-1024x683.jpg 1024w, https:\/\/unifranz.edu.bo\/wp-content\/uploads\/2019\/09\/Taller-ICO-8-768x512.jpg 768w, https:\/\/unifranz.edu.bo\/wp-content\/uploads\/2019\/09\/Taller-ICO-8-1536x1024.jpg 1536w, https:\/\/unifranz.edu.bo\/wp-content\/uploads\/2019\/09\/Taller-ICO-8-2048x1365.jpg 2048w, https:\/\/unifranz.edu.bo\/wp-content\/uploads\/2019\/09\/Taller-ICO-8-18x12.jpg 18w\" sizes=\"auto, (max-width: 300px) 100vw, 300px\" \/><\/a>\n\t\t\t<\/div><\/figure><figure class='gallery-item'>\n\t\t\t<div class='gallery-icon landscape'>\n\t\t\t\t<a href='https:\/\/unifranz.edu.bo\/pt\/blog\/mypes-altenas-aprenden-a-vender-con-facebook-y-whatsapp\/attachment\/taller-ico-6\/'><img loading=\"lazy\" decoding=\"async\" width=\"300\" height=\"200\" src=\"https:\/\/unifranz.edu.bo\/wp-content\/uploads\/2019\/09\/Taller-ICO-6-300x200.jpg\" class=\"attachment-thumbnail size-thumbnail\" alt=\"\" srcset=\"https:\/\/unifranz.edu.bo\/wp-content\/uploads\/2019\/09\/Taller-ICO-6-300x200.jpg 300w, https:\/\/unifranz.edu.bo\/wp-content\/uploads\/2019\/09\/Taller-ICO-6-1024x683.jpg 1024w, https:\/\/unifranz.edu.bo\/wp-content\/uploads\/2019\/09\/Taller-ICO-6-768x512.jpg 768w, https:\/\/unifranz.edu.bo\/wp-content\/uploads\/2019\/09\/Taller-ICO-6-1536x1024.jpg 1536w, https:\/\/unifranz.edu.bo\/wp-content\/uploads\/2019\/09\/Taller-ICO-6-2048x1365.jpg 2048w, https:\/\/unifranz.edu.bo\/wp-content\/uploads\/2019\/09\/Taller-ICO-6-18x12.jpg 18w\" sizes=\"auto, (max-width: 300px) 100vw, 300px\" \/><\/a>\n\t\t\t<\/div><\/figure><figure class='gallery-item'>\n\t\t\t<div class='gallery-icon landscape'>\n\t\t\t\t<a href='https:\/\/unifranz.edu.bo\/pt\/blog\/mypes-altenas-aprenden-a-vender-con-facebook-y-whatsapp\/attachment\/taller-ico-2\/'><img loading=\"lazy\" decoding=\"async\" width=\"300\" height=\"200\" src=\"https:\/\/unifranz.edu.bo\/wp-content\/uploads\/2019\/09\/Taller-ICO-2-300x200.jpg\" class=\"attachment-thumbnail size-thumbnail\" alt=\"\" srcset=\"https:\/\/unifranz.edu.bo\/wp-content\/uploads\/2019\/09\/Taller-ICO-2-300x200.jpg 300w, https:\/\/unifranz.edu.bo\/wp-content\/uploads\/2019\/09\/Taller-ICO-2-1024x683.jpg 1024w, https:\/\/unifranz.edu.bo\/wp-content\/uploads\/2019\/09\/Taller-ICO-2-768x512.jpg 768w, https:\/\/unifranz.edu.bo\/wp-content\/uploads\/2019\/09\/Taller-ICO-2-1536x1024.jpg 1536w, https:\/\/unifranz.edu.bo\/wp-content\/uploads\/2019\/09\/Taller-ICO-2-2048x1365.jpg 2048w, https:\/\/unifranz.edu.bo\/wp-content\/uploads\/2019\/09\/Taller-ICO-2-18x12.jpg 18w\" sizes=\"auto, (max-width: 300px) 100vw, 300px\" \/><\/a>\n\t\t\t<\/div><\/figure><figure class='gallery-item'>\n\t\t\t<div class='gallery-icon landscape'>\n\t\t\t\t<a href='https:\/\/unifranz.edu.bo\/pt\/blog\/mypes-altenas-aprenden-a-vender-con-facebook-y-whatsapp\/attachment\/taller-ico-3\/'><img loading=\"lazy\" decoding=\"async\" width=\"300\" height=\"200\" src=\"https:\/\/unifranz.edu.bo\/wp-content\/uploads\/2019\/09\/Taller-ICO-3-300x200.jpg\" class=\"attachment-thumbnail size-thumbnail\" alt=\"\" srcset=\"https:\/\/unifranz.edu.bo\/wp-content\/uploads\/2019\/09\/Taller-ICO-3-300x200.jpg 300w, https:\/\/unifranz.edu.bo\/wp-content\/uploads\/2019\/09\/Taller-ICO-3-1024x683.jpg 1024w, https:\/\/unifranz.edu.bo\/wp-content\/uploads\/2019\/09\/Taller-ICO-3-768x512.jpg 768w, https:\/\/unifranz.edu.bo\/wp-content\/uploads\/2019\/09\/Taller-ICO-3-1536x1024.jpg 1536w, https:\/\/unifranz.edu.bo\/wp-content\/uploads\/2019\/09\/Taller-ICO-3-2048x1365.jpg 2048w, https:\/\/unifranz.edu.bo\/wp-content\/uploads\/2019\/09\/Taller-ICO-3-18x12.jpg 18w\" sizes=\"auto, (max-width: 300px) 100vw, 300px\" \/><\/a>\n\t\t\t<\/div><\/figure><figure class='gallery-item'>\n\t\t\t<div class='gallery-icon landscape'>\n\t\t\t\t<a href='https:\/\/unifranz.edu.bo\/pt\/blog\/mypes-altenas-aprenden-a-vender-con-facebook-y-whatsapp\/attachment\/taller-ico-1\/'><img loading=\"lazy\" decoding=\"async\" width=\"300\" height=\"200\" src=\"https:\/\/unifranz.edu.bo\/wp-content\/uploads\/2019\/09\/Taller-ICO-1-300x200.jpg\" class=\"attachment-thumbnail size-thumbnail\" alt=\"\" srcset=\"https:\/\/unifranz.edu.bo\/wp-content\/uploads\/2019\/09\/Taller-ICO-1-300x200.jpg 300w, https:\/\/unifranz.edu.bo\/wp-content\/uploads\/2019\/09\/Taller-ICO-1-1024x683.jpg 1024w, https:\/\/unifranz.edu.bo\/wp-content\/uploads\/2019\/09\/Taller-ICO-1-768x512.jpg 768w, https:\/\/unifranz.edu.bo\/wp-content\/uploads\/2019\/09\/Taller-ICO-1-1536x1024.jpg 1536w, https:\/\/unifranz.edu.bo\/wp-content\/uploads\/2019\/09\/Taller-ICO-1-2048x1365.jpg 2048w, https:\/\/unifranz.edu.bo\/wp-content\/uploads\/2019\/09\/Taller-ICO-1-18x12.jpg 18w\" sizes=\"auto, (max-width: 300px) 100vw, 300px\" \/><\/a>\n\t\t\t<\/div><\/figure><figure class='gallery-item'>\n\t\t\t<div class='gallery-icon landscape'>\n\t\t\t\t<a href='https:\/\/unifranz.edu.bo\/pt\/blog\/mypes-altenas-aprenden-a-vender-con-facebook-y-whatsapp\/attachment\/taller-ico-11\/'><img loading=\"lazy\" decoding=\"async\" width=\"300\" height=\"200\" src=\"https:\/\/unifranz.edu.bo\/wp-content\/uploads\/2019\/09\/Taller-ICO-11-300x200.jpg\" class=\"attachment-thumbnail size-thumbnail\" alt=\"\" srcset=\"https:\/\/unifranz.edu.bo\/wp-content\/uploads\/2019\/09\/Taller-ICO-11-300x200.jpg 300w, https:\/\/unifranz.edu.bo\/wp-content\/uploads\/2019\/09\/Taller-ICO-11-1024x683.jpg 1024w, https:\/\/unifranz.edu.bo\/wp-content\/uploads\/2019\/09\/Taller-ICO-11-768x512.jpg 768w, https:\/\/unifranz.edu.bo\/wp-content\/uploads\/2019\/09\/Taller-ICO-11-1536x1024.jpg 1536w, https:\/\/unifranz.edu.bo\/wp-content\/uploads\/2019\/09\/Taller-ICO-11-2048x1365.jpg 2048w, https:\/\/unifranz.edu.bo\/wp-content\/uploads\/2019\/09\/Taller-ICO-11-18x12.jpg 18w\" sizes=\"auto, (max-width: 300px) 100vw, 300px\" \/><\/a>\n\t\t\t<\/div><\/figure><figure class='gallery-item'>\n\t\t\t<div class='gallery-icon landscape'>\n\t\t\t\t<a href='https:\/\/unifranz.edu.bo\/pt\/blog\/mypes-altenas-aprenden-a-vender-con-facebook-y-whatsapp\/attachment\/taller-ico-10\/'><img loading=\"lazy\" decoding=\"async\" width=\"300\" height=\"200\" src=\"https:\/\/unifranz.edu.bo\/wp-content\/uploads\/2019\/09\/Taller-ICO-10-300x200.jpg\" class=\"attachment-thumbnail size-thumbnail\" alt=\"\" srcset=\"https:\/\/unifranz.edu.bo\/wp-content\/uploads\/2019\/09\/Taller-ICO-10-300x200.jpg 300w, https:\/\/unifranz.edu.bo\/wp-content\/uploads\/2019\/09\/Taller-ICO-10-1024x683.jpg 1024w, https:\/\/unifranz.edu.bo\/wp-content\/uploads\/2019\/09\/Taller-ICO-10-768x512.jpg 768w, https:\/\/unifranz.edu.bo\/wp-content\/uploads\/2019\/09\/Taller-ICO-10-1536x1024.jpg 1536w, https:\/\/unifranz.edu.bo\/wp-content\/uploads\/2019\/09\/Taller-ICO-10-2048x1365.jpg 2048w, https:\/\/unifranz.edu.bo\/wp-content\/uploads\/2019\/09\/Taller-ICO-10-18x12.jpg 18w\" sizes=\"auto, (max-width: 300px) 100vw, 300px\" \/><\/a>\n\t\t\t<\/div><\/figure>\n\t\t<\/div>","protected":false},"excerpt":{"rendered":"<p>El Alto. Septiembre. Con la finalidad de ser un espacio de asesoramiento, mentor\u00eda y capacitaci\u00f3n a microempresarios que desarrolla la Cl\u00ednica Mypes de la Facultad de Ciencias Econ\u00f3micas y Empresariales UNIFRANZ El Alto, Estudiantes de Ingenier\u00eda Comercial brindaron un taller sobre estrategias de ventas por internet, marketing digital y manejo de redes sociales para 30 &hellip; <a href=\"https:\/\/unifranz.edu.bo\/pt\/blog\/mypes-altenas-aprenden-a-vender-con-facebook-y-whatsapp\/\">Continued<\/a><\/p>","protected":false},"author":45,"featured_media":29028,"comment_status":"open","ping_status":"open","sticky":false,"template":"","format":"standard","meta":{"_acf_changed":false,"footnotes":""},"categories":[60],"tags":[1308,47,1310,1314,376,174,328,1306,681,242,1312],"class_list":["post-29011","post","type-post","status-publish","format-standard","has-post-thumbnail","hentry","category-blog","tag-clinica-mypes","tag-el-alto","tag-facebook","tag-fautapo","tag-gamea","tag-ingenieria-comercial","tag-marketing","tag-mypes","tag-redes-sociales","tag-unifranz","tag-whatsapp"],"acf":[],"_links":{"self":[{"href":"https:\/\/unifranz.edu.bo\/pt\/wp-json\/wp\/v2\/posts\/29011","targetHints":{"allow":["GET"]}}],"collection":[{"href":"https:\/\/unifranz.edu.bo\/pt\/wp-json\/wp\/v2\/posts"}],"about":[{"href":"https:\/\/unifranz.edu.bo\/pt\/wp-json\/wp\/v2\/types\/post"}],"author":[{"embeddable":true,"href":"https:\/\/unifranz.edu.bo\/pt\/wp-json\/wp\/v2\/users\/45"}],"replies":[{"embeddable":true,"href":"https:\/\/unifranz.edu.bo\/pt\/wp-json\/wp\/v2\/comments?post=29011"}],"version-history":[{"count":4,"href":"https:\/\/unifranz.edu.bo\/pt\/wp-json\/wp\/v2\/posts\/29011\/revisions"}],"predecessor-version":[{"id":29031,"href":"https:\/\/unifranz.edu.bo\/pt\/wp-json\/wp\/v2\/posts\/29011\/revisions\/29031"}],"wp:featuredmedia":[{"embeddable":true,"href":"https:\/\/unifranz.edu.bo\/pt\/wp-json\/wp\/v2\/media\/29028"}],"wp:attachment":[{"href":"https:\/\/unifranz.edu.bo\/pt\/wp-json\/wp\/v2\/media?parent=29011"}],"wp:term":[{"taxonomy":"category","embeddable":true,"href":"https:\/\/unifranz.edu.bo\/pt\/wp-json\/wp\/v2\/categories?post=29011"},{"taxonomy":"post_tag","embeddable":true,"href":"https:\/\/unifranz.edu.bo\/pt\/wp-json\/wp\/v2\/tags?post=29011"}],"curies":[{"name":"wp","href":"https:\/\/api.w.org\/{rel}","templated":true}]}}