{"id":28878,"date":"2019-08-02T13:50:18","date_gmt":"2019-08-02T17:50:18","guid":{"rendered":"https:\/\/unifranz.edu.bo\/?p=28878"},"modified":"2019-08-02T13:50:18","modified_gmt":"2019-08-02T17:50:18","slug":"instituciones-educativas-firman-convenio-para-beneficio-de-empresas-que-apuestan-por-la-gestion-de-talento","status":"publish","type":"post","link":"https:\/\/unifranz.edu.bo\/pt\/blog\/instituciones-educativas-firman-convenio-para-beneficio-de-empresas-que-apuestan-por-la-gestion-de-talento\/","title":{"rendered":"INSTITUCIONES EDUCATIVAS FIRMAN CONVENIO PARA BENEFICIO DE EMPRESAS QUE APUESTAN POR LA GESTI\u00d3N DE TALENTO"},"content":{"rendered":"<p><strong>Santa Cruz de la Sierra, Julio.-<\/strong> UNIFRANZ Postgrado suscribi\u00f3 un convenio de cooperaci\u00f3n interinstitucional con la <strong><em>Escuela Empresarial de Formaci\u00f3n en Competencias (ENFOCA)<\/em><\/strong>, con el objetivo de planificar, ofertar y promover de forma conjunta Programas de Estudios Avanzados a nivel nacional.<\/p>\n<p>\u201cENFOCA, a trav\u00e9s de metodolog\u00edas novedosas de formaci\u00f3n en competencias, es un importante aliado para nuestros profesionales que buscan oportunidades de mejora continua en la aplicaci\u00f3n de los conocimientos adquiridos\u201d, coment\u00f3 la Directora de Postgrado UNIFRANZ, Evelin Mendoza.<\/p>\n<p>Asimismo, la Escuela de Capacitaci\u00f3n Empresarial busca por medio del convenio avalar acad\u00e9micamente todos sus programas, entre ellos, certificaciones nacionales e internacionales dirigidas al sector empresarial, cursos cortos, talleres (en sus diferentes modalidades), diplomados y otros que de manera conjunta definan junto a la universidad.<\/p>\n<p>El Vicerrector Nacional de Postgrado UNIFRANZ, Emilio Evia Viscarra, y la Gerente General de Enfoca, Mar\u00eda Ren\u00e9 Mu\u00f1oz, tuvieron a su cargo la r\u00fabrica de la alianza estrat\u00e9gica entre ambas instituciones, que permitir\u00e1 ofrecer una serie de programas nacionales e internacionales y alternativas de formaci\u00f3n especializada con metodolog\u00edas novedosas de aprendizaje a miles de organizaciones de Bolivia y a los estudiantes de pre y postgrado de la propia instituci\u00f3n.<\/p>\n<p><strong>Sobre ENFOCA <\/strong><\/p>\n<p>Es una instituci\u00f3n de programas de estudios superiores, que busca contribuir al desarrollo sostenido de las organizaciones y las personas que las componen mediante sus servicios de capacitaci\u00f3n, entrenamiento y coaching, orientados a la formaci\u00f3n de competencias claves que les permitan adquirir a todos los participantes los conocimientos, destrezas y habilidades necesarias para lograr el \u00e9xito. Favorece de forma consecuente el crecimiento profesional (\u201cYo s\u00e9\u201d y \u201cYo s\u00e9 hacer\u201d) y humano (\u201cYo soy\u201d).<\/p>\n<p><strong>Sobre UNIFRANZ<\/strong><\/p>\n<p>La Universidad Privada Franz Tamayo \u2013 UNIFRANZ cumpli\u00f3 26 a\u00f1os de trayectoria en educaci\u00f3n superior y mantiene el compromiso de acompa\u00f1ar la evoluci\u00f3n de la sociedad en este mundo globalizado. Su actual modelo pedag\u00f3gico tiene un enfoque por competencias que se apoya en tres pilares: el saber, el saber hacer y el saber ser, a fin de formar profesionales con talento de clase mundial. Igualmente. UNIFRANZ considera vital la internacionalizaci\u00f3n en su visi\u00f3n de una universidad disruptiva y transformadora que apunta a cambiar el modelo educativo en Bolivia. Cuenta con una infraestructura de m\u00e1s 65 000 metros cuadrados construidos en La Paz, El Alto, Cochabamba y Santa Cruz y obtuvo la certificaci\u00f3n de calidad ISO 9001:2015.<\/p>\n<p><img loading=\"lazy\" decoding=\"async\" class=\"alignnone size-medium wp-image-28879\" src=\"https:\/\/unifranz.edu.bo\/wp-content\/uploads\/2019\/08\/DSC_7453-300x200.jpg\" alt=\"\" width=\"300\" height=\"200\" srcset=\"https:\/\/unifranz.edu.bo\/wp-content\/uploads\/2019\/08\/DSC_7453-300x200.jpg 300w, https:\/\/unifranz.edu.bo\/wp-content\/uploads\/2019\/08\/DSC_7453-1024x683.jpg 1024w, https:\/\/unifranz.edu.bo\/wp-content\/uploads\/2019\/08\/DSC_7453-768x512.jpg 768w, https:\/\/unifranz.edu.bo\/wp-content\/uploads\/2019\/08\/DSC_7453-1536x1024.jpg 1536w, https:\/\/unifranz.edu.bo\/wp-content\/uploads\/2019\/08\/DSC_7453-2048x1365.jpg 2048w, https:\/\/unifranz.edu.bo\/wp-content\/uploads\/2019\/08\/DSC_7453-18x12.jpg 18w\" sizes=\"auto, (max-width: 300px) 100vw, 300px\" \/> <img loading=\"lazy\" decoding=\"async\" class=\"alignnone size-medium wp-image-28880\" src=\"https:\/\/unifranz.edu.bo\/wp-content\/uploads\/2019\/08\/DSC_7461-300x200.jpg\" alt=\"\" width=\"300\" height=\"200\" srcset=\"https:\/\/unifranz.edu.bo\/wp-content\/uploads\/2019\/08\/DSC_7461-300x200.jpg 300w, https:\/\/unifranz.edu.bo\/wp-content\/uploads\/2019\/08\/DSC_7461-1024x683.jpg 1024w, https:\/\/unifranz.edu.bo\/wp-content\/uploads\/2019\/08\/DSC_7461-768x512.jpg 768w, https:\/\/unifranz.edu.bo\/wp-content\/uploads\/2019\/08\/DSC_7461-1536x1024.jpg 1536w, https:\/\/unifranz.edu.bo\/wp-content\/uploads\/2019\/08\/DSC_7461-2048x1365.jpg 2048w, https:\/\/unifranz.edu.bo\/wp-content\/uploads\/2019\/08\/DSC_7461-18x12.jpg 18w\" sizes=\"auto, (max-width: 300px) 100vw, 300px\" \/><\/p>","protected":false},"excerpt":{"rendered":"<p>Santa Cruz de la Sierra, Julio.- UNIFRANZ Postgrado suscribi\u00f3 un convenio de cooperaci\u00f3n interinstitucional con la Escuela Empresarial de Formaci\u00f3n en Competencias (ENFOCA), con el objetivo de planificar, ofertar y promover de forma conjunta Programas de Estudios Avanzados a nivel nacional. \u201cENFOCA, a trav\u00e9s de metodolog\u00edas novedosas de formaci\u00f3n en competencias, es un importante aliado &hellip; <a href=\"https:\/\/unifranz.edu.bo\/pt\/blog\/instituciones-educativas-firman-convenio-para-beneficio-de-empresas-que-apuestan-por-la-gestion-de-talento\/\">Continued<\/a><\/p>","protected":false},"author":45,"featured_media":28881,"comment_status":"open","ping_status":"open","sticky":false,"template":"","format":"standard","meta":{"_acf_changed":false,"footnotes":""},"categories":[60,318,454,274],"tags":[1278,1280,56,43,242],"class_list":["post-28878","post","type-post","status-publish","format-standard","has-post-thumbnail","hentry","category-blog","category-competencias","category-convenios","category-santa-cruz","tag-enfoca","tag-formacion-en-competencias","tag-postgrado","tag-santa-cruz","tag-unifranz"],"acf":[],"_links":{"self":[{"href":"https:\/\/unifranz.edu.bo\/pt\/wp-json\/wp\/v2\/posts\/28878","targetHints":{"allow":["GET"]}}],"collection":[{"href":"https:\/\/unifranz.edu.bo\/pt\/wp-json\/wp\/v2\/posts"}],"about":[{"href":"https:\/\/unifranz.edu.bo\/pt\/wp-json\/wp\/v2\/types\/post"}],"author":[{"embeddable":true,"href":"https:\/\/unifranz.edu.bo\/pt\/wp-json\/wp\/v2\/users\/45"}],"replies":[{"embeddable":true,"href":"https:\/\/unifranz.edu.bo\/pt\/wp-json\/wp\/v2\/comments?post=28878"}],"version-history":[{"count":1,"href":"https:\/\/unifranz.edu.bo\/pt\/wp-json\/wp\/v2\/posts\/28878\/revisions"}],"predecessor-version":[{"id":28886,"href":"https:\/\/unifranz.edu.bo\/pt\/wp-json\/wp\/v2\/posts\/28878\/revisions\/28886"}],"wp:featuredmedia":[{"embeddable":true,"href":"https:\/\/unifranz.edu.bo\/pt\/wp-json\/wp\/v2\/media\/28881"}],"wp:attachment":[{"href":"https:\/\/unifranz.edu.bo\/pt\/wp-json\/wp\/v2\/media?parent=28878"}],"wp:term":[{"taxonomy":"category","embeddable":true,"href":"https:\/\/unifranz.edu.bo\/pt\/wp-json\/wp\/v2\/categories?post=28878"},{"taxonomy":"post_tag","embeddable":true,"href":"https:\/\/unifranz.edu.bo\/pt\/wp-json\/wp\/v2\/tags?post=28878"}],"curies":[{"name":"wp","href":"https:\/\/api.w.org\/{rel}","templated":true}]}}