{"id":28771,"date":"2019-07-12T19:10:05","date_gmt":"2019-07-12T23:10:05","guid":{"rendered":"https:\/\/unifranz.edu.bo\/?p=28771"},"modified":"2019-07-12T19:10:05","modified_gmt":"2019-07-12T23:10:05","slug":"cual-es-el-rol-del-abogado-en-la-resolucion-de-conflictos-sociales","status":"publish","type":"post","link":"https:\/\/unifranz.edu.bo\/pt\/blog\/cual-es-el-rol-del-abogado-en-la-resolucion-de-conflictos-sociales\/","title":{"rendered":"\u00bfCU\u00c1L ES EL ROL DEL ABOGADO EN LA RESOLUCI\u00d3N DE CONFLICTOS SOCIALES?"},"content":{"rendered":"<p><strong>El Alto. Julio<\/strong>. De acuerdo al desempe\u00f1o profesional y funciones que pueden ejercer los futuros abogados, la Carrera de Derecho organiz\u00f3 el Taller <strong><em>\u201cRol del Abogado en la Resoluci\u00f3n de Conflictos\u201d<\/em><\/strong>, donde estudiantes e invitados vivieron la experiencia de conocer las competencias de los abogados UNIFRANZ, las diferentes etapas de su formaci\u00f3n y la versatilidad en sus funciones.<\/p>\n<p>Tanto los estudiantes de la carrera de Derecho como los invitados vivieron la experiencia de ser abogados por un d\u00eda para poder conocer en profundidad el rol que ejercen los egresados de Derecho, por ejemplo, c\u00f3mo se lleva a cabo el levantamiento de un cad\u00e1ver y poder litigar en una Sala de Audiencias dise\u00f1adas en base a los juzgados nacionales.<\/p>\n<p>La Estudiante de Derecho UNIFRANZ El Alto, Ver\u00f3nica Quispe, coment\u00f3 que esta actividad est\u00e1 destinada a la ambientaci\u00f3n de los futuros estudiantes de abogac\u00eda en relaci\u00f3n con resoluci\u00f3n de conflictos; \u201cEl conflicto puede ocurrir en cualquier \u00e1mbito de la sociedad y derivar a partir de diferentes causales. Las din\u00e1micas desarrolladas buscan generar las competencias para que los estudiantes puedan resolver esos conflictos en cualquier \u00e1mbito social. La experiencia que han vivido hoy les sirve mucho porque han podido aplicar todo lo que han visto durante el primer semestre de cursada, aplicando las competencias aprendidas durante el semestre\u201d, explic\u00f3 la estudiante.<\/p>\n<p>\u201cFue una gran actividad que nos ayud\u00f3 a incentivar la pasi\u00f3n sobre el Derecho. Hemos visto casos que pasan todos los d\u00edas en la sociedad y c\u00f3mo se los puede solucionar sin tener que llegar a las audiencias. Tambi\u00e9n nos ense\u00f1aron c\u00f3mo se realiza el levantamiento de un cad\u00e1ver y el \u00faltimo punto fue el de medidas cautelares. Esta actividad me ayuda a ver y entender c\u00f3mo manejar el poder que voy a tener en mis manos para que una persona quede libre o vaya a la c\u00e1rcel\u201d, Tania Vargas Callizaya, Estudiante de Primer Semestre de la Carrera de Derecho.<\/p>\n<p>De acuerdo con los organizadores, la finalidad del taller fue generar una experiencia en los estudiantes de primer semestre para que puedan conocer m\u00e1s sobre la funci\u00f3n que desarrollan los abogados al momento de resolver conflictos sociales.<\/p>\n<p>\u201cLos abogados no s\u00f3lo deben adoptar una posici\u00f3n judicial sino tambi\u00e9n ver las diferentes alternativas que tienen y los diversos roles que pueden asumir, no s\u00f3lo frente a un pleito sino tambi\u00e9n sobre las condiciones y el contexto del conflicto. Asimismo, a trav\u00e9s de la escenificaci\u00f3n del momento del levantamiento de un cad\u00e1ver, los estudiantes pudieron identificar en primera instancia los conocimientos t\u00e9cnicos m\u00e9dico legales necesarios que deben aprender para desarrollar una estrategia procesal correcta\u201d, explic\u00f3 Ver\u00f3nica Ort\u00edz Arancibia, Directora de Carrera de Derecho de UNIFRANZ.<\/p>\n<p><strong>Sobre UNIFRANZ<\/strong><\/p>\n<p>La Universidad Privada Franz Tamayo \u2013 UNIFRANZ cumpli\u00f3 26 a\u00f1os de trayectoria en educaci\u00f3n superior y mantiene el compromiso de acompa\u00f1ar la evoluci\u00f3n de la sociedad en este mundo globalizado. Su actual modelo pedag\u00f3gico tiene un enfoque por competencias que se apoya en tres pilares: el saber, el saber hacer y el saber ser, a fin de formar profesionales con talento de clase mundial. Igualmente, UNIFRANZ considera vital la internacionalizaci\u00f3n en su visi\u00f3n de una universidad disruptiva y transformadora que apunta a cambiar el modelo educativo en Bolivia. Cuenta con una infraestructura de m\u00e1s 65.000 metros cuadrados construidos en La Paz, El Alto, Cochabamba y Santa Cruz y obtuvo la certificaci\u00f3n de calidad ISO 9001: 2015.<\/p>\n<p><img loading=\"lazy\" decoding=\"async\" class=\"alignnone size-medium wp-image-28799\" src=\"https:\/\/unifranz.edu.bo\/wp-content\/uploads\/2019\/07\/Derecho-UNIFRANZ-30-300x200.jpg\" alt=\"\" width=\"300\" height=\"200\" srcset=\"https:\/\/unifranz.edu.bo\/wp-content\/uploads\/2019\/07\/Derecho-UNIFRANZ-30-300x200.jpg 300w, https:\/\/unifranz.edu.bo\/wp-content\/uploads\/2019\/07\/Derecho-UNIFRANZ-30-1024x683.jpg 1024w, https:\/\/unifranz.edu.bo\/wp-content\/uploads\/2019\/07\/Derecho-UNIFRANZ-30-768x512.jpg 768w, https:\/\/unifranz.edu.bo\/wp-content\/uploads\/2019\/07\/Derecho-UNIFRANZ-30-1536x1024.jpg 1536w, https:\/\/unifranz.edu.bo\/wp-content\/uploads\/2019\/07\/Derecho-UNIFRANZ-30-2048x1365.jpg 2048w, https:\/\/unifranz.edu.bo\/wp-content\/uploads\/2019\/07\/Derecho-UNIFRANZ-30-18x12.jpg 18w\" sizes=\"auto, (max-width: 300px) 100vw, 300px\" \/> <img loading=\"lazy\" decoding=\"async\" class=\"alignnone size-medium wp-image-28798\" src=\"https:\/\/unifranz.edu.bo\/wp-content\/uploads\/2019\/07\/Derecho-UNIFRANZ-29-300x200.jpg\" alt=\"\" width=\"300\" height=\"200\" srcset=\"https:\/\/unifranz.edu.bo\/wp-content\/uploads\/2019\/07\/Derecho-UNIFRANZ-29-300x200.jpg 300w, https:\/\/unifranz.edu.bo\/wp-content\/uploads\/2019\/07\/Derecho-UNIFRANZ-29-1024x683.jpg 1024w, https:\/\/unifranz.edu.bo\/wp-content\/uploads\/2019\/07\/Derecho-UNIFRANZ-29-768x512.jpg 768w, https:\/\/unifranz.edu.bo\/wp-content\/uploads\/2019\/07\/Derecho-UNIFRANZ-29-1536x1024.jpg 1536w, https:\/\/unifranz.edu.bo\/wp-content\/uploads\/2019\/07\/Derecho-UNIFRANZ-29-2048x1365.jpg 2048w, https:\/\/unifranz.edu.bo\/wp-content\/uploads\/2019\/07\/Derecho-UNIFRANZ-29-18x12.jpg 18w\" sizes=\"auto, (max-width: 300px) 100vw, 300px\" \/> <img loading=\"lazy\" decoding=\"async\" class=\"alignnone size-medium wp-image-28797\" src=\"https:\/\/unifranz.edu.bo\/wp-content\/uploads\/2019\/07\/Derecho-UNIFRANZ-28-300x200.jpg\" alt=\"\" width=\"300\" height=\"200\" srcset=\"https:\/\/unifranz.edu.bo\/wp-content\/uploads\/2019\/07\/Derecho-UNIFRANZ-28-300x200.jpg 300w, https:\/\/unifranz.edu.bo\/wp-content\/uploads\/2019\/07\/Derecho-UNIFRANZ-28-1024x683.jpg 1024w, https:\/\/unifranz.edu.bo\/wp-content\/uploads\/2019\/07\/Derecho-UNIFRANZ-28-768x512.jpg 768w, https:\/\/unifranz.edu.bo\/wp-content\/uploads\/2019\/07\/Derecho-UNIFRANZ-28-1536x1024.jpg 1536w, https:\/\/unifranz.edu.bo\/wp-content\/uploads\/2019\/07\/Derecho-UNIFRANZ-28-2048x1365.jpg 2048w, https:\/\/unifranz.edu.bo\/wp-content\/uploads\/2019\/07\/Derecho-UNIFRANZ-28-18x12.jpg 18w\" sizes=\"auto, (max-width: 300px) 100vw, 300px\" \/> <img loading=\"lazy\" decoding=\"async\" class=\"alignnone size-medium wp-image-28796\" src=\"https:\/\/unifranz.edu.bo\/wp-content\/uploads\/2019\/07\/Derecho-UNIFRANZ-27-300x200.jpg\" alt=\"\" width=\"300\" height=\"200\" srcset=\"https:\/\/unifranz.edu.bo\/wp-content\/uploads\/2019\/07\/Derecho-UNIFRANZ-27-300x200.jpg 300w, https:\/\/unifranz.edu.bo\/wp-content\/uploads\/2019\/07\/Derecho-UNIFRANZ-27-1024x683.jpg 1024w, https:\/\/unifranz.edu.bo\/wp-content\/uploads\/2019\/07\/Derecho-UNIFRANZ-27-768x512.jpg 768w, https:\/\/unifranz.edu.bo\/wp-content\/uploads\/2019\/07\/Derecho-UNIFRANZ-27-1536x1024.jpg 1536w, https:\/\/unifranz.edu.bo\/wp-content\/uploads\/2019\/07\/Derecho-UNIFRANZ-27-2048x1365.jpg 2048w, https:\/\/unifranz.edu.bo\/wp-content\/uploads\/2019\/07\/Derecho-UNIFRANZ-27-18x12.jpg 18w\" sizes=\"auto, (max-width: 300px) 100vw, 300px\" \/> <img loading=\"lazy\" decoding=\"async\" class=\"alignnone size-medium wp-image-28795\" src=\"https:\/\/unifranz.edu.bo\/wp-content\/uploads\/2019\/07\/Derecho-UNIFRANZ-26-300x200.jpg\" alt=\"\" width=\"300\" height=\"200\" srcset=\"https:\/\/unifranz.edu.bo\/wp-content\/uploads\/2019\/07\/Derecho-UNIFRANZ-26-300x200.jpg 300w, https:\/\/unifranz.edu.bo\/wp-content\/uploads\/2019\/07\/Derecho-UNIFRANZ-26-1024x683.jpg 1024w, https:\/\/unifranz.edu.bo\/wp-content\/uploads\/2019\/07\/Derecho-UNIFRANZ-26-768x512.jpg 768w, https:\/\/unifranz.edu.bo\/wp-content\/uploads\/2019\/07\/Derecho-UNIFRANZ-26-1536x1024.jpg 1536w, https:\/\/unifranz.edu.bo\/wp-content\/uploads\/2019\/07\/Derecho-UNIFRANZ-26-2048x1365.jpg 2048w, https:\/\/unifranz.edu.bo\/wp-content\/uploads\/2019\/07\/Derecho-UNIFRANZ-26-18x12.jpg 18w\" sizes=\"auto, (max-width: 300px) 100vw, 300px\" \/> <img loading=\"lazy\" decoding=\"async\" class=\"alignnone size-medium wp-image-28794\" src=\"https:\/\/unifranz.edu.bo\/wp-content\/uploads\/2019\/07\/Derecho-UNIFRANZ-25-300x200.jpg\" alt=\"\" width=\"300\" height=\"200\" srcset=\"https:\/\/unifranz.edu.bo\/wp-content\/uploads\/2019\/07\/Derecho-UNIFRANZ-25-300x200.jpg 300w, https:\/\/unifranz.edu.bo\/wp-content\/uploads\/2019\/07\/Derecho-UNIFRANZ-25-1024x683.jpg 1024w, https:\/\/unifranz.edu.bo\/wp-content\/uploads\/2019\/07\/Derecho-UNIFRANZ-25-768x512.jpg 768w, https:\/\/unifranz.edu.bo\/wp-content\/uploads\/2019\/07\/Derecho-UNIFRANZ-25-1536x1024.jpg 1536w, https:\/\/unifranz.edu.bo\/wp-content\/uploads\/2019\/07\/Derecho-UNIFRANZ-25-2048x1365.jpg 2048w, https:\/\/unifranz.edu.bo\/wp-content\/uploads\/2019\/07\/Derecho-UNIFRANZ-25-18x12.jpg 18w\" sizes=\"auto, (max-width: 300px) 100vw, 300px\" \/> <img loading=\"lazy\" decoding=\"async\" class=\"alignnone size-medium wp-image-28793\" src=\"https:\/\/unifranz.edu.bo\/wp-content\/uploads\/2019\/07\/Derecho-UNIFRANZ-24-300x200.jpg\" alt=\"\" width=\"300\" height=\"200\" srcset=\"https:\/\/unifranz.edu.bo\/wp-content\/uploads\/2019\/07\/Derecho-UNIFRANZ-24-300x200.jpg 300w, https:\/\/unifranz.edu.bo\/wp-content\/uploads\/2019\/07\/Derecho-UNIFRANZ-24-1024x683.jpg 1024w, https:\/\/unifranz.edu.bo\/wp-content\/uploads\/2019\/07\/Derecho-UNIFRANZ-24-768x512.jpg 768w, https:\/\/unifranz.edu.bo\/wp-content\/uploads\/2019\/07\/Derecho-UNIFRANZ-24-1536x1024.jpg 1536w, https:\/\/unifranz.edu.bo\/wp-content\/uploads\/2019\/07\/Derecho-UNIFRANZ-24-2048x1365.jpg 2048w, https:\/\/unifranz.edu.bo\/wp-content\/uploads\/2019\/07\/Derecho-UNIFRANZ-24-18x12.jpg 18w\" sizes=\"auto, (max-width: 300px) 100vw, 300px\" \/> <img loading=\"lazy\" decoding=\"async\" class=\"alignnone size-medium wp-image-28792\" src=\"https:\/\/unifranz.edu.bo\/wp-content\/uploads\/2019\/07\/Derecho-UNIFRANZ-23-300x200.jpg\" alt=\"\" width=\"300\" height=\"200\" srcset=\"https:\/\/unifranz.edu.bo\/wp-content\/uploads\/2019\/07\/Derecho-UNIFRANZ-23-300x200.jpg 300w, https:\/\/unifranz.edu.bo\/wp-content\/uploads\/2019\/07\/Derecho-UNIFRANZ-23-1024x683.jpg 1024w, https:\/\/unifranz.edu.bo\/wp-content\/uploads\/2019\/07\/Derecho-UNIFRANZ-23-768x512.jpg 768w, https:\/\/unifranz.edu.bo\/wp-content\/uploads\/2019\/07\/Derecho-UNIFRANZ-23-1536x1024.jpg 1536w, https:\/\/unifranz.edu.bo\/wp-content\/uploads\/2019\/07\/Derecho-UNIFRANZ-23-2048x1365.jpg 2048w, https:\/\/unifranz.edu.bo\/wp-content\/uploads\/2019\/07\/Derecho-UNIFRANZ-23-18x12.jpg 18w\" sizes=\"auto, (max-width: 300px) 100vw, 300px\" \/> <img loading=\"lazy\" decoding=\"async\" class=\"alignnone size-medium wp-image-28787\" src=\"https:\/\/unifranz.edu.bo\/wp-content\/uploads\/2019\/07\/Derecho-UNIFRANZ-15-300x200.jpg\" alt=\"\" width=\"300\" height=\"200\" srcset=\"https:\/\/unifranz.edu.bo\/wp-content\/uploads\/2019\/07\/Derecho-UNIFRANZ-15-300x200.jpg 300w, https:\/\/unifranz.edu.bo\/wp-content\/uploads\/2019\/07\/Derecho-UNIFRANZ-15-1024x683.jpg 1024w, https:\/\/unifranz.edu.bo\/wp-content\/uploads\/2019\/07\/Derecho-UNIFRANZ-15-768x512.jpg 768w, https:\/\/unifranz.edu.bo\/wp-content\/uploads\/2019\/07\/Derecho-UNIFRANZ-15-1536x1024.jpg 1536w, https:\/\/unifranz.edu.bo\/wp-content\/uploads\/2019\/07\/Derecho-UNIFRANZ-15-2048x1365.jpg 2048w, https:\/\/unifranz.edu.bo\/wp-content\/uploads\/2019\/07\/Derecho-UNIFRANZ-15-18x12.jpg 18w\" sizes=\"auto, (max-width: 300px) 100vw, 300px\" \/> <img loading=\"lazy\" decoding=\"async\" class=\"alignnone size-medium wp-image-28789\" src=\"https:\/\/unifranz.edu.bo\/wp-content\/uploads\/2019\/07\/Derecho-UNIFRANZ-20-copia-copia-300x200.jpg\" alt=\"\" width=\"300\" height=\"200\" srcset=\"https:\/\/unifranz.edu.bo\/wp-content\/uploads\/2019\/07\/Derecho-UNIFRANZ-20-copia-copia-300x200.jpg 300w, https:\/\/unifranz.edu.bo\/wp-content\/uploads\/2019\/07\/Derecho-UNIFRANZ-20-copia-copia-1024x683.jpg 1024w, https:\/\/unifranz.edu.bo\/wp-content\/uploads\/2019\/07\/Derecho-UNIFRANZ-20-copia-copia-768x512.jpg 768w, https:\/\/unifranz.edu.bo\/wp-content\/uploads\/2019\/07\/Derecho-UNIFRANZ-20-copia-copia-1536x1024.jpg 1536w, https:\/\/unifranz.edu.bo\/wp-content\/uploads\/2019\/07\/Derecho-UNIFRANZ-20-copia-copia-2048x1365.jpg 2048w, https:\/\/unifranz.edu.bo\/wp-content\/uploads\/2019\/07\/Derecho-UNIFRANZ-20-copia-copia-18x12.jpg 18w\" sizes=\"auto, (max-width: 300px) 100vw, 300px\" \/> <img loading=\"lazy\" decoding=\"async\" class=\"alignnone size-medium wp-image-28790\" src=\"https:\/\/unifranz.edu.bo\/wp-content\/uploads\/2019\/07\/Derecho-UNIFRANZ-21-copia-300x200.jpg\" alt=\"\" width=\"300\" height=\"200\" srcset=\"https:\/\/unifranz.edu.bo\/wp-content\/uploads\/2019\/07\/Derecho-UNIFRANZ-21-copia-300x200.jpg 300w, https:\/\/unifranz.edu.bo\/wp-content\/uploads\/2019\/07\/Derecho-UNIFRANZ-21-copia-1024x683.jpg 1024w, https:\/\/unifranz.edu.bo\/wp-content\/uploads\/2019\/07\/Derecho-UNIFRANZ-21-copia-768x512.jpg 768w, https:\/\/unifranz.edu.bo\/wp-content\/uploads\/2019\/07\/Derecho-UNIFRANZ-21-copia-1536x1024.jpg 1536w, https:\/\/unifranz.edu.bo\/wp-content\/uploads\/2019\/07\/Derecho-UNIFRANZ-21-copia-2048x1365.jpg 2048w, https:\/\/unifranz.edu.bo\/wp-content\/uploads\/2019\/07\/Derecho-UNIFRANZ-21-copia-18x12.jpg 18w\" sizes=\"auto, (max-width: 300px) 100vw, 300px\" \/> <img loading=\"lazy\" decoding=\"async\" class=\"alignnone size-medium wp-image-28791\" src=\"https:\/\/unifranz.edu.bo\/wp-content\/uploads\/2019\/07\/Derecho-UNIFRANZ-22-300x200.jpg\" alt=\"\" width=\"300\" height=\"200\" srcset=\"https:\/\/unifranz.edu.bo\/wp-content\/uploads\/2019\/07\/Derecho-UNIFRANZ-22-300x200.jpg 300w, https:\/\/unifranz.edu.bo\/wp-content\/uploads\/2019\/07\/Derecho-UNIFRANZ-22-1024x683.jpg 1024w, https:\/\/unifranz.edu.bo\/wp-content\/uploads\/2019\/07\/Derecho-UNIFRANZ-22-768x512.jpg 768w, https:\/\/unifranz.edu.bo\/wp-content\/uploads\/2019\/07\/Derecho-UNIFRANZ-22-1536x1024.jpg 1536w, https:\/\/unifranz.edu.bo\/wp-content\/uploads\/2019\/07\/Derecho-UNIFRANZ-22-2048x1365.jpg 2048w, https:\/\/unifranz.edu.bo\/wp-content\/uploads\/2019\/07\/Derecho-UNIFRANZ-22-18x12.jpg 18w\" sizes=\"auto, (max-width: 300px) 100vw, 300px\" \/> <img loading=\"lazy\" decoding=\"async\" class=\"alignnone size-medium wp-image-28801\" src=\"https:\/\/unifranz.edu.bo\/wp-content\/uploads\/2019\/07\/Drecho-UNIFRANZ-6-300x200.jpg\" alt=\"\" width=\"300\" height=\"200\" srcset=\"https:\/\/unifranz.edu.bo\/wp-content\/uploads\/2019\/07\/Drecho-UNIFRANZ-6-300x200.jpg 300w, https:\/\/unifranz.edu.bo\/wp-content\/uploads\/2019\/07\/Drecho-UNIFRANZ-6-1024x683.jpg 1024w, https:\/\/unifranz.edu.bo\/wp-content\/uploads\/2019\/07\/Drecho-UNIFRANZ-6-768x512.jpg 768w, https:\/\/unifranz.edu.bo\/wp-content\/uploads\/2019\/07\/Drecho-UNIFRANZ-6-1536x1024.jpg 1536w, https:\/\/unifranz.edu.bo\/wp-content\/uploads\/2019\/07\/Drecho-UNIFRANZ-6-2048x1365.jpg 2048w, https:\/\/unifranz.edu.bo\/wp-content\/uploads\/2019\/07\/Drecho-UNIFRANZ-6-18x12.jpg 18w\" sizes=\"auto, (max-width: 300px) 100vw, 300px\" \/> <img loading=\"lazy\" decoding=\"async\" class=\"alignnone size-medium wp-image-28788\" src=\"https:\/\/unifranz.edu.bo\/wp-content\/uploads\/2019\/07\/Derecho-UNIFRANZ-16-300x200.jpg\" alt=\"\" width=\"300\" height=\"200\" srcset=\"https:\/\/unifranz.edu.bo\/wp-content\/uploads\/2019\/07\/Derecho-UNIFRANZ-16-300x200.jpg 300w, https:\/\/unifranz.edu.bo\/wp-content\/uploads\/2019\/07\/Derecho-UNIFRANZ-16-1024x683.jpg 1024w, https:\/\/unifranz.edu.bo\/wp-content\/uploads\/2019\/07\/Derecho-UNIFRANZ-16-768x512.jpg 768w, https:\/\/unifranz.edu.bo\/wp-content\/uploads\/2019\/07\/Derecho-UNIFRANZ-16-1536x1024.jpg 1536w, https:\/\/unifranz.edu.bo\/wp-content\/uploads\/2019\/07\/Derecho-UNIFRANZ-16-2048x1365.jpg 2048w, https:\/\/unifranz.edu.bo\/wp-content\/uploads\/2019\/07\/Derecho-UNIFRANZ-16-18x12.jpg 18w\" sizes=\"auto, (max-width: 300px) 100vw, 300px\" \/> <img loading=\"lazy\" decoding=\"async\" class=\"alignnone size-medium wp-image-28786\" src=\"https:\/\/unifranz.edu.bo\/wp-content\/uploads\/2019\/07\/Derecho-UNIFRANZ-14-300x200.jpg\" alt=\"\" width=\"300\" height=\"200\" srcset=\"https:\/\/unifranz.edu.bo\/wp-content\/uploads\/2019\/07\/Derecho-UNIFRANZ-14-300x200.jpg 300w, https:\/\/unifranz.edu.bo\/wp-content\/uploads\/2019\/07\/Derecho-UNIFRANZ-14-1024x683.jpg 1024w, https:\/\/unifranz.edu.bo\/wp-content\/uploads\/2019\/07\/Derecho-UNIFRANZ-14-768x512.jpg 768w, https:\/\/unifranz.edu.bo\/wp-content\/uploads\/2019\/07\/Derecho-UNIFRANZ-14-1536x1024.jpg 1536w, https:\/\/unifranz.edu.bo\/wp-content\/uploads\/2019\/07\/Derecho-UNIFRANZ-14-2048x1365.jpg 2048w, https:\/\/unifranz.edu.bo\/wp-content\/uploads\/2019\/07\/Derecho-UNIFRANZ-14-18x12.jpg 18w\" sizes=\"auto, (max-width: 300px) 100vw, 300px\" \/> <img loading=\"lazy\" decoding=\"async\" class=\"alignnone size-medium wp-image-28785\" src=\"https:\/\/unifranz.edu.bo\/wp-content\/uploads\/2019\/07\/Derecho-UNIFRANZ-13-300x200.jpg\" alt=\"\" width=\"300\" height=\"200\" srcset=\"https:\/\/unifranz.edu.bo\/wp-content\/uploads\/2019\/07\/Derecho-UNIFRANZ-13-300x200.jpg 300w, https:\/\/unifranz.edu.bo\/wp-content\/uploads\/2019\/07\/Derecho-UNIFRANZ-13-1024x683.jpg 1024w, https:\/\/unifranz.edu.bo\/wp-content\/uploads\/2019\/07\/Derecho-UNIFRANZ-13-768x512.jpg 768w, https:\/\/unifranz.edu.bo\/wp-content\/uploads\/2019\/07\/Derecho-UNIFRANZ-13-1536x1024.jpg 1536w, https:\/\/unifranz.edu.bo\/wp-content\/uploads\/2019\/07\/Derecho-UNIFRANZ-13-2048x1365.jpg 2048w, https:\/\/unifranz.edu.bo\/wp-content\/uploads\/2019\/07\/Derecho-UNIFRANZ-13-18x12.jpg 18w\" sizes=\"auto, (max-width: 300px) 100vw, 300px\" \/> <img loading=\"lazy\" decoding=\"async\" class=\"alignnone size-medium wp-image-28784\" src=\"https:\/\/unifranz.edu.bo\/wp-content\/uploads\/2019\/07\/Derecho-UNIFRANZ-12-copia-300x200.jpg\" alt=\"\" width=\"300\" height=\"200\" srcset=\"https:\/\/unifranz.edu.bo\/wp-content\/uploads\/2019\/07\/Derecho-UNIFRANZ-12-copia-300x200.jpg 300w, https:\/\/unifranz.edu.bo\/wp-content\/uploads\/2019\/07\/Derecho-UNIFRANZ-12-copia-1024x683.jpg 1024w, https:\/\/unifranz.edu.bo\/wp-content\/uploads\/2019\/07\/Derecho-UNIFRANZ-12-copia-768x512.jpg 768w, https:\/\/unifranz.edu.bo\/wp-content\/uploads\/2019\/07\/Derecho-UNIFRANZ-12-copia-1536x1024.jpg 1536w, https:\/\/unifranz.edu.bo\/wp-content\/uploads\/2019\/07\/Derecho-UNIFRANZ-12-copia-2048x1365.jpg 2048w, https:\/\/unifranz.edu.bo\/wp-content\/uploads\/2019\/07\/Derecho-UNIFRANZ-12-copia-18x12.jpg 18w\" sizes=\"auto, (max-width: 300px) 100vw, 300px\" \/> <img loading=\"lazy\" decoding=\"async\" class=\"alignnone size-medium wp-image-28783\" src=\"https:\/\/unifranz.edu.bo\/wp-content\/uploads\/2019\/07\/Derecho-UNIFRANZ-11-300x200.jpg\" alt=\"\" width=\"300\" height=\"200\" srcset=\"https:\/\/unifranz.edu.bo\/wp-content\/uploads\/2019\/07\/Derecho-UNIFRANZ-11-300x200.jpg 300w, https:\/\/unifranz.edu.bo\/wp-content\/uploads\/2019\/07\/Derecho-UNIFRANZ-11-1024x683.jpg 1024w, https:\/\/unifranz.edu.bo\/wp-content\/uploads\/2019\/07\/Derecho-UNIFRANZ-11-768x512.jpg 768w, https:\/\/unifranz.edu.bo\/wp-content\/uploads\/2019\/07\/Derecho-UNIFRANZ-11-1536x1024.jpg 1536w, https:\/\/unifranz.edu.bo\/wp-content\/uploads\/2019\/07\/Derecho-UNIFRANZ-11-2048x1365.jpg 2048w, https:\/\/unifranz.edu.bo\/wp-content\/uploads\/2019\/07\/Derecho-UNIFRANZ-11-18x12.jpg 18w\" sizes=\"auto, (max-width: 300px) 100vw, 300px\" \/> <img loading=\"lazy\" decoding=\"async\" class=\"alignnone size-medium wp-image-28782\" src=\"https:\/\/unifranz.edu.bo\/wp-content\/uploads\/2019\/07\/Derecho-UNIFRANZ-10-300x200.jpg\" alt=\"\" width=\"300\" height=\"200\" srcset=\"https:\/\/unifranz.edu.bo\/wp-content\/uploads\/2019\/07\/Derecho-UNIFRANZ-10-300x200.jpg 300w, https:\/\/unifranz.edu.bo\/wp-content\/uploads\/2019\/07\/Derecho-UNIFRANZ-10-1024x683.jpg 1024w, https:\/\/unifranz.edu.bo\/wp-content\/uploads\/2019\/07\/Derecho-UNIFRANZ-10-768x512.jpg 768w, https:\/\/unifranz.edu.bo\/wp-content\/uploads\/2019\/07\/Derecho-UNIFRANZ-10-1536x1024.jpg 1536w, https:\/\/unifranz.edu.bo\/wp-content\/uploads\/2019\/07\/Derecho-UNIFRANZ-10-2048x1365.jpg 2048w, https:\/\/unifranz.edu.bo\/wp-content\/uploads\/2019\/07\/Derecho-UNIFRANZ-10-18x12.jpg 18w\" sizes=\"auto, (max-width: 300px) 100vw, 300px\" \/> <img loading=\"lazy\" decoding=\"async\" class=\"alignnone size-medium wp-image-28778\" src=\"https:\/\/unifranz.edu.bo\/wp-content\/uploads\/2019\/07\/Derecho-UNIFRANZ-5-300x200.jpg\" alt=\"\" width=\"300\" height=\"200\" srcset=\"https:\/\/unifranz.edu.bo\/wp-content\/uploads\/2019\/07\/Derecho-UNIFRANZ-5-300x200.jpg 300w, https:\/\/unifranz.edu.bo\/wp-content\/uploads\/2019\/07\/Derecho-UNIFRANZ-5-1024x683.jpg 1024w, https:\/\/unifranz.edu.bo\/wp-content\/uploads\/2019\/07\/Derecho-UNIFRANZ-5-768x512.jpg 768w, https:\/\/unifranz.edu.bo\/wp-content\/uploads\/2019\/07\/Derecho-UNIFRANZ-5-1536x1024.jpg 1536w, https:\/\/unifranz.edu.bo\/wp-content\/uploads\/2019\/07\/Derecho-UNIFRANZ-5-2048x1365.jpg 2048w, https:\/\/unifranz.edu.bo\/wp-content\/uploads\/2019\/07\/Derecho-UNIFRANZ-5-18x12.jpg 18w\" sizes=\"auto, (max-width: 300px) 100vw, 300px\" \/> <img loading=\"lazy\" decoding=\"async\" class=\"alignnone size-medium wp-image-28779\" src=\"https:\/\/unifranz.edu.bo\/wp-content\/uploads\/2019\/07\/Derecho-UNIFRANZ-6-300x200.jpg\" alt=\"\" width=\"300\" height=\"200\" srcset=\"https:\/\/unifranz.edu.bo\/wp-content\/uploads\/2019\/07\/Derecho-UNIFRANZ-6-300x200.jpg 300w, https:\/\/unifranz.edu.bo\/wp-content\/uploads\/2019\/07\/Derecho-UNIFRANZ-6-1024x683.jpg 1024w, https:\/\/unifranz.edu.bo\/wp-content\/uploads\/2019\/07\/Derecho-UNIFRANZ-6-768x512.jpg 768w, https:\/\/unifranz.edu.bo\/wp-content\/uploads\/2019\/07\/Derecho-UNIFRANZ-6-1536x1024.jpg 1536w, https:\/\/unifranz.edu.bo\/wp-content\/uploads\/2019\/07\/Derecho-UNIFRANZ-6-2048x1365.jpg 2048w, https:\/\/unifranz.edu.bo\/wp-content\/uploads\/2019\/07\/Derecho-UNIFRANZ-6-18x12.jpg 18w\" sizes=\"auto, (max-width: 300px) 100vw, 300px\" \/> <img loading=\"lazy\" decoding=\"async\" class=\"alignnone size-medium wp-image-28780\" src=\"https:\/\/unifranz.edu.bo\/wp-content\/uploads\/2019\/07\/Derecho-UNIFRANZ-7-300x200.jpg\" alt=\"\" width=\"300\" height=\"200\" srcset=\"https:\/\/unifranz.edu.bo\/wp-content\/uploads\/2019\/07\/Derecho-UNIFRANZ-7-300x200.jpg 300w, https:\/\/unifranz.edu.bo\/wp-content\/uploads\/2019\/07\/Derecho-UNIFRANZ-7-1024x683.jpg 1024w, https:\/\/unifranz.edu.bo\/wp-content\/uploads\/2019\/07\/Derecho-UNIFRANZ-7-768x512.jpg 768w, https:\/\/unifranz.edu.bo\/wp-content\/uploads\/2019\/07\/Derecho-UNIFRANZ-7-1536x1024.jpg 1536w, https:\/\/unifranz.edu.bo\/wp-content\/uploads\/2019\/07\/Derecho-UNIFRANZ-7-2048x1365.jpg 2048w, https:\/\/unifranz.edu.bo\/wp-content\/uploads\/2019\/07\/Derecho-UNIFRANZ-7-18x12.jpg 18w\" sizes=\"auto, (max-width: 300px) 100vw, 300px\" \/> <img loading=\"lazy\" decoding=\"async\" class=\"alignnone size-medium wp-image-28781\" src=\"https:\/\/unifranz.edu.bo\/wp-content\/uploads\/2019\/07\/Derecho-UNIFRANZ-9-300x200.jpg\" alt=\"\" width=\"300\" height=\"200\" srcset=\"https:\/\/unifranz.edu.bo\/wp-content\/uploads\/2019\/07\/Derecho-UNIFRANZ-9-300x200.jpg 300w, https:\/\/unifranz.edu.bo\/wp-content\/uploads\/2019\/07\/Derecho-UNIFRANZ-9-1024x683.jpg 1024w, https:\/\/unifranz.edu.bo\/wp-content\/uploads\/2019\/07\/Derecho-UNIFRANZ-9-768x512.jpg 768w, https:\/\/unifranz.edu.bo\/wp-content\/uploads\/2019\/07\/Derecho-UNIFRANZ-9-1536x1024.jpg 1536w, https:\/\/unifranz.edu.bo\/wp-content\/uploads\/2019\/07\/Derecho-UNIFRANZ-9-2048x1365.jpg 2048w, https:\/\/unifranz.edu.bo\/wp-content\/uploads\/2019\/07\/Derecho-UNIFRANZ-9-18x12.jpg 18w\" sizes=\"auto, (max-width: 300px) 100vw, 300px\" \/> <img loading=\"lazy\" decoding=\"async\" class=\"alignnone size-medium wp-image-28777\" src=\"https:\/\/unifranz.edu.bo\/wp-content\/uploads\/2019\/07\/Derecho-UNIFRANZ-4-300x200.jpg\" alt=\"\" width=\"300\" height=\"200\" srcset=\"https:\/\/unifranz.edu.bo\/wp-content\/uploads\/2019\/07\/Derecho-UNIFRANZ-4-300x200.jpg 300w, https:\/\/unifranz.edu.bo\/wp-content\/uploads\/2019\/07\/Derecho-UNIFRANZ-4-1024x683.jpg 1024w, https:\/\/unifranz.edu.bo\/wp-content\/uploads\/2019\/07\/Derecho-UNIFRANZ-4-768x512.jpg 768w, https:\/\/unifranz.edu.bo\/wp-content\/uploads\/2019\/07\/Derecho-UNIFRANZ-4-1536x1024.jpg 1536w, https:\/\/unifranz.edu.bo\/wp-content\/uploads\/2019\/07\/Derecho-UNIFRANZ-4-2048x1365.jpg 2048w, https:\/\/unifranz.edu.bo\/wp-content\/uploads\/2019\/07\/Derecho-UNIFRANZ-4-18x12.jpg 18w\" sizes=\"auto, (max-width: 300px) 100vw, 300px\" \/> <img loading=\"lazy\" decoding=\"async\" class=\"alignnone size-medium wp-image-28775\" src=\"https:\/\/unifranz.edu.bo\/wp-content\/uploads\/2019\/07\/Derecho-UNIFRANZ-3-300x200.jpg\" alt=\"\" width=\"300\" height=\"200\" srcset=\"https:\/\/unifranz.edu.bo\/wp-content\/uploads\/2019\/07\/Derecho-UNIFRANZ-3-300x200.jpg 300w, https:\/\/unifranz.edu.bo\/wp-content\/uploads\/2019\/07\/Derecho-UNIFRANZ-3-1024x683.jpg 1024w, https:\/\/unifranz.edu.bo\/wp-content\/uploads\/2019\/07\/Derecho-UNIFRANZ-3-768x512.jpg 768w, https:\/\/unifranz.edu.bo\/wp-content\/uploads\/2019\/07\/Derecho-UNIFRANZ-3-1536x1024.jpg 1536w, https:\/\/unifranz.edu.bo\/wp-content\/uploads\/2019\/07\/Derecho-UNIFRANZ-3-2048x1365.jpg 2048w, https:\/\/unifranz.edu.bo\/wp-content\/uploads\/2019\/07\/Derecho-UNIFRANZ-3-18x12.jpg 18w\" sizes=\"auto, (max-width: 300px) 100vw, 300px\" \/> <img loading=\"lazy\" decoding=\"async\" class=\"alignnone size-medium wp-image-28774\" src=\"https:\/\/unifranz.edu.bo\/wp-content\/uploads\/2019\/07\/Derecho-UNIFRANZ-2-300x200.jpg\" alt=\"\" width=\"300\" height=\"200\" srcset=\"https:\/\/unifranz.edu.bo\/wp-content\/uploads\/2019\/07\/Derecho-UNIFRANZ-2-300x200.jpg 300w, https:\/\/unifranz.edu.bo\/wp-content\/uploads\/2019\/07\/Derecho-UNIFRANZ-2-1024x683.jpg 1024w, https:\/\/unifranz.edu.bo\/wp-content\/uploads\/2019\/07\/Derecho-UNIFRANZ-2-768x512.jpg 768w, https:\/\/unifranz.edu.bo\/wp-content\/uploads\/2019\/07\/Derecho-UNIFRANZ-2-1536x1024.jpg 1536w, https:\/\/unifranz.edu.bo\/wp-content\/uploads\/2019\/07\/Derecho-UNIFRANZ-2-2048x1365.jpg 2048w, https:\/\/unifranz.edu.bo\/wp-content\/uploads\/2019\/07\/Derecho-UNIFRANZ-2-18x12.jpg 18w\" sizes=\"auto, (max-width: 300px) 100vw, 300px\" \/> <img loading=\"lazy\" decoding=\"async\" class=\"alignnone size-medium wp-image-28773\" src=\"https:\/\/unifranz.edu.bo\/wp-content\/uploads\/2019\/07\/Derecho-UNIFRANZ-1-300x200.jpg\" alt=\"\" width=\"300\" height=\"200\" srcset=\"https:\/\/unifranz.edu.bo\/wp-content\/uploads\/2019\/07\/Derecho-UNIFRANZ-1-300x200.jpg 300w, https:\/\/unifranz.edu.bo\/wp-content\/uploads\/2019\/07\/Derecho-UNIFRANZ-1-1024x683.jpg 1024w, https:\/\/unifranz.edu.bo\/wp-content\/uploads\/2019\/07\/Derecho-UNIFRANZ-1-768x512.jpg 768w, https:\/\/unifranz.edu.bo\/wp-content\/uploads\/2019\/07\/Derecho-UNIFRANZ-1-1536x1024.jpg 1536w, https:\/\/unifranz.edu.bo\/wp-content\/uploads\/2019\/07\/Derecho-UNIFRANZ-1-2048x1365.jpg 2048w, https:\/\/unifranz.edu.bo\/wp-content\/uploads\/2019\/07\/Derecho-UNIFRANZ-1-18x12.jpg 18w\" sizes=\"auto, (max-width: 300px) 100vw, 300px\" \/><\/p>","protected":false},"excerpt":{"rendered":"<p>El Alto. Julio. De acuerdo al desempe\u00f1o profesional y funciones que pueden ejercer los futuros abogados, la Carrera de Derecho organiz\u00f3 el Taller \u201cRol del Abogado en la Resoluci\u00f3n de Conflictos\u201d, donde estudiantes e invitados vivieron la experiencia de conocer las competencias de los abogados UNIFRANZ, las diferentes etapas de su formaci\u00f3n y la versatilidad &hellip; <a href=\"https:\/\/unifranz.edu.bo\/pt\/blog\/cual-es-el-rol-del-abogado-en-la-resolucion-de-conflictos-sociales\/\">Continued<\/a><\/p>","protected":false},"author":45,"featured_media":28772,"comment_status":"open","ping_status":"open","sticky":false,"template":"","format":"standard","meta":{"_acf_changed":false,"footnotes":""},"categories":[60],"tags":[1264,1268,39,47,1262,1266,242],"class_list":["post-28771","post","type-post","status-publish","format-standard","has-post-thumbnail","hentry","category-blog","tag-abogado","tag-conflictos-sociales","tag-derecho","tag-el-alto","tag-resolucion-de-conflictos","tag-rol-del-abogado","tag-unifranz"],"acf":[],"_links":{"self":[{"href":"https:\/\/unifranz.edu.bo\/pt\/wp-json\/wp\/v2\/posts\/28771","targetHints":{"allow":["GET"]}}],"collection":[{"href":"https:\/\/unifranz.edu.bo\/pt\/wp-json\/wp\/v2\/posts"}],"about":[{"href":"https:\/\/unifranz.edu.bo\/pt\/wp-json\/wp\/v2\/types\/post"}],"author":[{"embeddable":true,"href":"https:\/\/unifranz.edu.bo\/pt\/wp-json\/wp\/v2\/users\/45"}],"replies":[{"embeddable":true,"href":"https:\/\/unifranz.edu.bo\/pt\/wp-json\/wp\/v2\/comments?post=28771"}],"version-history":[{"count":2,"href":"https:\/\/unifranz.edu.bo\/pt\/wp-json\/wp\/v2\/posts\/28771\/revisions"}],"predecessor-version":[{"id":28802,"href":"https:\/\/unifranz.edu.bo\/pt\/wp-json\/wp\/v2\/posts\/28771\/revisions\/28802"}],"wp:featuredmedia":[{"embeddable":true,"href":"https:\/\/unifranz.edu.bo\/pt\/wp-json\/wp\/v2\/media\/28772"}],"wp:attachment":[{"href":"https:\/\/unifranz.edu.bo\/pt\/wp-json\/wp\/v2\/media?parent=28771"}],"wp:term":[{"taxonomy":"category","embeddable":true,"href":"https:\/\/unifranz.edu.bo\/pt\/wp-json\/wp\/v2\/categories?post=28771"},{"taxonomy":"post_tag","embeddable":true,"href":"https:\/\/unifranz.edu.bo\/pt\/wp-json\/wp\/v2\/tags?post=28771"}],"curies":[{"name":"wp","href":"https:\/\/api.w.org\/{rel}","templated":true}]}}