{"id":28745,"date":"2019-07-11T11:05:16","date_gmt":"2019-07-11T15:05:16","guid":{"rendered":"https:\/\/unifranz.edu.bo\/?p=28745"},"modified":"2019-07-11T11:05:16","modified_gmt":"2019-07-11T15:05:16","slug":"unifranz-y-virtual-educa-firman-acuerdo-internacional-de-colaboracion","status":"publish","type":"post","link":"https:\/\/unifranz.edu.bo\/pt\/blog\/unifranz-y-virtual-educa-firman-acuerdo-internacional-de-colaboracion\/","title":{"rendered":"UNIFRANZ Y VIRTUAL EDUCA FIRMAN ACUERDO INTERNACIONAL DE COLABORACI\u00d3N"},"content":{"rendered":"<p><strong>Bolivia. <\/strong><strong>Julio<\/strong><strong>.<\/strong> Con el prop\u00f3sito de fortalecer la calidad acad\u00e9mica y contribuir a la generaci\u00f3n de procesos de ense\u00f1anza-aprendizaje innovadores, UNIFRANZ y Virtual Educa firmaron un acuerdo de colaboraci\u00f3n, que permitir\u00e1 a UNIFRANZ ser parte de una red internacional de instituciones que trabajan en pos del desarrollo educativo y social.<\/p>\n<p>El acuerdo fue firmado por la Rectora UNIFRANZ, Arq. DESA Ver\u00f3nica \u00c1greda de Pazos, y Jos\u00e9 Mar\u00eda Ant\u00f3n, Secretario General de Virtual Educa, el mismo permitir\u00e1 a ambas instituciones sistematizar e integrar informaci\u00f3n, conocimiento e innovaci\u00f3n sobre las acciones de redes y universidades que est\u00e1n a la vanguardia de la educaci\u00f3n superior a nivel mundial.<\/p>\n<p>De esta forma UNIFRANZ se incorpora como asociada al espacio y a la iniciativa UNIVERSIDAD 2030, auspiciado por IESALC\/UNESCO y Virtual Educa.<\/p>\n<p>El trabajo desarrollado por Virtual Educa desde 2001, tiene la finalidad de impulsar la innovaci\u00f3n en educaci\u00f3n para favorecer la transformaci\u00f3n social y el desarrollo sostenible, enfocado especialmente en Am\u00e9rica Latina y el Caribe, a partir de una alianza con organismos internacionales, agencias de cooperaci\u00f3n y entidades p\u00fablicas y privadas.<\/p>\n<p>A trav\u00e9s del acuerdo firmado por representantes de ambas organizaciones y las gestiones efectuadas por UNIFRANZ se fortalecer\u00e1 su misi\u00f3n, enfocada en: \u201cForjar una universidad transformadora, comprometida a atraer y promover talento diverso de clase mundial, creando un ambiente de alta colaboraci\u00f3n, que promueve el libre intercambio de ideas, con el fin de impulsar la innovaci\u00f3n, creatividad, investigaci\u00f3n y alta capacidad de liderazgo para formar capital humano altamente competitivo, con valores \u00e9ticos, morales y responsabilidad social\u201d.<\/p>\n<p>Es as\u00ed que UNIFRANZ ser\u00e1 parte del <strong><em>Encuentro Internacional Anual Virtual Educa<\/em><\/strong> a realizarse en noviembre en Lima-Per\u00fa.<\/p>\n<p>Por \u00faltimo, en palabras de la Rectora UNIFRANZ, Arq. DESA Ver\u00f3nica \u00c1greda de Pazos; \u201cEl presente acuerdo alcanzado se enmarca dentro de la pol\u00edtica de internacionalizaci\u00f3n e innovaci\u00f3n que promueve UNIFRANZ de manera contante en beneficio de su comunidad estudiantil y del entono acad\u00e9mico nacional. Virtual Educa a lo largo de su trayectoria ha alcanzado alianzas con empresas l\u00edderes a nivel mundial, Organismos Internacionales, Gobiernos Nacionales y Regionales, por eso desde UNIFRANZ tambi\u00e9n entendemos este acuerdo como un intercambio de experiencias e investigaciones a disposici\u00f3n de los generadores de pol\u00edticas p\u00fablicas en la regi\u00f3n\u201d.<\/p>\n<p><strong>Sobre UNIFRANZ<\/strong><\/p>\n<p>La Universidad Privada Franz Tamayo \u2013 UNIFRANZ cumpli\u00f3 26 a\u00f1os de trayectoria en educaci\u00f3n superior y mantiene el compromiso de acompa\u00f1ar la evoluci\u00f3n de la sociedad en este mundo globalizado. Su actual modelo pedag\u00f3gico tiene un enfoque por competencias que se apoya en tres pilares: el saber, el saber hacer y el saber ser, a fin de formar profesionales con talento de clase mundial. UNIFRANZ considera vital la internacionalizaci\u00f3n en su visi\u00f3n de una universidad disruptiva y transformadora que apunta a cambiar el modelo educativo en Bolivia. Cuenta con una infraestructura de m\u00e1s 65.000 metros cuadrados construidos en La Paz, El Alto, Cochabamba y Santa Cruz y obtuvo la certificaci\u00f3n de calidad ISO 9001: 2015.<\/p>\n<p><img loading=\"lazy\" decoding=\"async\" class=\"alignnone size-medium wp-image-28746\" src=\"https:\/\/unifranz.edu.bo\/wp-content\/uploads\/2019\/07\/WhatsApp-Image-2019-07-10-at-20.04.421-300x283.jpeg\" alt=\"\" width=\"300\" height=\"283\" srcset=\"https:\/\/unifranz.edu.bo\/wp-content\/uploads\/2019\/07\/WhatsApp-Image-2019-07-10-at-20.04.421-300x283.jpeg 300w, https:\/\/unifranz.edu.bo\/wp-content\/uploads\/2019\/07\/WhatsApp-Image-2019-07-10-at-20.04.421-1024x966.jpeg 1024w, https:\/\/unifranz.edu.bo\/wp-content\/uploads\/2019\/07\/WhatsApp-Image-2019-07-10-at-20.04.421-768x725.jpeg 768w, https:\/\/unifranz.edu.bo\/wp-content\/uploads\/2019\/07\/WhatsApp-Image-2019-07-10-at-20.04.421-13x12.jpeg 13w, https:\/\/unifranz.edu.bo\/wp-content\/uploads\/2019\/07\/WhatsApp-Image-2019-07-10-at-20.04.421.jpeg 1280w\" sizes=\"auto, (max-width: 300px) 100vw, 300px\" \/><\/p>\n<p><img loading=\"lazy\" decoding=\"async\" class=\"alignnone size-medium wp-image-28747\" src=\"https:\/\/unifranz.edu.bo\/wp-content\/uploads\/2019\/07\/WhatsApp-Image-2019-07-10-at-20.04.42-300x255.jpeg\" alt=\"\" width=\"300\" height=\"255\" srcset=\"https:\/\/unifranz.edu.bo\/wp-content\/uploads\/2019\/07\/WhatsApp-Image-2019-07-10-at-20.04.42-300x255.jpeg 300w, https:\/\/unifranz.edu.bo\/wp-content\/uploads\/2019\/07\/WhatsApp-Image-2019-07-10-at-20.04.42-1024x870.jpeg 1024w, https:\/\/unifranz.edu.bo\/wp-content\/uploads\/2019\/07\/WhatsApp-Image-2019-07-10-at-20.04.42-768x653.jpeg 768w, https:\/\/unifranz.edu.bo\/wp-content\/uploads\/2019\/07\/WhatsApp-Image-2019-07-10-at-20.04.42-14x12.jpeg 14w, https:\/\/unifranz.edu.bo\/wp-content\/uploads\/2019\/07\/WhatsApp-Image-2019-07-10-at-20.04.42.jpeg 1280w\" sizes=\"auto, (max-width: 300px) 100vw, 300px\" \/><\/p>","protected":false},"excerpt":{"rendered":"<p>Bolivia. Julio. Con el prop\u00f3sito de fortalecer la calidad acad\u00e9mica y contribuir a la generaci\u00f3n de procesos de ense\u00f1anza-aprendizaje innovadores, UNIFRANZ y Virtual Educa firmaron un acuerdo de colaboraci\u00f3n, que permitir\u00e1 a UNIFRANZ ser parte de una red internacional de instituciones que trabajan en pos del desarrollo educativo y social. El acuerdo fue firmado por &hellip; <a href=\"https:\/\/unifranz.edu.bo\/pt\/blog\/unifranz-y-virtual-educa-firman-acuerdo-internacional-de-colaboracion\/\">Continued<\/a><\/p>","protected":false},"author":45,"featured_media":28748,"comment_status":"open","ping_status":"open","sticky":false,"template":"","format":"standard","meta":{"_acf_changed":false,"footnotes":""},"categories":[60,454],"tags":[248,242],"class_list":["post-28745","post","type-post","status-publish","format-standard","has-post-thumbnail","hentry","category-blog","category-convenios","tag-internacionalizacion","tag-unifranz"],"acf":[],"_links":{"self":[{"href":"https:\/\/unifranz.edu.bo\/pt\/wp-json\/wp\/v2\/posts\/28745","targetHints":{"allow":["GET"]}}],"collection":[{"href":"https:\/\/unifranz.edu.bo\/pt\/wp-json\/wp\/v2\/posts"}],"about":[{"href":"https:\/\/unifranz.edu.bo\/pt\/wp-json\/wp\/v2\/types\/post"}],"author":[{"embeddable":true,"href":"https:\/\/unifranz.edu.bo\/pt\/wp-json\/wp\/v2\/users\/45"}],"replies":[{"embeddable":true,"href":"https:\/\/unifranz.edu.bo\/pt\/wp-json\/wp\/v2\/comments?post=28745"}],"version-history":[{"count":1,"href":"https:\/\/unifranz.edu.bo\/pt\/wp-json\/wp\/v2\/posts\/28745\/revisions"}],"predecessor-version":[{"id":28749,"href":"https:\/\/unifranz.edu.bo\/pt\/wp-json\/wp\/v2\/posts\/28745\/revisions\/28749"}],"wp:featuredmedia":[{"embeddable":true,"href":"https:\/\/unifranz.edu.bo\/pt\/wp-json\/wp\/v2\/media\/28748"}],"wp:attachment":[{"href":"https:\/\/unifranz.edu.bo\/pt\/wp-json\/wp\/v2\/media?parent=28745"}],"wp:term":[{"taxonomy":"category","embeddable":true,"href":"https:\/\/unifranz.edu.bo\/pt\/wp-json\/wp\/v2\/categories?post=28745"},{"taxonomy":"post_tag","embeddable":true,"href":"https:\/\/unifranz.edu.bo\/pt\/wp-json\/wp\/v2\/tags?post=28745"}],"curies":[{"name":"wp","href":"https:\/\/api.w.org\/{rel}","templated":true}]}}