{"id":28641,"date":"2019-07-02T11:52:59","date_gmt":"2019-07-02T15:52:59","guid":{"rendered":"https:\/\/unifranz.edu.bo\/?p=28641"},"modified":"2019-07-02T11:52:59","modified_gmt":"2019-07-02T15:52:59","slug":"el-mundo-demanda-una-nueva-forma-de-aprendizaje","status":"publish","type":"post","link":"https:\/\/unifranz.edu.bo\/pt\/blog\/el-mundo-demanda-una-nueva-forma-de-aprendizaje\/","title":{"rendered":"EL MUNDO DEMANDA UNA NUEVA FORMA DE APRENDIZAJE"},"content":{"rendered":"<p>UNIFRANZ, acaba de cumplir 26 a\u00f1os como referente educativo, l\u00edder en el contexto boliviano. Los estudiantes UNIFRANZ reciben una formaci\u00f3n integral centrada en el <strong>Modelo por Competencias<\/strong>, a partir del cual se fortalecen el saber conocer, el saber hacer y el saber ser, ejes primordiales sobre los que se fundamenta el aprendizaje cognitivo, pr\u00e1ctico y actitudinal.<\/p>\n<p>El generar espacios de reflexi\u00f3n y co-creaci\u00f3n en la educaci\u00f3n, es una labor imperiosa de todos los actores involucrados en la formaci\u00f3n de los ciudadanos del futuro, m\u00e1s a\u00fan cuando se habla de formaci\u00f3n universitaria, no obstante, este trabajo debe estar acompa\u00f1ado de una praxis ligada estrechamente al \u00e1mbito laboral en el cual se van a desempe\u00f1ar esos futuros profesionales. Es por ello que los estudiantes UNIFRANZ se desarrollan en espacios que garantizan pr\u00e1ctica para que tengan \u00e9xito en su desempe\u00f1o laboral.<\/p>\n<p>Con presencia en Cochabamba, La Paz, Santa Cruz y El Alto, UNIFRANZ se ha caracterizado por su constante innovaci\u00f3n a todo nivel, acorde a los procesos globales y a los diversos contextos sociales, entendiendo que es a partir de una formaci\u00f3n acad\u00e9mica basada en ense\u00f1anza disruptiva, que se puede contribuir efectivamente al desarrollo de nuestro pa\u00eds. Las competencias requeridas por los futuros profesionales formados en la UNIFRANZ se fortalecen gracias al arduo trabajo desarrollado por expertos nacionales e internacionales que desempe\u00f1an la docencia.<\/p>\n<p><strong>Projetos Integradores<\/strong><\/p>\n<p>Los estudiantes plasman el conocimiento y desarrollan sus competencias a trav\u00e9s de los <strong><em>Projetos Integradores<\/em><\/strong>, cuyo prop\u00f3sito es precisamente, colocarlos en contextos propios de su ejercicio profesional futuro, en ambientes controlados especialmente dise\u00f1ados y bajo la gu\u00eda permanente de profesionales experimentados en cada una de las \u00e1reas que son cubiertas y en los que adicionalmente desarrollan habilidades blandas que garantizar\u00e1n su \u00e9xito profesional.<\/p>\n<p>Los proyectos integradores entonces, se desarrollan en nuevos ambientes tecnol\u00f3gicos dise\u00f1ados exclusivamente para esta finalidad, tales como laboratorios de Simulaci\u00f3n con Software LABSAG para todas las carreras de la Facultad de Econ\u00f3micas y Empresariales, Simuladores Integrales para el \u00e1rea de salud y prototipado, entre otros.<\/p>\n<p><strong>Modelo por Competencias<\/strong><\/p>\n<p>La totalidad del plantel docente UNIFRANZ es capacitado por un equipo de expertos de forma permanente, para garantizar que el proceso de ense\u00f1anza-aprendizaje basado en el Modelo por Competencias, sea implementado adecuadamente a trav\u00e9s de metodolog\u00edas activas que faciliten el desarrollo de las competencias requeridas por los futuros profesionales, asociado todo ello a un proceso de evaluaci\u00f3n no tradicional en el que los que se puede medir su nivel de desarrollo.<\/p>\n<p><strong>Menciones que marcan la diferencia<\/strong><\/p>\n<p>Las menciones abren nuevas oportunidades y generan mayor valor en el mercado laboral, diferenciaci\u00f3n y un sinf\u00edn de competencias que impactan en el futuro profesional.<\/p>\n<p><strong>Internacional\u00edzate <\/strong><\/p>\n<p>Durante el transcurso de estos \u00faltimos a\u00f1os, UNIFRANZ consolid\u00f3 de manera exitosa el programa Internacional\u00edzate, el cual da la posibilidad a los estudiantes de las diferentes sedes de optar por el intercambio en universidades del exterior, lo que ha puesto a Bolivia en general y a UNIFRANZ en particular, en el mapa educativo internacional.<\/p>\n<p><strong>Sistema de calidad ISO<\/strong><\/p>\n<p>Desde 2014, UNIFRANZ cuenta con la certificaci\u00f3n ISO 9001:2008, de la T\u00dcV Rheinland (Alemania) en procesos administrativos y acad\u00e9micos, asegurando la calidad en todos sus servicios.<\/p>\n<p><img loading=\"lazy\" decoding=\"async\" class=\"alignnone  wp-image-28643\" src=\"https:\/\/unifranz.edu.bo\/wp-content\/uploads\/2019\/07\/IMG_5424-300x216.jpg\" alt=\"\" width=\"428\" height=\"308\" srcset=\"https:\/\/unifranz.edu.bo\/wp-content\/uploads\/2019\/07\/IMG_5424-300x216.jpg 300w, https:\/\/unifranz.edu.bo\/wp-content\/uploads\/2019\/07\/IMG_5424-1024x737.jpg 1024w, https:\/\/unifranz.edu.bo\/wp-content\/uploads\/2019\/07\/IMG_5424-768x553.jpg 768w, https:\/\/unifranz.edu.bo\/wp-content\/uploads\/2019\/07\/IMG_5424-1536x1105.jpg 1536w, https:\/\/unifranz.edu.bo\/wp-content\/uploads\/2019\/07\/IMG_5424-2048x1474.jpg 2048w, https:\/\/unifranz.edu.bo\/wp-content\/uploads\/2019\/07\/IMG_5424-18x12.jpg 18w\" sizes=\"auto, (max-width: 428px) 100vw, 428px\" \/><\/p>\n<p><img loading=\"lazy\" decoding=\"async\" class=\"alignnone  wp-image-28644\" src=\"https:\/\/unifranz.edu.bo\/wp-content\/uploads\/2019\/07\/IMG_5477-300x200.jpg\" alt=\"\" width=\"429\" height=\"286\" srcset=\"https:\/\/unifranz.edu.bo\/wp-content\/uploads\/2019\/07\/IMG_5477-300x200.jpg 300w, https:\/\/unifranz.edu.bo\/wp-content\/uploads\/2019\/07\/IMG_5477-1024x683.jpg 1024w, https:\/\/unifranz.edu.bo\/wp-content\/uploads\/2019\/07\/IMG_5477-768x512.jpg 768w, https:\/\/unifranz.edu.bo\/wp-content\/uploads\/2019\/07\/IMG_5477-1536x1024.jpg 1536w, https:\/\/unifranz.edu.bo\/wp-content\/uploads\/2019\/07\/IMG_5477-2048x1365.jpg 2048w, https:\/\/unifranz.edu.bo\/wp-content\/uploads\/2019\/07\/IMG_5477-18x12.jpg 18w\" sizes=\"auto, (max-width: 429px) 100vw, 429px\" \/><\/p>\n<p>&nbsp;<\/p>\n<p><strong>\u00a0<\/strong><\/p>","protected":false},"excerpt":{"rendered":"<p>UNIFRANZ, acaba de cumplir 26 a\u00f1os como referente educativo, l\u00edder en el contexto boliviano. Los estudiantes UNIFRANZ reciben una formaci\u00f3n integral centrada en el Modelo por Competencias, a partir del cual se fortalecen el saber conocer, el saber hacer y el saber ser, ejes primordiales sobre los que se fundamenta el aprendizaje cognitivo, pr\u00e1ctico y &hellip; <a href=\"https:\/\/unifranz.edu.bo\/pt\/blog\/el-mundo-demanda-una-nueva-forma-de-aprendizaje\/\">Continued<\/a><\/p>","protected":false},"author":45,"featured_media":28642,"comment_status":"open","ping_status":"open","sticky":false,"template":"","format":"standard","meta":{"_acf_changed":false,"footnotes":""},"categories":[60],"tags":[],"class_list":["post-28641","post","type-post","status-publish","format-standard","has-post-thumbnail","hentry","category-blog"],"acf":[],"_links":{"self":[{"href":"https:\/\/unifranz.edu.bo\/pt\/wp-json\/wp\/v2\/posts\/28641","targetHints":{"allow":["GET"]}}],"collection":[{"href":"https:\/\/unifranz.edu.bo\/pt\/wp-json\/wp\/v2\/posts"}],"about":[{"href":"https:\/\/unifranz.edu.bo\/pt\/wp-json\/wp\/v2\/types\/post"}],"author":[{"embeddable":true,"href":"https:\/\/unifranz.edu.bo\/pt\/wp-json\/wp\/v2\/users\/45"}],"replies":[{"embeddable":true,"href":"https:\/\/unifranz.edu.bo\/pt\/wp-json\/wp\/v2\/comments?post=28641"}],"version-history":[{"count":2,"href":"https:\/\/unifranz.edu.bo\/pt\/wp-json\/wp\/v2\/posts\/28641\/revisions"}],"predecessor-version":[{"id":28646,"href":"https:\/\/unifranz.edu.bo\/pt\/wp-json\/wp\/v2\/posts\/28641\/revisions\/28646"}],"wp:featuredmedia":[{"embeddable":true,"href":"https:\/\/unifranz.edu.bo\/pt\/wp-json\/wp\/v2\/media\/28642"}],"wp:attachment":[{"href":"https:\/\/unifranz.edu.bo\/pt\/wp-json\/wp\/v2\/media?parent=28641"}],"wp:term":[{"taxonomy":"category","embeddable":true,"href":"https:\/\/unifranz.edu.bo\/pt\/wp-json\/wp\/v2\/categories?post=28641"},{"taxonomy":"post_tag","embeddable":true,"href":"https:\/\/unifranz.edu.bo\/pt\/wp-json\/wp\/v2\/tags?post=28641"}],"curies":[{"name":"wp","href":"https:\/\/api.w.org\/{rel}","templated":true}]}}