{"id":284403,"date":"2024-05-27T10:25:50","date_gmt":"2024-05-27T14:25:50","guid":{"rendered":"https:\/\/unifranz.edu.bo\/?p=284403"},"modified":"2024-05-27T10:26:14","modified_gmt":"2024-05-27T14:26:14","slug":"conoce-a-maria-luisa-la-joven-que-equilibra-el-rol-de-madre-con-la-excelencia-academica-en-unifranz","status":"publish","type":"post","link":"https:\/\/unifranz.edu.bo\/pt\/blog\/conoce-a-maria-luisa-la-joven-que-equilibra-el-rol-de-madre-con-la-excelencia-academica-en-unifranz\/","title":{"rendered":"Conoce a Mar\u00eda Luisa, la joven que equilibra el rol de madre con la excelencia acad\u00e9mica en Unifranz"},"content":{"rendered":"<p><span style=\"color: #000000;\">Mar\u00eda Luisa Torrez es mam\u00e1 de Luciana, una peque\u00f1a ni\u00f1a sonriente que se convirti\u00f3 en la luz de sus ojos desde el primer momento en el que la tuvo entre sus brazos. La joven es estudiante de Enfermer\u00eda en la Universidad Franz Tamayo, Unifranz, y alcanz\u00f3 la nota m\u00e1xima desde que inici\u00f3 sus estudios universitarios; asegura que quiere ser un ejemplo de superaci\u00f3n y resiliencia para su hija.<\/span><\/p>\n<p><span style=\"color: #000000;\">\u201cLuciana lleg\u00f3 a mi vida en un momento inesperado. La noticia de ser madre me gener\u00f3 muchas emociones, un poco de miedo, pero, sobre todo, mucho amor. No es f\u00e1cil ser mam\u00e1 y estudiar en la universidad al mismo tiempo, pero mi peque\u00f1a me inspira a esforzarme cada d\u00eda m\u00e1s\u201d, expres\u00f3 la joven mam\u00e1.<\/span><\/p>\n<p><span style=\"color: #000000;\">Entre clases, pr\u00e1cticas y turnos en los hospitales, Mar\u00eda se da modo para brindarle a su peque\u00f1a todo lo que necesita. Ahora Luciana tiene cinco a\u00f1os y va al k\u00ednder, asegura que su mam\u00e1 es su superhero\u00edna, porque est\u00e1 para ella en todo momento.<\/span><\/p>\n<p><span style=\"color: #000000;\">\u201cMi mam\u00e1 es mi superh\u00e9roe, ella me cuida y me llena de amor. Cuando sea grande quiero ser como ella, porque es fuerte, inteligente y muy bonita. Ella me cuida mucho, me hace re\u00edr y da los mejores abrazos del mundo\u201d, indic\u00f3 la peque\u00f1a.<\/span><\/p>\n<p><span style=\"color: #000000;\">Fueron dos los momentos que inspiraron a Mar\u00eda para que estudie la licenciatura en Enfermer\u00eda: el primero ocurri\u00f3 en plena pandemia del Covid-19, cuando su padre enferm\u00f3 de gravedad y sinti\u00f3 mucha impotencia de no saber c\u00f3mo ayudarlo. El segundo sucedi\u00f3 cuando Luciana naci\u00f3, momento en que la ces\u00e1rea se complic\u00f3 y fue hasta despu\u00e9s de tres horas que pudo tenerla en su pecho.<\/span><\/p>\n<p><span style=\"color: #000000;\">\u201cVer c\u00f3mo mi pap\u00e1 estaba cada vez m\u00e1s delicado por el Covid-19 y no tener cerca a mi hija cuando naci\u00f3 fueron las situaciones que me impulsaron a ser una profesional de la salud. No quiero que vuelva a ocurrir una situaci\u00f3n similar, pero, si llega a suceder, quiero estar capacitada de la mejor manera para ayudar a quienes m\u00e1s lo necesiten\u201d, manifest\u00f3 Mar\u00eda Luisa.<\/span><\/p>\n<p><img loading=\"lazy\" decoding=\"async\" class=\"alignnone wp-image-284405 size-large\" src=\"https:\/\/unifranz.edu.bo\/wp-content\/uploads\/2024\/05\/WhatsApp-Image-2024-05-27-at-10.16.40-1024x768.jpeg\" alt=\"\" width=\"1024\" height=\"768\" \/><\/p>\n<p><span style=\"color: #000000;\"><strong>El secreto de la excelencia<\/strong><\/span><\/p>\n<p><span style=\"color: #000000;\">La futura licenciada en Enfermer\u00eda sab\u00eda que el reto de iniciar sus estudios superiores y ser mam\u00e1 no iba a ser f\u00e1cil. Ahora cursa el quinto semestre y asegura que, la planificaci\u00f3n y el trabajo en equipo le permitieron alcanzar sus objetivos.<\/span><\/p>\n<p><span style=\"color: #000000;\">\u201cYo anoto todo en mi agenda, hago esto desde el primer semestre, no hay algo que haga y no est\u00e9 planificado. Ser muy exigente conmigo misma y el apoyo incondicional de mi esposo y mi familia han hecho que logre llegar hasta donde estoy hoy. Claro, no ha sido un camino f\u00e1cil, pero quiero seguir esforz\u00e1ndome para que mi hija vea que cuando uno es disciplinado y decidido, puede cumplir todas sus metas\u201d, se\u00f1al\u00f3 la destacada estudiante.<\/span><\/p>\n<p><span style=\"color: #000000;\">Entre Mar\u00eda Luisa y su esposo se turnan para recoger a Luciana del k\u00ednder. Lo mismo ocurre al momento de apoyar a la peque\u00f1a para que haga sus tareas y manualidades. Sin embargo, logran coincidir en tiempos y pasar momentos juntos los tres.<\/span><\/p>\n<p><span style=\"color: #000000;\">\u201cMe organizo para hacer mis proyectos, para asistir a mis pr\u00e1cticas y para guiar a mi ni\u00f1a en sus trabajos del k\u00ednder. Con mi esposo hacemos buen equipo, ambos nos apoyamos y nos esforzamos para darle lo mejor a Luciana, ella lo es todo para nosotros\u201d, se\u00f1al\u00f3.<\/span><\/p>\n<p><img loading=\"lazy\" decoding=\"async\" class=\"alignnone wp-image-284410 size-large\" src=\"https:\/\/unifranz.edu.bo\/wp-content\/uploads\/2024\/05\/WhatsApp-Image-2024-05-27-at-10.23.45-1024x1024.jpeg\" alt=\"\" width=\"1024\" height=\"1024\" srcset=\"https:\/\/unifranz.edu.bo\/wp-content\/uploads\/2024\/05\/WhatsApp-Image-2024-05-27-at-10.23.45-1024x1024.jpeg 1024w, https:\/\/unifranz.edu.bo\/wp-content\/uploads\/2024\/05\/WhatsApp-Image-2024-05-27-at-10.23.45-300x300.jpeg 300w, https:\/\/unifranz.edu.bo\/wp-content\/uploads\/2024\/05\/WhatsApp-Image-2024-05-27-at-10.23.45-768x768.jpeg 768w, https:\/\/unifranz.edu.bo\/wp-content\/uploads\/2024\/05\/WhatsApp-Image-2024-05-27-at-10.23.45-12x12.jpeg 12w, https:\/\/unifranz.edu.bo\/wp-content\/uploads\/2024\/05\/WhatsApp-Image-2024-05-27-at-10.23.45.jpeg 1080w\" sizes=\"auto, (max-width: 1024px) 100vw, 1024px\" \/><\/p>","protected":false},"excerpt":{"rendered":"<p>Mar\u00eda Luisa Torrez es mam\u00e1 de Luciana, una peque\u00f1a ni\u00f1a sonriente que se convirti\u00f3 en la luz de sus ojos desde el primer momento en el que la tuvo entre sus brazos. La joven es estudiante de Enfermer\u00eda en la Universidad Franz Tamayo, Unifranz, y alcanz\u00f3 la nota m\u00e1xima desde que inici\u00f3 sus estudios universitarios; &hellip; <a href=\"https:\/\/unifranz.edu.bo\/pt\/blog\/conoce-a-maria-luisa-la-joven-que-equilibra-el-rol-de-madre-con-la-excelencia-academica-en-unifranz\/\">Continued<\/a><\/p>","protected":false},"author":33,"featured_media":284404,"comment_status":"open","ping_status":"open","sticky":false,"template":"","format":"standard","meta":{"_acf_changed":false,"footnotes":""},"categories":[60,4148,1878],"tags":[8656,603,342,8670,8674,1650,8138,8672],"class_list":["post-284403","post","type-post","status-publish","format-standard","has-post-thumbnail","hentry","category-blog","category-enfermeria","category-salud","tag-dia-de-la-madre","tag-enfermeria","tag-excelencia-academica","tag-historias-de-vida","tag-mama","tag-mejores-universidades-de-bolivia","tag-mujeres-que-inspiran","tag-storyteling"],"acf":[],"_links":{"self":[{"href":"https:\/\/unifranz.edu.bo\/pt\/wp-json\/wp\/v2\/posts\/284403","targetHints":{"allow":["GET"]}}],"collection":[{"href":"https:\/\/unifranz.edu.bo\/pt\/wp-json\/wp\/v2\/posts"}],"about":[{"href":"https:\/\/unifranz.edu.bo\/pt\/wp-json\/wp\/v2\/types\/post"}],"author":[{"embeddable":true,"href":"https:\/\/unifranz.edu.bo\/pt\/wp-json\/wp\/v2\/users\/33"}],"replies":[{"embeddable":true,"href":"https:\/\/unifranz.edu.bo\/pt\/wp-json\/wp\/v2\/comments?post=284403"}],"version-history":[{"count":2,"href":"https:\/\/unifranz.edu.bo\/pt\/wp-json\/wp\/v2\/posts\/284403\/revisions"}],"predecessor-version":[{"id":284412,"href":"https:\/\/unifranz.edu.bo\/pt\/wp-json\/wp\/v2\/posts\/284403\/revisions\/284412"}],"wp:featuredmedia":[{"embeddable":true,"href":"https:\/\/unifranz.edu.bo\/pt\/wp-json\/wp\/v2\/media\/284404"}],"wp:attachment":[{"href":"https:\/\/unifranz.edu.bo\/pt\/wp-json\/wp\/v2\/media?parent=284403"}],"wp:term":[{"taxonomy":"category","embeddable":true,"href":"https:\/\/unifranz.edu.bo\/pt\/wp-json\/wp\/v2\/categories?post=284403"},{"taxonomy":"post_tag","embeddable":true,"href":"https:\/\/unifranz.edu.bo\/pt\/wp-json\/wp\/v2\/tags?post=284403"}],"curies":[{"name":"wp","href":"https:\/\/api.w.org\/{rel}","templated":true}]}}