{"id":28384,"date":"2019-06-07T16:43:52","date_gmt":"2019-06-07T20:43:52","guid":{"rendered":"https:\/\/unifranz.edu.bo\/?p=28384"},"modified":"2019-06-07T16:43:52","modified_gmt":"2019-06-07T20:43:52","slug":"innovacion-a-traves-de-clases-espejo","status":"publish","type":"post","link":"https:\/\/unifranz.edu.bo\/pt\/la-paz\/innovacion-a-traves-de-clases-espejo\/","title":{"rendered":"INNOVACI\u00d3N A TRAV\u00c9S DE CLASES ESPEJO"},"content":{"rendered":"<p><strong>La Paz. Junio.<\/strong> UNIFRANZ innova a trav\u00e9s de sus procesos de ense\u00f1anza-aprendizaje con la implementaci\u00f3n de Clases Espejo que permiten reforzar su pol\u00edtica de internacionalizaci\u00f3n. Los directores de las carreras de Periodismo, Dise\u00f1o Gr\u00e1fico y Producci\u00f3n Crossmedia, Contadur\u00eda P\u00fablica, Ingenier\u00eda de Sistemas, Ingenier\u00eda Econ\u00f3mica y Bioqu\u00edmica y Farmacia de UNIFRANZ La Paz, organizaron de manera separada estas Clases Espejo con la Universidad de Investigaci\u00f3n y Desarrollo (UDI), con la Universidad de Boyac\u00e1 y con la empresa BlockInStrat, todas de Colombia, esta din\u00e1mica de aprendizaje que coadyuv\u00f3 a los estudiantes a reforzar sus conocimientos en cada \u00e1rea al participar de clases impartidas desde estas instituciones con tem\u00e1ticas de actualidad.<\/p>\n<p>La Directora de la carrera de Periodismo, Jannette Jacobs, manifest\u00f3 su agrado con la Clase Espejo, en la que se trat\u00f3 el tema <strong><em>\u201cTransmedia: Inteligencia Artificial en el Periodismo\u201d<\/em><\/strong>. A trav\u00e9s de la actividad los estudiantes conocieron m\u00e1s sobre las nuevas tecnolog\u00edas de informaci\u00f3n utilizadas en la labor period\u00edstica actual, que va de la mano con la conectividad instant\u00e1nea.<\/p>\n<p>\u201cActualmente es necesario generar informaci\u00f3n acorde a distintas plataformas en las que la imagen, el texto y el sonido juegan un rol importante, es a partir de estos elementos que se compone el relato\u201d, aclar\u00f3 Pablo Jim\u00e9nez, Director del Programa de Comunicaci\u00f3n Social de la UDI.<\/p>\n<p>Por su parte, la Directora de la carrera de Dise\u00f1o Gr\u00e1fico y Producci\u00f3n Crossmedia, Iyorbanka Cuiza, dio la oportunidad a sus estudiantes de profundizar conocimientos respecto a \u201cSemiotica de lo gr\u00e1fico\u201d, tema expuesto por Marelvis Vel\u00e1squez, Maestra en Artes Visuales, tambi\u00e9n de la UDI. A su vez, desde Bolivia, Diego Espinato, docente de la carrera, dio una clase a estudiantes de Colombia referida al tema de Branding. \u201cComo dise\u00f1adores debemos realizar prototipos de dise\u00f1o que coadyuven a generar soluciones, por ello es importante que nos concentremos en el tema de la investigaci\u00f3n\u201d, apunt\u00f3.<\/p>\n<p>De la misma manera, estudiantes de la Facultad de Ciencias Econ\u00f3micas y Empresariales y de la carrera de Ingenier\u00eda de Sistemas fueron parte de una clase a trav\u00e9s de la que aprendieron respecto a \u201cTecnolog\u00eda Blockchain en Organizaciones\u201d, tema impartido por Armando Vargas y Oscar Larrain, ambos de la empresa BlockInStrat, que, en coordinaci\u00f3n con el Director de la carrera de Contadur\u00eda P\u00fablica, Diego Lizarazu; el Director de la carrera de Ingenier\u00eda de Sistemas, Juan Carlos Cuellar y la Directora de la carrera de Ingenier\u00eda Econ\u00f3mica, Jenny Andia, impartieron a los estudiantes una charla magistral en la que resaltaron la importancia de una nueva forma de intercambio de valor, donde el blockchain es un constante y creciente libro de cuentas en una red peer-to-peer, que funciona como una base de datos descentralizada que de forma permanente mantiene los registros de todas las transacciones realizadas.<\/p>\n<p>Finalmente, la Directora de la carrera de Bioqu\u00edmica y Farmacia, Evelyn Lunario, permiti\u00f3 que sus estudiantes profundizaran conocimiento sobre <strong>tratamientos y pr\u00e1cticas enfocadas en una enfermedad como la leucemia<\/strong> mediante una exposici\u00f3n impartida por Shirley Cruz, de la Universidad de Boyac\u00e1. \u201cExisten dos tipos de leucemia: aguda y cr\u00f3nica, en funci\u00f3n a la clase de leucemia tambi\u00e9n podemos detectar qu\u00e9 tratamiento es el m\u00e1s adecuado para el paciente, para ello debemos conocer caracter\u00edsticas de la persona antes de recetar alg\u00fan medicamento. (\u2026) Es importante aclarar que esta enfermedad, incluso, puede presentarse a causa de factores ambientales\u201d, manifest\u00f3 la expositora.<\/p>\n<p>De esta forma, UNIFRANZ impulsa el conocimiento global a partir de la integraci\u00f3n de saberes y del uso de herramientas tecnol\u00f3gicas que permiten una interacci\u00f3n con expertos a nivel mundial, lo que facilita la evoluci\u00f3n del aprendizaje te\u00f3rico y pr\u00e1ctico.<\/p>\n<p><strong>Sobre UNIFRANZ<\/strong><\/p>\n<p>La Universidad Privada Franz Tamayo \u2013 UNIFRANZ cumpli\u00f3 26 a\u00f1os de trayectoria en educaci\u00f3n superior y mantiene el compromiso de acompa\u00f1ar la evoluci\u00f3n de la sociedad en este mundo globalizado. Su actual modelo pedag\u00f3gico tiene un enfoque por competencias que se apoya en tres pilares: el saber, el saber hacer y el saber ser, a fin de formar profesionales con talento de clase mundial. UNIFRANZ considera vital la internacionalizaci\u00f3n en su visi\u00f3n de una universidad disruptiva y transformadora que apunta a cambiar el modelo educativo en Bolivia. Cuenta con una infraestructura de m\u00e1s 65.000 metros cuadrados construidos en La Paz, El Alto, Cochabamba y Santa Cruz y obtuvo la certificaci\u00f3n de calidad ISO 9001: 2015.<\/p>\n<p><img loading=\"lazy\" decoding=\"async\" class=\"alignleft size-medium wp-image-28385\" src=\"https:\/\/unifranz.edu.bo\/wp-content\/uploads\/2019\/06\/1-1-300x225.jpg\" alt=\"\" width=\"300\" height=\"225\" srcset=\"https:\/\/unifranz.edu.bo\/wp-content\/uploads\/2019\/06\/1-1-300x225.jpg 300w, https:\/\/unifranz.edu.bo\/wp-content\/uploads\/2019\/06\/1-1-1024x768.jpg 1024w, https:\/\/unifranz.edu.bo\/wp-content\/uploads\/2019\/06\/1-1-768x576.jpg 768w, https:\/\/unifranz.edu.bo\/wp-content\/uploads\/2019\/06\/1-1-1536x1152.jpg 1536w, https:\/\/unifranz.edu.bo\/wp-content\/uploads\/2019\/06\/1-1-2048x1536.jpg 2048w, https:\/\/unifranz.edu.bo\/wp-content\/uploads\/2019\/06\/1-1-16x12.jpg 16w\" sizes=\"auto, (max-width: 300px) 100vw, 300px\" \/>\u00a0<img loading=\"lazy\" decoding=\"async\" class=\"alignleft size-medium wp-image-28386\" src=\"https:\/\/unifranz.edu.bo\/wp-content\/uploads\/2019\/06\/2-1-300x200.jpg\" alt=\"\" width=\"300\" height=\"200\" srcset=\"https:\/\/unifranz.edu.bo\/wp-content\/uploads\/2019\/06\/2-1-300x200.jpg 300w, https:\/\/unifranz.edu.bo\/wp-content\/uploads\/2019\/06\/2-1-1024x683.jpg 1024w, https:\/\/unifranz.edu.bo\/wp-content\/uploads\/2019\/06\/2-1-768x512.jpg 768w, https:\/\/unifranz.edu.bo\/wp-content\/uploads\/2019\/06\/2-1-1536x1024.jpg 1536w, https:\/\/unifranz.edu.bo\/wp-content\/uploads\/2019\/06\/2-1-2048x1365.jpg 2048w, https:\/\/unifranz.edu.bo\/wp-content\/uploads\/2019\/06\/2-1-18x12.jpg 18w\" sizes=\"auto, (max-width: 300px) 100vw, 300px\" \/><\/p>\n<p>&nbsp;<\/p>\n<p>&nbsp;<\/p>\n<p>&nbsp;<\/p>\n<p>&nbsp;<\/p>\n<p>&nbsp;<\/p>\n<p><img loading=\"lazy\" decoding=\"async\" class=\"alignleft size-medium wp-image-28387\" src=\"https:\/\/unifranz.edu.bo\/wp-content\/uploads\/2019\/06\/3-1-300x225.jpg\" alt=\"\" width=\"300\" height=\"225\" srcset=\"https:\/\/unifranz.edu.bo\/wp-content\/uploads\/2019\/06\/3-1-300x225.jpg 300w, https:\/\/unifranz.edu.bo\/wp-content\/uploads\/2019\/06\/3-1-1024x768.jpg 1024w, https:\/\/unifranz.edu.bo\/wp-content\/uploads\/2019\/06\/3-1-768x576.jpg 768w, https:\/\/unifranz.edu.bo\/wp-content\/uploads\/2019\/06\/3-1-1536x1152.jpg 1536w, https:\/\/unifranz.edu.bo\/wp-content\/uploads\/2019\/06\/3-1-2048x1536.jpg 2048w, https:\/\/unifranz.edu.bo\/wp-content\/uploads\/2019\/06\/3-1-16x12.jpg 16w\" sizes=\"auto, (max-width: 300px) 100vw, 300px\" \/><\/p>","protected":false},"excerpt":{"rendered":"<p>La Paz. Junio. UNIFRANZ innova a trav\u00e9s de sus procesos de ense\u00f1anza-aprendizaje con la implementaci\u00f3n de Clases Espejo que permiten reforzar su pol\u00edtica de internacionalizaci\u00f3n. Los directores de las carreras de Periodismo, Dise\u00f1o Gr\u00e1fico y Producci\u00f3n Crossmedia, Contadur\u00eda P\u00fablica, Ingenier\u00eda de Sistemas, Ingenier\u00eda Econ\u00f3mica y Bioqu\u00edmica y Farmacia de UNIFRANZ La Paz, organizaron de manera &hellip; <a href=\"https:\/\/unifranz.edu.bo\/pt\/la-paz\/innovacion-a-traves-de-clases-espejo\/\">Continued<\/a><\/p>","protected":false},"author":45,"featured_media":28389,"comment_status":"open","ping_status":"open","sticky":false,"template":"","format":"standard","meta":{"_acf_changed":false,"footnotes":""},"categories":[60,27],"tags":[888,655,1042,448,1024,41,278,242],"class_list":["post-28384","post","type-post","status-publish","format-standard","has-post-thumbnail","hentry","category-blog","category-la-paz","tag-bioquimica-y-farmacia-es","tag-contaduria-publica","tag-diseno-grafico-y-produccion-crossmedia","tag-ingenieria-de-sistemas","tag-ingenieria-economica-es","tag-la-paz","tag-periodismo","tag-unifranz"],"acf":[],"_links":{"self":[{"href":"https:\/\/unifranz.edu.bo\/pt\/wp-json\/wp\/v2\/posts\/28384","targetHints":{"allow":["GET"]}}],"collection":[{"href":"https:\/\/unifranz.edu.bo\/pt\/wp-json\/wp\/v2\/posts"}],"about":[{"href":"https:\/\/unifranz.edu.bo\/pt\/wp-json\/wp\/v2\/types\/post"}],"author":[{"embeddable":true,"href":"https:\/\/unifranz.edu.bo\/pt\/wp-json\/wp\/v2\/users\/45"}],"replies":[{"embeddable":true,"href":"https:\/\/unifranz.edu.bo\/pt\/wp-json\/wp\/v2\/comments?post=28384"}],"version-history":[{"count":1,"href":"https:\/\/unifranz.edu.bo\/pt\/wp-json\/wp\/v2\/posts\/28384\/revisions"}],"predecessor-version":[{"id":28388,"href":"https:\/\/unifranz.edu.bo\/pt\/wp-json\/wp\/v2\/posts\/28384\/revisions\/28388"}],"wp:featuredmedia":[{"embeddable":true,"href":"https:\/\/unifranz.edu.bo\/pt\/wp-json\/wp\/v2\/media\/28389"}],"wp:attachment":[{"href":"https:\/\/unifranz.edu.bo\/pt\/wp-json\/wp\/v2\/media?parent=28384"}],"wp:term":[{"taxonomy":"category","embeddable":true,"href":"https:\/\/unifranz.edu.bo\/pt\/wp-json\/wp\/v2\/categories?post=28384"},{"taxonomy":"post_tag","embeddable":true,"href":"https:\/\/unifranz.edu.bo\/pt\/wp-json\/wp\/v2\/tags?post=28384"}],"curies":[{"name":"wp","href":"https:\/\/api.w.org\/{rel}","templated":true}]}}