{"id":28325,"date":"2019-06-05T09:52:32","date_gmt":"2019-06-05T13:52:32","guid":{"rendered":"https:\/\/unifranz.edu.bo\/?p=28325"},"modified":"2019-06-05T09:52:32","modified_gmt":"2019-06-05T13:52:32","slug":"unifranz-acreditada-ao-mercosul","status":"publish","type":"post","link":"https:\/\/unifranz.edu.bo\/pt\/noticias\/unifranz-acreditada-ao-mercosul\/","title":{"rendered":"UNIFRANZ ACREDITADA AO MERCOSUL"},"content":{"rendered":"<p><strong>Bol\u00edvia. Junho.<\/strong> Traz um longo processo de prepara\u00e7\u00e3o, analise e melhoria continua,<br \/>\nUNIFRANZ conseguiu a acredita\u00e7\u00e3o das Faculdades de Odontologia e Medicina a n\u00edvel nacional<br \/>\npara benef\u00edcio e mobilidade internacional dos seus estudantes.<br \/>\nO sono da acredita\u00e7\u00e3o come\u00e7ou em julho de 2017 com a postula\u00e7\u00e3o oficial das Faculdades de<br \/>\nOdontologia e Medicina a n\u00edvel nacional, por\u00e9m ao momento de involucrar-se, UNIFRANZ j\u00e1<br \/>\ntinha um caminho tra\u00e7ado e um objetivo muito claro dentro deste longo processo de avalia\u00e7\u00e3o<br \/>\ninternacional.<br \/>\nO processo de Acredita\u00e7\u00e3o come\u00e7ou com um diagn\u00f3stico pr\u00e9vio da auto avalia\u00e7\u00e3o onde<br \/>\nUNIFRANZ deveria identificar todas as debilidades e fortalezas que tinha nesse momento.<br \/>\nDepois do primeiro Rx interno das Faculdades postulantes, Mercosul, da os par\u00e2metros e<br \/>\nexig\u00eancias internacionais para que exista concord\u00e2ncia entre o trabalho do postulante e os<br \/>\nrequerimentos do ente acreditador.<br \/>\nPar\u00e2metros Mercosul<br \/>\nMercosul estabelece os seguintes par\u00e2metros e indicadores para a acredita\u00e7\u00e3o das Faculdades:<br \/>\n1 Contexto Institucional: Normativas, regulamentos, estatutos, data de funda\u00e7\u00e3o das<br \/>\nfaculdades, resolu\u00e7\u00f5es ministeriais, etc.<br \/>\n2 Projeto Acad\u00eamico: Dimens\u00e3o que inclui os planos de estudo, perfil do graduado e modelo<br \/>\nde aprendizagem.<br \/>\n3 Comunidade ou Popula\u00e7\u00e3o Universit\u00e1ria: Nesta dimens\u00e3o se avalia a todos os que formam<br \/>\nparte da comunidade universit\u00e1ria (Estudantes, docentes, colaboradores, pessoal<br \/>\nadministrativo e inclusive aos graduados das Faculdades de Odontologia e Medicina).<br \/>\n4 Infraestrutura: Laborat\u00f3rios, bibliotecas, equipamento m\u00e9dico, salas de aula, design e<br \/>\nmateriais dos espa\u00e7os destinados a aprendizagem. Inclusive se avalia o ingresso e sa\u00eddas de<br \/>\nemerg\u00eancia das instala\u00e7\u00f5es.<br \/>\nCom base nestas dimens\u00f5es, Mercosul apresentou \u00e0 UNIFRANZ os crit\u00e9rios e indicadores que<br \/>\ndeveria cumprir. A Acredita\u00e7\u00e3o Mercosul procura em \u00faltima inst\u00e2ncia padronizar a qualidade<br \/>\nacad\u00eamica das Faculdades a n\u00edvel regional, para que a experi\u00eancia de estudar em uma<br \/>\nuniversidade acreditada, seja igualmente satisfat\u00f3ria.<br \/>\nNas palavras do Diretor da Faculdade de Odontologia de UNIFRANZ El Alto, Dr. \u00c1lvaro Ib\u00e1nez,<br \/>\n\u201co processo \u00e9 de alta complexidade t\u00e9cnica, devido a que se n\u00e3o cumprir com um dos<br \/>\nindicadores ou crit\u00e9rios que os avaliadores Mercosul solicitam, n\u00e3o \u00e9 poss\u00edvel ser acreditada<br \/>\npelo \u00f3rg\u00e3o. O \u00eaxito de UNIFRANZ neste processo foi ter uma moderna infraestrutura em todos<br \/>\nseus ambientes e um novo modelo acad\u00eamico por compet\u00eancias, que se centra na experi\u00eancia<br \/>\npr\u00e1tica do estudante\u201d.<\/p>\n<p>Sem d\u00favida, a avalia\u00e7\u00e3o internacional, precisava que UNIFRANZ estude os indicadores e<br \/>\ncrit\u00e9rios que solicitava Mercosul para poder ser acreditado. \u201cA auto avalia\u00e7\u00e3o foi o ponto de<br \/>\npartida, porque os padr\u00f5es internacionais que n\u00f3s cumprimos, nos motivaram a seguir e, o<\/p>\n<p>que n\u00e3o cumprimos, t\u00ednhamos que aperfei\u00e7oar. As debilidades identificadas foram corregidas<br \/>\nsatisfatoriamente e inclusive ao final do processo se converteram em nossa fortale\u00e7a. Al\u00e9m do<br \/>\nmais, durante a auto avalia\u00e7\u00e3o, se involucrou \u00e0 comunidade universit\u00e1ria na difus\u00e3o e proje\u00e7\u00e3o<br \/>\ninternacional das faculdades acreditadas\u201d, argumentou Gustavo Montano, Vice-reitor Nacional<br \/>\nUNIFRANZ.<br \/>\nO processo de Acredita\u00e7\u00e3o, tamb\u00e9m serviu para gerar os espa\u00e7os adequados de discuss\u00e3o e<br \/>\nconfraterniza\u00e7\u00e3o entre os estudantes, docentes e graduados das Faculdades de Odontologia e<br \/>\nMedicina, nas Sedes de La Paz, Cochabamba, Santa Cruz e El Alto.<br \/>\nUm ponto transcendental dentro do processo foi a analise in situ da Infraestrutura, para o<br \/>\nqual, UNIFRANZ trabalhou a n\u00edvel nacional na remodela\u00e7\u00e3o dos anfiteatros para o estudo de<br \/>\nanatomia e fisiologia humana, renova\u00e7\u00e3o do equipamento m\u00e9dico para os laborat\u00f3rios,<br \/>\nreformula\u00e7\u00e3o do sistema de refrigera\u00e7\u00e3o para a manuten\u00e7\u00e3o das estruturas anat\u00f4micas, entre<br \/>\noutros.<br \/>\nNo caso particular da Faculdade de Odontologia, se trabalhou no design e constru\u00e7\u00e3o de dois<br \/>\nlaborat\u00f3rios por Sede, para 25 estudantes com instrumental para a pr\u00e1tica odontol\u00f3gica e<br \/>\ndesde podem simular o trabalho dos consult\u00f3rios; escultura das pe\u00e7as dent\u00e1rias, restaura\u00e7\u00f5es<br \/>\nde pe\u00e7as dent\u00e1rias, al\u00e9m do fortalecimento das Cl\u00ednicas Odontol\u00f3gicas que possuem tr\u00eas salas<br \/>\nde aten\u00e7\u00e3o para pacientes externos, um laborat\u00f3rio, bisturis el\u00e9tricos, sistema de esteriliza\u00e7\u00e3o<br \/>\ncom autoclave, l\u00e2mpada Cial\u00edtica, centro cir\u00fargico, hemosuctor, etc.<br \/>\nPor \u00faltimo, em entrevista exclusiva com a Reitora UNIFRANZ, Arq. Ver\u00f3nica Agreda de Pazos,<br \/>\nnos faz um resumo do sentir da sua institui\u00e7\u00e3o, \u201cEssa conquista internacional, significa que as<br \/>\nFaculdades de Odontologia e Medicina UNIFRANZ acreditadas pelo Sistema Mercosul,<br \/>\ncumprem com os mesmos padr\u00f5es de qualidade que outras universidades l\u00edderes na regi\u00e3o<br \/>\n(Argentina, Chile, Brasil, Uruguai, Paraguai). Embora tenhamos alcan\u00e7ado um grande marco<br \/>\ncom a Acredita\u00e7\u00e3o, continuaremos pensando no futuro dos nossos estudantes, gerar maior<br \/>\npesquisa na \u00e1rea da sa\u00fade e, estamos felizes de anunciar que a seguinte Faculdade em<br \/>\ningressar ao processo de auto avalia\u00e7\u00e3o ser\u00e1 Bioqu\u00edmica e Farm\u00e1cia\u201d.<\/p>\n<p><strong>Sobre UNIFRANZ<\/strong><br \/>\nA Universidade Privada Franz Tamayo \u2013 UNIFRANZ completou 26 anos de trajet\u00f3ria e,<br \/>\neduca\u00e7\u00e3o superior e mant\u00eam o compromisso de acompanhar a evolu\u00e7\u00e3o da sociedade neste<br \/>\nmundo globalizado. Seu atual modelo pedag\u00f3gico, t\u00eam um enfoque por compet\u00eancias que se<br \/>\napoia em tr\u00eas pilares: o saber, o saber fazer e o saber ser, com o objetivo de formar<br \/>\nprofissionais com talento de classe mundial. Igualmente, UNIFRANZ considera vital a<br \/>\ninternacionaliza\u00e7\u00e3o na sua vis\u00e3o de universidade disruptiva e transformadora, que visa<br \/>\ncambiar o modelo educativo em Bol\u00edvia. Possui uma infraestrutura de mais de 65.000 metros<br \/>\nquadrados constru\u00eddos em La Paz, El Alto, Cochabamba e Santa Cruz e obteve a Certifica\u00e7\u00e3o de<br \/>\nQualidade ISSO 9001:2015.<\/p>\n<p><img loading=\"lazy\" decoding=\"async\" class=\"alignnone size-medium wp-image-28326\" src=\"https:\/\/unifranz.edu.bo\/wp-content\/uploads\/2019\/06\/ACREDITACION-SUCRE-300x169.jpeg\" alt=\"\" width=\"300\" height=\"169\" srcset=\"https:\/\/unifranz.edu.bo\/wp-content\/uploads\/2019\/06\/ACREDITACION-SUCRE-300x169.jpeg 300w, https:\/\/unifranz.edu.bo\/wp-content\/uploads\/2019\/06\/ACREDITACION-SUCRE-1024x576.jpeg 1024w, https:\/\/unifranz.edu.bo\/wp-content\/uploads\/2019\/06\/ACREDITACION-SUCRE-768x432.jpeg 768w, https:\/\/unifranz.edu.bo\/wp-content\/uploads\/2019\/06\/ACREDITACION-SUCRE-18x10.jpeg 18w, https:\/\/unifranz.edu.bo\/wp-content\/uploads\/2019\/06\/ACREDITACION-SUCRE.jpeg 1280w\" sizes=\"auto, (max-width: 300px) 100vw, 300px\" \/> <img loading=\"lazy\" decoding=\"async\" class=\"alignnone size-medium wp-image-28327\" src=\"https:\/\/unifranz.edu.bo\/wp-content\/uploads\/2019\/06\/ACREDITACION-SUCRE.jpeg-1-300x169.jpeg\" alt=\"\" width=\"300\" height=\"169\" srcset=\"https:\/\/unifranz.edu.bo\/wp-content\/uploads\/2019\/06\/ACREDITACION-SUCRE.jpeg-1-300x169.jpeg 300w, https:\/\/unifranz.edu.bo\/wp-content\/uploads\/2019\/06\/ACREDITACION-SUCRE.jpeg-1-1024x576.jpeg 1024w, https:\/\/unifranz.edu.bo\/wp-content\/uploads\/2019\/06\/ACREDITACION-SUCRE.jpeg-1-768x432.jpeg 768w, https:\/\/unifranz.edu.bo\/wp-content\/uploads\/2019\/06\/ACREDITACION-SUCRE.jpeg-1-18x10.jpeg 18w, https:\/\/unifranz.edu.bo\/wp-content\/uploads\/2019\/06\/ACREDITACION-SUCRE.jpeg-1.jpeg 1280w\" sizes=\"auto, (max-width: 300px) 100vw, 300px\" \/> <img loading=\"lazy\" decoding=\"async\" class=\"alignnone size-medium wp-image-28328\" src=\"https:\/\/unifranz.edu.bo\/wp-content\/uploads\/2019\/06\/ACREDITACION-SUCRE.jpeg-2-300x169.jpeg\" alt=\"\" width=\"300\" height=\"169\" srcset=\"https:\/\/unifranz.edu.bo\/wp-content\/uploads\/2019\/06\/ACREDITACION-SUCRE.jpeg-2-300x169.jpeg 300w, https:\/\/unifranz.edu.bo\/wp-content\/uploads\/2019\/06\/ACREDITACION-SUCRE.jpeg-2-1024x576.jpeg 1024w, https:\/\/unifranz.edu.bo\/wp-content\/uploads\/2019\/06\/ACREDITACION-SUCRE.jpeg-2-768x432.jpeg 768w, https:\/\/unifranz.edu.bo\/wp-content\/uploads\/2019\/06\/ACREDITACION-SUCRE.jpeg-2-18x10.jpeg 18w, https:\/\/unifranz.edu.bo\/wp-content\/uploads\/2019\/06\/ACREDITACION-SUCRE.jpeg-2.jpeg 1280w\" sizes=\"auto, (max-width: 300px) 100vw, 300px\" \/> <img loading=\"lazy\" decoding=\"async\" class=\"alignnone size-medium wp-image-28329\" src=\"https:\/\/unifranz.edu.bo\/wp-content\/uploads\/2019\/06\/ACREDITACION-SUCRE.jpeg-3-300x169.jpeg\" alt=\"\" width=\"300\" height=\"169\" srcset=\"https:\/\/unifranz.edu.bo\/wp-content\/uploads\/2019\/06\/ACREDITACION-SUCRE.jpeg-3-300x169.jpeg 300w, https:\/\/unifranz.edu.bo\/wp-content\/uploads\/2019\/06\/ACREDITACION-SUCRE.jpeg-3-1024x576.jpeg 1024w, https:\/\/unifranz.edu.bo\/wp-content\/uploads\/2019\/06\/ACREDITACION-SUCRE.jpeg-3-768x432.jpeg 768w, https:\/\/unifranz.edu.bo\/wp-content\/uploads\/2019\/06\/ACREDITACION-SUCRE.jpeg-3-18x10.jpeg 18w, https:\/\/unifranz.edu.bo\/wp-content\/uploads\/2019\/06\/ACREDITACION-SUCRE.jpeg-3.jpeg 1280w\" sizes=\"auto, (max-width: 300px) 100vw, 300px\" \/><\/p>","protected":false},"excerpt":{"rendered":"<p>Bol\u00edvia. Junho. Traz um longo processo de prepara\u00e7\u00e3o, analise e melhoria continua, UNIFRANZ conseguiu a acredita\u00e7\u00e3o das Faculdades de Odontologia e Medicina a n\u00edvel nacional para benef\u00edcio e mobilidade internacional dos seus estudantes. O sono da acredita\u00e7\u00e3o come\u00e7ou em julho de 2017 com a postula\u00e7\u00e3o oficial das Faculdades de Odontologia e Medicina a n\u00edvel nacional, &hellip; <a href=\"https:\/\/unifranz.edu.bo\/pt\/noticias\/unifranz-acreditada-ao-mercosul\/\">Continued<\/a><\/p>","protected":false},"author":45,"featured_media":28321,"comment_status":"open","ping_status":"open","sticky":false,"template":"","format":"standard","meta":{"_acf_changed":false,"footnotes":""},"categories":[60,35,29],"tags":[340,49,344,186],"class_list":["post-28325","post","type-post","status-publish","format-standard","has-post-thumbnail","hentry","category-blog","category-carreras","category-noticias","tag-acreditacion","tag-medicina","tag-mercosur","tag-odontologia"],"acf":[],"_links":{"self":[{"href":"https:\/\/unifranz.edu.bo\/pt\/wp-json\/wp\/v2\/posts\/28325","targetHints":{"allow":["GET"]}}],"collection":[{"href":"https:\/\/unifranz.edu.bo\/pt\/wp-json\/wp\/v2\/posts"}],"about":[{"href":"https:\/\/unifranz.edu.bo\/pt\/wp-json\/wp\/v2\/types\/post"}],"author":[{"embeddable":true,"href":"https:\/\/unifranz.edu.bo\/pt\/wp-json\/wp\/v2\/users\/45"}],"replies":[{"embeddable":true,"href":"https:\/\/unifranz.edu.bo\/pt\/wp-json\/wp\/v2\/comments?post=28325"}],"version-history":[{"count":1,"href":"https:\/\/unifranz.edu.bo\/pt\/wp-json\/wp\/v2\/posts\/28325\/revisions"}],"predecessor-version":[{"id":28330,"href":"https:\/\/unifranz.edu.bo\/pt\/wp-json\/wp\/v2\/posts\/28325\/revisions\/28330"}],"wp:featuredmedia":[{"embeddable":true,"href":"https:\/\/unifranz.edu.bo\/pt\/wp-json\/wp\/v2\/media\/28321"}],"wp:attachment":[{"href":"https:\/\/unifranz.edu.bo\/pt\/wp-json\/wp\/v2\/media?parent=28325"}],"wp:term":[{"taxonomy":"category","embeddable":true,"href":"https:\/\/unifranz.edu.bo\/pt\/wp-json\/wp\/v2\/categories?post=28325"},{"taxonomy":"post_tag","embeddable":true,"href":"https:\/\/unifranz.edu.bo\/pt\/wp-json\/wp\/v2\/tags?post=28325"}],"curies":[{"name":"wp","href":"https:\/\/api.w.org\/{rel}","templated":true}]}}