{"id":28050,"date":"2019-05-11T23:53:37","date_gmt":"2019-05-12T03:53:37","guid":{"rendered":"https:\/\/unifranz.edu.bo\/?p=28050"},"modified":"2019-05-11T23:53:37","modified_gmt":"2019-05-12T03:53:37","slug":"internacionalizacion-clases-espejo","status":"publish","type":"post","link":"https:\/\/unifranz.edu.bo\/pt\/blog\/internacionalizacion-clases-espejo\/","title":{"rendered":"INTERNACIONALIZACI\u00d3N: CLASES ESPEJO"},"content":{"rendered":"<p><strong>El Alto. Mayo.<\/strong> Como parte de su pol\u00edtica de Internacionalizaci\u00f3n y formaci\u00f3n de profesionales de clase mundial, las carreras de Enfermer\u00eda y Psicolog\u00eda de la Universidad Privada Franz Tamayo El Alto organizaron <em>Clases Espejo<\/em> con catedr\u00e1ticos de la Universidad Boyac\u00e1 de Colombia como parte de un acuerdo program\u00e1tico para llevar adelante do<em>s <\/em>clases bajo esta modalidad por semestre. Estas clases se realizaron V\u00eda Skype desde Colombia hacia Bolivia y viceversa; siendo aceptadas como contenido regular de la materia cursada por los estudiantes.<\/p>\n<p>En esta oportunidad, los Docentes UNIFRANZ y Directores de las Carreras de Enfermer\u00eda y Psicolog\u00eda realizaron <em>Clases Hom\u00f3logas o Espejo<\/em> con sus pares de la Universidad de Boyac\u00e1, Colombia.<\/p>\n<p>La carrera de Psicolog\u00eda ofrece, como parte de oferta acad\u00e9mica, la interacci\u00f3n de estudiantes y docentes nacionales e internacionales a trav\u00e9s de la generaci\u00f3n de un acuerdo internacional para la implementaci\u00f3n de clases homologas. En esta carrera, se han realizado dos clases de ida y vuelta con especialistas de la Universidad de Boyac\u00e1 de Colombia y la Universidad Franz Tamayo El Alto.<\/p>\n<p>La disponibilidad de contacto y colaboraci\u00f3n con pares de la Carrera de Psicolog\u00eda de la Universidad colombiana fue un \u00e9xito, \u00a0la Dra. Roc\u00edo de las Mercedes Beltr\u00e1n Pineda, Especialista en \u00c1rea Cl\u00ednica, dict\u00f3 el pasado 8 de mayo la clase <strong><em>\u201cDislexia: definici\u00f3n, causas y tratamiento\u201d.<\/em><\/strong><\/p>\n<p>Sobre esta clase, la estudiante de tercer semestre de Psicolog\u00eda, Liz Ramos Ajata, cont\u00f3 su experiencia sobre la misma y mencion\u00f3 cu\u00e1les fueron los temas que m\u00e1s la han impresionado. \u00a0\u201cMe aportan una mirada diferente y me resultan muy \u00fatil porque me otorgan herramientas para aplicarlas como futura profesional o desarrollar programas de intervenci\u00f3n luego de salir de la Universidad\u201d y agrega que lo que m\u00e1s le llam\u00f3 la atenci\u00f3n fue que \u201cla expositora explic\u00f3 que en Colombia detectan la Dislexia a partir de los 3 a\u00f1os de edad del ni\u00f1o, mientras que en Bolivia lo hacen a partir desde los 7 a\u00f1os del ni\u00f1o\u201d.<\/p>\n<p>\u201cEstas acciones buscan incrementar la participaci\u00f3n de los estudiantes en las <em>Clases Espejo<\/em> porque diferencia en su formaci\u00f3n profesional al adquirir nuevos conocimientos. La carrera de Psicolog\u00eda trabaja para promover la interacci\u00f3n y el desarrollo de estudiantes y docentes con pares nacionales e internacionales\u201d, explica Eliana Exalto, Directora de la Carrera de Psicolog\u00eda UNIFRANZ.<\/p>\n<p>Por otro lado, la carrera de Enfermer\u00eda llev\u00f3 a cabo el 27 de abril una <em>Clase Espejo<\/em> en coordinaci\u00f3n con la Universidad de Boyac\u00e1 y se abord\u00f3, de mutuo acuerdo, la asignatura <strong><em>Fundamentos de Enfermer\u00eda II<\/em><\/strong>. Para el dictado de esta clase, \u00a0la carrea de Enfermer\u00eda cont\u00f3 con dos profesionales de la Universidad de Boyac\u00e1; quienes desarrollaron toda la clase v\u00eda Skype a los estudiantes de Tercer Semestre. Los temas de la clase fueron Necesidad de dormir o descansar y manejo del dolor; Cesar Mendoza y Necesidad de regular la temperatura; Luis Orlando Corredor.<\/p>\n<p>\u201cEstamos seguros que se establecer\u00e1n conocimientos s\u00f3lidos y se fomentar\u00e1n nuevas metodolog\u00eda y estrategias educativas. Adem\u00e1s, se promueve la formaci\u00f3n y consolidaci\u00f3n de comunidades acad\u00e9micas; articul\u00e1ndolas con sus hom\u00f3logas a nivel internacional\u201d, explica Milena Mariel Arroyo Calle, Directora de la Carreras de Enfermer\u00eda.<\/p>\n<p>Entre las Clases Espejo programadas, est\u00e1 la del docente \u00c1lvaro Barrios Requena; quien dictar\u00e1 desde Bolivia hacia Colombia sobre el tema \u201cEstilos de vida er\u00f3tica y los desencuentros amorosos\u201d. Con esta clase se activar\u00e1 el desarrollo y formaci\u00f3n del curr\u00edculum a docentes de la carrera de Psicolog\u00eda.<\/p>\n<p><strong>Sobre UNIFRANZ<\/strong><\/p>\n<p>La Universidad Privada Franz Tamayo \u2013 UNIFRANZ cumpli\u00f3 26 a\u00f1os de trayectoria en educaci\u00f3n superior y mantiene el compromiso de acompa\u00f1ar la evoluci\u00f3n de la sociedad en este mundo globalizado. Su actual modelo pedag\u00f3gico tiene un enfoque por competencias que se apoya en tres pilares: el saber, el saber hacer y el saber ser, a fin de formar profesionales con talento de clase mundial. Igualmente, UNIFRANZ considera vital la internacionalizaci\u00f3n en su visi\u00f3n de una universidad disruptiva y transformadora que apunta a cambiar el modelo educativo en Bolivia. Cuenta con una infraestructura de m\u00e1s 65.000 metros cuadrados construidos en La Paz, El Alto, Cochabamba y Santa Cruz y obtuvo la certificaci\u00f3n de calidad ISO 9001: 2015.<\/p>\n<p><img loading=\"lazy\" decoding=\"async\" class=\"alignnone size-medium wp-image-28054\" src=\"https:\/\/unifranz.edu.bo\/wp-content\/uploads\/2019\/05\/UNIFRANZ-PSI-4-300x200.jpg\" alt=\"\" width=\"300\" height=\"200\" srcset=\"https:\/\/unifranz.edu.bo\/wp-content\/uploads\/2019\/05\/UNIFRANZ-PSI-4-300x200.jpg 300w, https:\/\/unifranz.edu.bo\/wp-content\/uploads\/2019\/05\/UNIFRANZ-PSI-4-1024x683.jpg 1024w, https:\/\/unifranz.edu.bo\/wp-content\/uploads\/2019\/05\/UNIFRANZ-PSI-4-768x512.jpg 768w, https:\/\/unifranz.edu.bo\/wp-content\/uploads\/2019\/05\/UNIFRANZ-PSI-4-1536x1024.jpg 1536w, https:\/\/unifranz.edu.bo\/wp-content\/uploads\/2019\/05\/UNIFRANZ-PSI-4-2048x1365.jpg 2048w, https:\/\/unifranz.edu.bo\/wp-content\/uploads\/2019\/05\/UNIFRANZ-PSI-4-18x12.jpg 18w\" sizes=\"auto, (max-width: 300px) 100vw, 300px\" \/> <img loading=\"lazy\" decoding=\"async\" class=\"alignnone size-medium wp-image-28053\" src=\"https:\/\/unifranz.edu.bo\/wp-content\/uploads\/2019\/05\/UNIFRANZ-PSI-3-300x200.jpg\" alt=\"\" width=\"300\" height=\"200\" srcset=\"https:\/\/unifranz.edu.bo\/wp-content\/uploads\/2019\/05\/UNIFRANZ-PSI-3-300x200.jpg 300w, https:\/\/unifranz.edu.bo\/wp-content\/uploads\/2019\/05\/UNIFRANZ-PSI-3-1024x683.jpg 1024w, https:\/\/unifranz.edu.bo\/wp-content\/uploads\/2019\/05\/UNIFRANZ-PSI-3-768x512.jpg 768w, https:\/\/unifranz.edu.bo\/wp-content\/uploads\/2019\/05\/UNIFRANZ-PSI-3-1536x1024.jpg 1536w, https:\/\/unifranz.edu.bo\/wp-content\/uploads\/2019\/05\/UNIFRANZ-PSI-3-2048x1365.jpg 2048w, https:\/\/unifranz.edu.bo\/wp-content\/uploads\/2019\/05\/UNIFRANZ-PSI-3-18x12.jpg 18w\" sizes=\"auto, (max-width: 300px) 100vw, 300px\" \/> <img loading=\"lazy\" decoding=\"async\" class=\"alignnone size-medium wp-image-28052\" src=\"https:\/\/unifranz.edu.bo\/wp-content\/uploads\/2019\/05\/UNIFRANZ-PSI-2-300x200.jpg\" alt=\"\" width=\"300\" height=\"200\" srcset=\"https:\/\/unifranz.edu.bo\/wp-content\/uploads\/2019\/05\/UNIFRANZ-PSI-2-300x200.jpg 300w, https:\/\/unifranz.edu.bo\/wp-content\/uploads\/2019\/05\/UNIFRANZ-PSI-2-1024x683.jpg 1024w, https:\/\/unifranz.edu.bo\/wp-content\/uploads\/2019\/05\/UNIFRANZ-PSI-2-768x512.jpg 768w, https:\/\/unifranz.edu.bo\/wp-content\/uploads\/2019\/05\/UNIFRANZ-PSI-2-1536x1024.jpg 1536w, https:\/\/unifranz.edu.bo\/wp-content\/uploads\/2019\/05\/UNIFRANZ-PSI-2-2048x1365.jpg 2048w, https:\/\/unifranz.edu.bo\/wp-content\/uploads\/2019\/05\/UNIFRANZ-PSI-2-18x12.jpg 18w\" sizes=\"auto, (max-width: 300px) 100vw, 300px\" \/> <img loading=\"lazy\" decoding=\"async\" class=\"alignnone size-medium wp-image-28051\" src=\"https:\/\/unifranz.edu.bo\/wp-content\/uploads\/2019\/05\/UNIFRANZ-PSI-1-300x200.jpg\" alt=\"\" width=\"300\" height=\"200\" srcset=\"https:\/\/unifranz.edu.bo\/wp-content\/uploads\/2019\/05\/UNIFRANZ-PSI-1-300x200.jpg 300w, https:\/\/unifranz.edu.bo\/wp-content\/uploads\/2019\/05\/UNIFRANZ-PSI-1-1024x683.jpg 1024w, https:\/\/unifranz.edu.bo\/wp-content\/uploads\/2019\/05\/UNIFRANZ-PSI-1-768x512.jpg 768w, https:\/\/unifranz.edu.bo\/wp-content\/uploads\/2019\/05\/UNIFRANZ-PSI-1-1536x1024.jpg 1536w, https:\/\/unifranz.edu.bo\/wp-content\/uploads\/2019\/05\/UNIFRANZ-PSI-1-2048x1365.jpg 2048w, https:\/\/unifranz.edu.bo\/wp-content\/uploads\/2019\/05\/UNIFRANZ-PSI-1-18x12.jpg 18w\" sizes=\"auto, (max-width: 300px) 100vw, 300px\" \/><\/p>","protected":false},"excerpt":{"rendered":"<p>El Alto. Mayo. Como parte de su pol\u00edtica de Internacionalizaci\u00f3n y formaci\u00f3n de profesionales de clase mundial, las carreras de Enfermer\u00eda y Psicolog\u00eda de la Universidad Privada Franz Tamayo El Alto organizaron Clases Espejo con catedr\u00e1ticos de la Universidad Boyac\u00e1 de Colombia como parte de un acuerdo program\u00e1tico para llevar adelante dos clases bajo esta &hellip; <a href=\"https:\/\/unifranz.edu.bo\/pt\/blog\/internacionalizacion-clases-espejo\/\">Continued<\/a><\/p>","protected":false},"author":45,"featured_media":28055,"comment_status":"open","ping_status":"open","sticky":false,"template":"","format":"standard","meta":{"_acf_changed":false,"footnotes":""},"categories":[60],"tags":[266,1090,1092,310,47,603,248,240,242,1094],"class_list":["post-28050","post","type-post","status-publish","format-standard","has-post-thumbnail","hentry","category-blog","tag-bolivia","tag-clases-espejo","tag-clases-homologas","tag-colombia","tag-el-alto","tag-enfermeria","tag-internacionalizacion","tag-psicologia","tag-unifranz","tag-universidad-de-boyaca"],"acf":[],"_links":{"self":[{"href":"https:\/\/unifranz.edu.bo\/pt\/wp-json\/wp\/v2\/posts\/28050","targetHints":{"allow":["GET"]}}],"collection":[{"href":"https:\/\/unifranz.edu.bo\/pt\/wp-json\/wp\/v2\/posts"}],"about":[{"href":"https:\/\/unifranz.edu.bo\/pt\/wp-json\/wp\/v2\/types\/post"}],"author":[{"embeddable":true,"href":"https:\/\/unifranz.edu.bo\/pt\/wp-json\/wp\/v2\/users\/45"}],"replies":[{"embeddable":true,"href":"https:\/\/unifranz.edu.bo\/pt\/wp-json\/wp\/v2\/comments?post=28050"}],"version-history":[{"count":1,"href":"https:\/\/unifranz.edu.bo\/pt\/wp-json\/wp\/v2\/posts\/28050\/revisions"}],"predecessor-version":[{"id":28056,"href":"https:\/\/unifranz.edu.bo\/pt\/wp-json\/wp\/v2\/posts\/28050\/revisions\/28056"}],"wp:featuredmedia":[{"embeddable":true,"href":"https:\/\/unifranz.edu.bo\/pt\/wp-json\/wp\/v2\/media\/28055"}],"wp:attachment":[{"href":"https:\/\/unifranz.edu.bo\/pt\/wp-json\/wp\/v2\/media?parent=28050"}],"wp:term":[{"taxonomy":"category","embeddable":true,"href":"https:\/\/unifranz.edu.bo\/pt\/wp-json\/wp\/v2\/categories?post=28050"},{"taxonomy":"post_tag","embeddable":true,"href":"https:\/\/unifranz.edu.bo\/pt\/wp-json\/wp\/v2\/tags?post=28050"}],"curies":[{"name":"wp","href":"https:\/\/api.w.org\/{rel}","templated":true}]}}