{"id":28032,"date":"2019-05-09T12:48:08","date_gmt":"2019-05-09T16:48:08","guid":{"rendered":"https:\/\/unifranz.edu.bo\/?p=28032"},"modified":"2019-05-09T12:48:08","modified_gmt":"2019-05-09T16:48:08","slug":"estudiantes-unifranz-presentes-en-taller-de-logistica-portuaria-en-chile","status":"publish","type":"post","link":"https:\/\/unifranz.edu.bo\/pt\/blog\/estudiantes-unifranz-presentes-en-taller-de-logistica-portuaria-en-chile\/","title":{"rendered":"ESTUDIANTES UNIFRANZ PRESENTES EN TALLER DE LOG\u00cdSTICA PORTUARIA EN CHILE"},"content":{"rendered":"<p><strong>El Alto. Mayo.<\/strong> Con el objetivo que los estudiantes conozcan sobre el tema de log\u00edstica portuaria internacional y en el marco de su proceso de Internacionalizaci\u00f3n, los estudiantes de Ingenier\u00eda Comercial de UNIFRANZ El Alto visitaron Puerto Arica donde asistieron a un taller sobre inversi\u00f3n, mantenimiento, normativas, certificaciones y log\u00edstica sobre la gesti\u00f3n de un Puerto Internacional.<\/p>\n<p>El curso dictado a los estudiantes resalt\u00f3 que el 70 % del total de la carga que pasa por Puerto Arica es boliviana, 22% chilena y 8% peruana. Durante la visita, los estudiantes de Ingenier\u00eda Comercial pudieron conocer el almacenamiento de contenedores, desconglomerado de contenedores, carga de minerales y el manejo de gr\u00faas.<\/p>\n<p>La delegaci\u00f3n UNIFRANZ estuvo conformada por 38 estudiantes de la carrera de ingenier\u00eda comercial; acompa\u00f1ados y guiados por un docente de UNIFRANZ. La primera visita de estudiantes a Puerto Arica fue en abril de 2018 y hasta el momento ya han participado 158 de esta experiencia internacional<\/p>\n<p>\u201cEstas visitas de los estudiantes de la Carrera de Ingenier\u00eda Comercial al Puerto de Arica busca fomentar la visi\u00f3n y fortalecer la internacionalizaci\u00f3n de la educaci\u00f3n universitaria de los estudiantes. Adem\u00e1s, apunta a generar profesionales innovadores y emprendedores que tengan la visi\u00f3n de fortalecer el Comercio Exterior boliviano. Tambi\u00e9n, ofrecemos la oportunidad que los estudiantes conozcan una opci\u00f3n m\u00e1s en una carrera muy din\u00e1mica y en constante Innovaci\u00f3n\u201d, explica Mario Espinoza, Director de Carrera de Ingenier\u00eda Comercial UNIFRANZ.<\/p>\n<p>La Empresa Portuaria Arica es una compa\u00f1\u00eda aut\u00f3noma de Chile e inici\u00f3 sus actividades en 1998. Con esta visita, la empresa busca que la comunidad conozca las operaciones que desarrolla y el aporte que realiza al desarrollo econ\u00f3mico regional. El Programa de visitas se llama <strong><em>\u00abConozca su Puerto\u00bb<\/em><\/strong>, donde la Empresa Portuaria Arica abre las puertas a distintas organizaciones sociales e universidades.<\/p>\n<p><strong>Sobre UNIFRANZ<\/strong><\/p>\n<p>La Universidad Privada Franz Tamayo \u2013 UNIFRANZ cumpli\u00f3 26 a\u00f1os de trayectoria en educaci\u00f3n superior y mantiene el compromiso de acompa\u00f1ar la evoluci\u00f3n de la sociedad en este mundo globalizado. Su actual modelo pedag\u00f3gico tiene un enfoque por competencias que se apoya en tres pilares: el saber, el saber hacer y el saber ser, a fin de formar profesionales con talento de clase mundial. Igualmente, UNIFRANZ considera vital la internacionalizaci\u00f3n en su visi\u00f3n de una universidad disruptiva y transformadora que apunta a cambiar el modelo educativo en Bolivia. Cuenta con una infraestructura de m\u00e1s 65.000 metros cuadrados construidos en La Paz, El Alto, Cochabamba y Santa Cruz y obtuvo la certificaci\u00f3n de calidad ISO 9001: 2015.<\/p>\n<div id='gallery-1' class='gallery galleryid-28032 gallery-columns-3 gallery-size-thumbnail'><figure class='gallery-item'>\n\t\t\t<div class='gallery-icon landscape'>\n\t\t\t\t<a href='https:\/\/unifranz.edu.bo\/pt\/blog\/estudiantes-unifranz-presentes-en-taller-de-logistica-portuaria-en-chile\/attachment\/unifranz-viaje-arica-2\/'><img loading=\"lazy\" decoding=\"async\" width=\"300\" height=\"225\" src=\"https:\/\/unifranz.edu.bo\/wp-content\/uploads\/2019\/05\/UNIFRANZ-Viaje-Arica-2-300x225.jpg\" class=\"attachment-thumbnail size-thumbnail\" alt=\"\" srcset=\"https:\/\/unifranz.edu.bo\/wp-content\/uploads\/2019\/05\/UNIFRANZ-Viaje-Arica-2-300x225.jpg 300w, https:\/\/unifranz.edu.bo\/wp-content\/uploads\/2019\/05\/UNIFRANZ-Viaje-Arica-2-1024x768.jpg 1024w, https:\/\/unifranz.edu.bo\/wp-content\/uploads\/2019\/05\/UNIFRANZ-Viaje-Arica-2-768x576.jpg 768w, https:\/\/unifranz.edu.bo\/wp-content\/uploads\/2019\/05\/UNIFRANZ-Viaje-Arica-2-1536x1152.jpg 1536w, https:\/\/unifranz.edu.bo\/wp-content\/uploads\/2019\/05\/UNIFRANZ-Viaje-Arica-2-2048x1536.jpg 2048w, https:\/\/unifranz.edu.bo\/wp-content\/uploads\/2019\/05\/UNIFRANZ-Viaje-Arica-2-16x12.jpg 16w\" sizes=\"auto, (max-width: 300px) 100vw, 300px\" \/><\/a>\n\t\t\t<\/div><\/figure><figure class='gallery-item'>\n\t\t\t<div class='gallery-icon landscape'>\n\t\t\t\t<a href='https:\/\/unifranz.edu.bo\/pt\/blog\/estudiantes-unifranz-presentes-en-taller-de-logistica-portuaria-en-chile\/attachment\/unifranz-viaje-arica-3\/'><img loading=\"lazy\" decoding=\"async\" width=\"300\" height=\"225\" src=\"https:\/\/unifranz.edu.bo\/wp-content\/uploads\/2019\/05\/UNIFRANZ-Viaje-Arica-3-300x225.jpg\" class=\"attachment-thumbnail size-thumbnail\" alt=\"\" srcset=\"https:\/\/unifranz.edu.bo\/wp-content\/uploads\/2019\/05\/UNIFRANZ-Viaje-Arica-3-300x225.jpg 300w, https:\/\/unifranz.edu.bo\/wp-content\/uploads\/2019\/05\/UNIFRANZ-Viaje-Arica-3-1024x768.jpg 1024w, https:\/\/unifranz.edu.bo\/wp-content\/uploads\/2019\/05\/UNIFRANZ-Viaje-Arica-3-768x576.jpg 768w, https:\/\/unifranz.edu.bo\/wp-content\/uploads\/2019\/05\/UNIFRANZ-Viaje-Arica-3-1536x1152.jpg 1536w, https:\/\/unifranz.edu.bo\/wp-content\/uploads\/2019\/05\/UNIFRANZ-Viaje-Arica-3-2048x1536.jpg 2048w, https:\/\/unifranz.edu.bo\/wp-content\/uploads\/2019\/05\/UNIFRANZ-Viaje-Arica-3-16x12.jpg 16w\" sizes=\"auto, (max-width: 300px) 100vw, 300px\" \/><\/a>\n\t\t\t<\/div><\/figure>\n\t\t<\/div>","protected":false},"excerpt":{"rendered":"<p>El Alto. Mayo. Con el objetivo que los estudiantes conozcan sobre el tema de log\u00edstica portuaria internacional y en el marco de su proceso de Internacionalizaci\u00f3n, los estudiantes de Ingenier\u00eda Comercial de UNIFRANZ El Alto visitaron Puerto Arica donde asistieron a un taller sobre inversi\u00f3n, mantenimiento, normativas, certificaciones y log\u00edstica sobre la gesti\u00f3n de un &hellip; <a href=\"https:\/\/unifranz.edu.bo\/pt\/blog\/estudiantes-unifranz-presentes-en-taller-de-logistica-portuaria-en-chile\/\">Continued<\/a><\/p>","protected":false},"author":45,"featured_media":28036,"comment_status":"open","ping_status":"open","sticky":false,"template":"","format":"standard","meta":{"_acf_changed":false,"footnotes":""},"categories":[60],"tags":[1084,47,386,174,1080,1082,1078,242],"class_list":["post-28032","post","type-post","status-publish","format-standard","has-post-thumbnail","hentry","category-blog","tag-chile","tag-el-alto","tag-estudiantes","tag-ingenieria-comercial","tag-logistica","tag-portuaria","tag-puerto-arica","tag-unifranz"],"acf":[],"_links":{"self":[{"href":"https:\/\/unifranz.edu.bo\/pt\/wp-json\/wp\/v2\/posts\/28032","targetHints":{"allow":["GET"]}}],"collection":[{"href":"https:\/\/unifranz.edu.bo\/pt\/wp-json\/wp\/v2\/posts"}],"about":[{"href":"https:\/\/unifranz.edu.bo\/pt\/wp-json\/wp\/v2\/types\/post"}],"author":[{"embeddable":true,"href":"https:\/\/unifranz.edu.bo\/pt\/wp-json\/wp\/v2\/users\/45"}],"replies":[{"embeddable":true,"href":"https:\/\/unifranz.edu.bo\/pt\/wp-json\/wp\/v2\/comments?post=28032"}],"version-history":[{"count":1,"href":"https:\/\/unifranz.edu.bo\/pt\/wp-json\/wp\/v2\/posts\/28032\/revisions"}],"predecessor-version":[{"id":28039,"href":"https:\/\/unifranz.edu.bo\/pt\/wp-json\/wp\/v2\/posts\/28032\/revisions\/28039"}],"wp:featuredmedia":[{"embeddable":true,"href":"https:\/\/unifranz.edu.bo\/pt\/wp-json\/wp\/v2\/media\/28036"}],"wp:attachment":[{"href":"https:\/\/unifranz.edu.bo\/pt\/wp-json\/wp\/v2\/media?parent=28032"}],"wp:term":[{"taxonomy":"category","embeddable":true,"href":"https:\/\/unifranz.edu.bo\/pt\/wp-json\/wp\/v2\/categories?post=28032"},{"taxonomy":"post_tag","embeddable":true,"href":"https:\/\/unifranz.edu.bo\/pt\/wp-json\/wp\/v2\/tags?post=28032"}],"curies":[{"name":"wp","href":"https:\/\/api.w.org\/{rel}","templated":true}]}}