{"id":27930,"date":"2019-04-30T09:57:19","date_gmt":"2019-04-30T13:57:19","guid":{"rendered":"https:\/\/unifranz.edu.bo\/?p=27930"},"modified":"2019-04-30T09:57:19","modified_gmt":"2019-04-30T13:57:19","slug":"ciclo-de-cine-y-educacion","status":"publish","type":"post","link":"https:\/\/unifranz.edu.bo\/pt\/la-paz\/ciclo-de-cine-y-educacion\/","title":{"rendered":"CICLO DE CINE Y EDUCACI\u00d3N"},"content":{"rendered":"<p><strong>La Paz. Abril.\u00a0<\/strong>El <strong><em>Ciclo de Cine y Educaci\u00f3n UNIFRANZ 2019<\/em><\/strong> inici\u00f3 sus actividades con el prop\u00f3sito de generar en los estudiantes la capacidad de reflexi\u00f3n y di\u00e1logo sobre diferentes aspectos relacionados al proceso de ense\u00f1anza-aprendizaje, teniendo en cuenta al cine como recurso pedag\u00f3gico.<\/p>\n<p>Hasta el momento las carreras de Ingenier\u00eda Comercial, Periodismo, Publicidad y Marketing, Contadur\u00eda P\u00fablica, Administraci\u00f3n de Empresas e Ingenier\u00eda Econ\u00f3mica, participaron de esta actividad desarrollada en instalaciones de la Cinemateca Boliviana.<\/p>\n<p>Entre los invitados a este <strong><em>Ciclo<\/em><\/strong> estuvieron presentes Rafael Chipana, experto en cine y contenidos audiovisuales y Paola Mej\u00eda, comunicadora, escritora y presentadora de noticias, quienes dieron a conocer sus experiencias dentro de su \u00e1mbito de trabajo.<\/p>\n<p>El p\u00fablico asistente debati\u00f3 sobre las pel\u00edculas proyectadas en torno a tem\u00e1ticas relacionadas para cada \u00e1rea de estudio.<\/p>\n<p>Para el organizador, Edwin Sanchez Zegarra, Asesor de Cultura y Deportes de UNIFRANZ La Paz, la actividad tuvo un \u00e9xito rotundo, lo que se percibi\u00f3 en el comentario y an\u00e1lisis de escenas enmarcadas principalmente a la carrera que est\u00e1n estudiando los j\u00f3venes de una forma pr\u00e1ctica e ilustrativa.<\/p>\n<p><strong>Sobre UNIFRANZ<\/strong><\/p>\n<p>La Universidad Privada Franz Tamayo \u2013 UNIFRANZ cumpli\u00f3 25 a\u00f1os de trayectoria en educaci\u00f3n superior y mantiene el compromiso de acompa\u00f1ar la evoluci\u00f3n de la sociedad en este mundo globalizado. Su actual modelo pedag\u00f3gico tiene un enfoque por competencias que se apoya en tres pilares: el saber, el saber hacer y el saber ser, a fin de formar profesionales con talento de clase mundial. UNIFRANZ considera vital la internacionalizaci\u00f3n en su visi\u00f3n de una universidad disruptiva y transformadora que apunta a cambiar el modelo educativo en Bolivia. Cuenta con una infraestructura de m\u00e1s 65.000 metros cuadrados construidos en La Paz, El Alto, Cochabamba y Santa Cruz y obtuvo la certificaci\u00f3n de calidad ISO 9001: 2015.<\/p>\n<p><img loading=\"lazy\" decoding=\"async\" class=\"alignleft size-medium wp-image-27932\" src=\"https:\/\/unifranz.edu.bo\/wp-content\/uploads\/2019\/04\/IMG_20190314_110540-300x225.jpg\" alt=\"\" width=\"300\" height=\"225\" srcset=\"https:\/\/unifranz.edu.bo\/wp-content\/uploads\/2019\/04\/IMG_20190314_110540-300x225.jpg 300w, https:\/\/unifranz.edu.bo\/wp-content\/uploads\/2019\/04\/IMG_20190314_110540-1024x768.jpg 1024w, https:\/\/unifranz.edu.bo\/wp-content\/uploads\/2019\/04\/IMG_20190314_110540-768x576.jpg 768w, https:\/\/unifranz.edu.bo\/wp-content\/uploads\/2019\/04\/IMG_20190314_110540-1536x1152.jpg 1536w, https:\/\/unifranz.edu.bo\/wp-content\/uploads\/2019\/04\/IMG_20190314_110540-2048x1536.jpg 2048w, https:\/\/unifranz.edu.bo\/wp-content\/uploads\/2019\/04\/IMG_20190314_110540-16x12.jpg 16w\" sizes=\"auto, (max-width: 300px) 100vw, 300px\" \/><\/p>\n<p>&nbsp;<\/p>\n<p>&nbsp;<\/p>\n<p>&nbsp;<\/p>\n<p>&nbsp;<\/p>\n<p>&nbsp;<\/p>\n<p>&nbsp;<\/p>\n<p><img loading=\"lazy\" decoding=\"async\" class=\"size-medium wp-image-27931 alignleft\" src=\"https:\/\/unifranz.edu.bo\/wp-content\/uploads\/2019\/04\/IMG_20190314_110409-300x225.jpg\" alt=\"\" width=\"300\" height=\"225\" srcset=\"https:\/\/unifranz.edu.bo\/wp-content\/uploads\/2019\/04\/IMG_20190314_110409-300x225.jpg 300w, https:\/\/unifranz.edu.bo\/wp-content\/uploads\/2019\/04\/IMG_20190314_110409-1024x768.jpg 1024w, https:\/\/unifranz.edu.bo\/wp-content\/uploads\/2019\/04\/IMG_20190314_110409-768x576.jpg 768w, https:\/\/unifranz.edu.bo\/wp-content\/uploads\/2019\/04\/IMG_20190314_110409-1536x1152.jpg 1536w, https:\/\/unifranz.edu.bo\/wp-content\/uploads\/2019\/04\/IMG_20190314_110409-2048x1536.jpg 2048w, https:\/\/unifranz.edu.bo\/wp-content\/uploads\/2019\/04\/IMG_20190314_110409-16x12.jpg 16w\" sizes=\"auto, (max-width: 300px) 100vw, 300px\" \/><\/p>\n<p>&nbsp;<\/p>\n<p>&nbsp;<\/p>\n<p>&nbsp;<\/p>\n<p>&nbsp;<\/p>\n<p>&nbsp;<\/p>\n<p>&nbsp;<\/p>\n<p><img loading=\"lazy\" decoding=\"async\" class=\"alignleft size-medium wp-image-27933\" src=\"https:\/\/unifranz.edu.bo\/wp-content\/uploads\/2019\/04\/IMG_20190314_110619-300x225.jpg\" alt=\"\" width=\"300\" height=\"225\" srcset=\"https:\/\/unifranz.edu.bo\/wp-content\/uploads\/2019\/04\/IMG_20190314_110619-300x225.jpg 300w, https:\/\/unifranz.edu.bo\/wp-content\/uploads\/2019\/04\/IMG_20190314_110619-1024x768.jpg 1024w, https:\/\/unifranz.edu.bo\/wp-content\/uploads\/2019\/04\/IMG_20190314_110619-768x576.jpg 768w, https:\/\/unifranz.edu.bo\/wp-content\/uploads\/2019\/04\/IMG_20190314_110619-1536x1152.jpg 1536w, https:\/\/unifranz.edu.bo\/wp-content\/uploads\/2019\/04\/IMG_20190314_110619-2048x1536.jpg 2048w, https:\/\/unifranz.edu.bo\/wp-content\/uploads\/2019\/04\/IMG_20190314_110619-16x12.jpg 16w\" sizes=\"auto, (max-width: 300px) 100vw, 300px\" \/><\/p>\n<p>&nbsp;<\/p>\n<p>&nbsp;<\/p>\n<p>&nbsp;<\/p>\n<p>&nbsp;<\/p>\n<p>&nbsp;<\/p>\n<p>&nbsp;<\/p>\n<p><img loading=\"lazy\" decoding=\"async\" class=\"alignleft size-medium wp-image-27934\" src=\"https:\/\/unifranz.edu.bo\/wp-content\/uploads\/2019\/04\/IMG_20190423_125719-300x225.jpg\" alt=\"\" width=\"300\" height=\"225\" srcset=\"https:\/\/unifranz.edu.bo\/wp-content\/uploads\/2019\/04\/IMG_20190423_125719-300x225.jpg 300w, https:\/\/unifranz.edu.bo\/wp-content\/uploads\/2019\/04\/IMG_20190423_125719-1024x768.jpg 1024w, https:\/\/unifranz.edu.bo\/wp-content\/uploads\/2019\/04\/IMG_20190423_125719-768x576.jpg 768w, https:\/\/unifranz.edu.bo\/wp-content\/uploads\/2019\/04\/IMG_20190423_125719-1536x1152.jpg 1536w, https:\/\/unifranz.edu.bo\/wp-content\/uploads\/2019\/04\/IMG_20190423_125719-2048x1536.jpg 2048w, https:\/\/unifranz.edu.bo\/wp-content\/uploads\/2019\/04\/IMG_20190423_125719-16x12.jpg 16w\" sizes=\"auto, (max-width: 300px) 100vw, 300px\" \/><\/p>","protected":false},"excerpt":{"rendered":"<p>La Paz. Abril.\u00a0El Ciclo de Cine y Educaci\u00f3n UNIFRANZ 2019 inici\u00f3 sus actividades con el prop\u00f3sito de generar en los estudiantes la capacidad de reflexi\u00f3n y di\u00e1logo sobre diferentes aspectos relacionados al proceso de ense\u00f1anza-aprendizaje, teniendo en cuenta al cine como recurso pedag\u00f3gico. Hasta el momento las carreras de Ingenier\u00eda Comercial, Periodismo, Publicidad y Marketing, &hellip; <a href=\"https:\/\/unifranz.edu.bo\/pt\/la-paz\/ciclo-de-cine-y-educacion\/\">Continued<\/a><\/p>","protected":false},"author":45,"featured_media":27932,"comment_status":"open","ping_status":"open","sticky":false,"template":"","format":"standard","meta":{"_acf_changed":false,"footnotes":""},"categories":[60,27],"tags":[198,1020,655,174,1024,1022,278,242],"class_list":["post-27930","post","type-post","status-publish","format-standard","has-post-thumbnail","hentry","category-blog","category-la-paz","tag-administracion-de-empresas","tag-cinemateca","tag-contaduria-publica","tag-ingenieria-comercial","tag-ingenieria-economica-es","tag-marketing-y-publicidad","tag-periodismo","tag-unifranz"],"acf":[],"_links":{"self":[{"href":"https:\/\/unifranz.edu.bo\/pt\/wp-json\/wp\/v2\/posts\/27930","targetHints":{"allow":["GET"]}}],"collection":[{"href":"https:\/\/unifranz.edu.bo\/pt\/wp-json\/wp\/v2\/posts"}],"about":[{"href":"https:\/\/unifranz.edu.bo\/pt\/wp-json\/wp\/v2\/types\/post"}],"author":[{"embeddable":true,"href":"https:\/\/unifranz.edu.bo\/pt\/wp-json\/wp\/v2\/users\/45"}],"replies":[{"embeddable":true,"href":"https:\/\/unifranz.edu.bo\/pt\/wp-json\/wp\/v2\/comments?post=27930"}],"version-history":[{"count":2,"href":"https:\/\/unifranz.edu.bo\/pt\/wp-json\/wp\/v2\/posts\/27930\/revisions"}],"predecessor-version":[{"id":27936,"href":"https:\/\/unifranz.edu.bo\/pt\/wp-json\/wp\/v2\/posts\/27930\/revisions\/27936"}],"wp:featuredmedia":[{"embeddable":true,"href":"https:\/\/unifranz.edu.bo\/pt\/wp-json\/wp\/v2\/media\/27932"}],"wp:attachment":[{"href":"https:\/\/unifranz.edu.bo\/pt\/wp-json\/wp\/v2\/media?parent=27930"}],"wp:term":[{"taxonomy":"category","embeddable":true,"href":"https:\/\/unifranz.edu.bo\/pt\/wp-json\/wp\/v2\/categories?post=27930"},{"taxonomy":"post_tag","embeddable":true,"href":"https:\/\/unifranz.edu.bo\/pt\/wp-json\/wp\/v2\/tags?post=27930"}],"curies":[{"name":"wp","href":"https:\/\/api.w.org\/{rel}","templated":true}]}}