{"id":276005,"date":"2024-05-21T15:40:08","date_gmt":"2024-05-21T19:40:08","guid":{"rendered":"https:\/\/unifranz.edu.bo\/?p=276005"},"modified":"2024-05-21T15:40:08","modified_gmt":"2024-05-21T19:40:08","slug":"fundacion-unifranz-y-red-alumni-llevan-atencion-medica-a-internas-de-la-carcel-de-montero","status":"publish","type":"post","link":"https:\/\/unifranz.edu.bo\/pt\/blog\/fundacion-unifranz-y-red-alumni-llevan-atencion-medica-a-internas-de-la-carcel-de-montero\/","title":{"rendered":"Fundaci\u00f3n Unifranz y Red Alumni llevan atenci\u00f3n m\u00e9dica a internas de la c\u00e1rcel de Montero"},"content":{"rendered":"<p><span style=\"color: #000000;\">Una brigada de salud conformada por integrantes de la Fundaci\u00f3n Unifranz y la Red Alumni lleg\u00f3 al Centro de Readaptaci\u00f3n Productiva de Montero (Cerprom) para brindar atenci\u00f3n m\u00e9dica integral y tomar muestras de Papanicolaou a las privadas de libertad. Este equipo de voluntarios estuvo conformado por profesionales y estudiantes de Medicina y Enfermer\u00eda.<\/span><\/p>\n<p><span style=\"color: #000000;\">\u201cEs la segunda vez que visitamos el Cerprom con el objetivo de brindar atenci\u00f3n m\u00e9dica a quienes m\u00e1s lo necesitan. La salud es un derecho que todos tenemos y, a trav\u00e9s de la Fundaci\u00f3n Unifranz y la Red Alumni, llegamos con personal capacitado para realizar pruebas de Papanicolaou y de esta manera preservar la salud de las internas\u201d, indic\u00f3 la m\u00e9dica graduada de Unifranz Valeria Soliz.<\/span><\/p>\n<p><span style=\"color: #000000;\">En total, se benefici\u00f3 a 35 mujeres con la toma de muestras. Los resultados saldr\u00e1n luego de tres meses, debido a que las pruebas son enviadas al Hospital Oncol\u00f3gico, que es la \u00fanica instituci\u00f3n de salud p\u00fablica autorizada para realizar este tipo de an\u00e1lisis en laboratorio.<\/span><\/p>\n<p><span style=\"color: #000000;\">Por su parte, el m\u00e9dico cirujano y voluntario de la Fundaci\u00f3n Unifranz, Jos\u00e9 Antonio Rivero, se\u00f1al\u00f3 que esta actividad ayuda a prevenir que las mujeres ingresen en una situaci\u00f3n de riesgo y, en caso de que se detecte alguna enfermedad, puedan acceder al tratamiento oportuno.<\/span><\/p>\n<p><span style=\"color: #000000;\">\u201cYo me form\u00e9 como m\u00e9dico para ayudar a los dem\u00e1s, me da mucha satisfacci\u00f3n sentir el agradecimiento de las pacientes que hemos atendido. Esta actividad que lidera la Fundaci\u00f3n Unifranz ayuda a prevenir enfermedades como el c\u00e1ncer de cuello uterino, adem\u00e1s que atendemos diferentes malestares y dudas que tienen\u201d, asegur\u00f3 Rivero.<\/span><\/p>\n<p><img loading=\"lazy\" decoding=\"async\" class=\"alignnone wp-image-276007 size-large\" src=\"https:\/\/unifranz.edu.bo\/wp-content\/uploads\/2024\/05\/IMG_4040-1024x683.jpeg\" alt=\"\" width=\"1024\" height=\"683\" srcset=\"https:\/\/unifranz.edu.bo\/wp-content\/uploads\/2024\/05\/IMG_4040-1024x683.jpeg 1024w, https:\/\/unifranz.edu.bo\/wp-content\/uploads\/2024\/05\/IMG_4040-300x200.jpeg 300w, https:\/\/unifranz.edu.bo\/wp-content\/uploads\/2024\/05\/IMG_4040-768x512.jpeg 768w, https:\/\/unifranz.edu.bo\/wp-content\/uploads\/2024\/05\/IMG_4040-18x12.jpeg 18w, https:\/\/unifranz.edu.bo\/wp-content\/uploads\/2024\/05\/IMG_4040.jpeg 1290w\" sizes=\"auto, (max-width: 1024px) 100vw, 1024px\" \/><\/p>\n<p><span style=\"color: #000000;\"><strong>Brigadas de salud y esperanza<\/strong><\/span><\/p>\n<p><span style=\"color: #000000;\">El cari\u00f1o de los funcionarios y de las privadas de libertad se hizo sentir en los voluntarios de la fundaci\u00f3n y de la Red Alumni de Unifranz. Un espacio con muchas carencias y personas con diferentes necesidades m\u00e9dicas gener\u00f3 el agradecimiento de quienes muchas veces piden ser atendidas, pero muy pocas son escuchadas.<\/span><\/p>\n<p><span style=\"color: #000000;\">Por ejemplo, Tatiana, quien ingres\u00f3 hace siete meses al centro de rehabilitaci\u00f3n, no fue atendida por un especialista a pesar de sentir malestares en su bajo vientre hace tres semanas. La oriunda de Beni lleg\u00f3 a Santa Cruz en busca de mejores oportunidades, pero acercarse a las personas equivocadas, ocasion\u00f3 que deba pagar condena por un robo que asegura no cometi\u00f3.<\/span><\/p>\n<p><span style=\"color: #000000;\">\u201cCulpables y no culpables, todas necesitamos atenci\u00f3n m\u00e9dica, algunas m\u00e1s urgentes que otras. La llegada de los m\u00e9dicos de Unifranz nos da seguridad y tranquilidad, porque han sido muy amables y atentos con nosotras. No s\u00f3lo nos han realizado la prueba del Papanicolaou, sino que tambi\u00e9n nos dieron medicamentos para atender malestares que ya tenemos hace tiempo\u201d, destac\u00f3 la joven de 24 a\u00f1os.<\/span><\/p>\n<p><span style=\"color: #000000;\">A\u00f1adi\u00f3 que, a pesar de que los administradores y responsables del centro hacen sus mayores esfuerzos para conseguir y dar el mejor servicio de salud, hace falta ayuda de las autoridades municipales y nacionales.<\/span><\/p>\n<p><span style=\"color: #000000;\">Por su parte, el encargado general de Cerprom, Israel Garc\u00eda, manifest\u00f3 su agradecimiento hacia la fundaci\u00f3n y Red Alumni Unifranz.<\/span><\/p>\n<p><span style=\"color: #000000;\">\u201cFelicitamos a todos los voluntarios que han venido a hacer este trabajo humanitario, porque se necesita tener mucha empat\u00eda por las privadas de libertad para estar en este lugar. Nosotros carecemos de salud p\u00fablica y de servicio social, por eso recibimos tan emocionados su visita, porque adem\u00e1s de brindarles atenci\u00f3n m\u00e9dica, les generan gran alegr\u00eda a ellas\u201d, enfatiz\u00f3 Garc\u00eda.<\/span><\/p>\n<p><img loading=\"lazy\" decoding=\"async\" class=\"alignnone wp-image-276008 size-large\" src=\"https:\/\/unifranz.edu.bo\/wp-content\/uploads\/2024\/05\/IMG_3675-1024x768.jpg\" alt=\"\" width=\"1024\" height=\"768\" srcset=\"https:\/\/unifranz.edu.bo\/wp-content\/uploads\/2024\/05\/IMG_3675-1024x768.jpg 1024w, https:\/\/unifranz.edu.bo\/wp-content\/uploads\/2024\/05\/IMG_3675-300x225.jpg 300w, https:\/\/unifranz.edu.bo\/wp-content\/uploads\/2024\/05\/IMG_3675-768x576.jpg 768w, https:\/\/unifranz.edu.bo\/wp-content\/uploads\/2024\/05\/IMG_3675-1536x1152.jpg 1536w, https:\/\/unifranz.edu.bo\/wp-content\/uploads\/2024\/05\/IMG_3675-2048x1536.jpg 2048w, https:\/\/unifranz.edu.bo\/wp-content\/uploads\/2024\/05\/IMG_3675-16x12.jpg 16w\" sizes=\"auto, (max-width: 1024px) 100vw, 1024px\" \/><\/p>\n<p><span style=\"color: #000000;\"><strong>Trabajo en equipo<\/strong><\/span><\/p>\n<p><span style=\"color: #000000;\">La atenci\u00f3n comenz\u00f3 con el triaje realizado por estudiantes de la carrera de Enfermer\u00eda. Ellas tomaron los signos vitales de todas las pacientes y las derivaron a los diferentes m\u00e9dicos para que sean atendidas.<\/span><\/p>\n<p><span style=\"color: #000000;\">Luego, los estudiantes y profesionales en Medicina realizaron la prueba del Papanicolaou a quienes aceptaban de manera voluntaria. Al finalizar la atenci\u00f3n, recibieron un refrigerio y un obsequio por parte de la fundaci\u00f3n.<\/span><\/p>\n<p><span style=\"color: #000000;\">\u201cEstudiantes y profesionales se unieron al trabajo solidario que realizamos en la Fundaci\u00f3n Unifranz compartiendo sus conocimientos y experiencias para ayudar a quienes m\u00e1s lo necesitan. Muchas veces sus voces no son escuchadas, es por eso que nosotros nos convertimos en un instrumento para ayudar y para dar a conocer la realidad que viven\u201d, se\u00f1al\u00f3 la coordinadora de la fundaci\u00f3n en Santa Cruz, Ninoska Ch\u00e1vez.<\/span><\/p>\n<p><span style=\"color: #000000;\">Mantente al tanto del trabajo que realiza la Fundaci\u00f3n Unifranz en el siguiente enlace:<\/span> <a href=\"https:\/\/www.fundacionunifranz.org\/\" target=\"_blank\" rel=\"noopener\">https:\/\/www.fundacionunifranz.org\/<\/a><\/p>","protected":false},"excerpt":{"rendered":"<p>Una brigada de salud conformada por integrantes de la Fundaci\u00f3n Unifranz y la Red Alumni lleg\u00f3 al Centro de Readaptaci\u00f3n Productiva de Montero (Cerprom) para brindar atenci\u00f3n m\u00e9dica integral y tomar muestras de Papanicolaou a las privadas de libertad. Este equipo de voluntarios estuvo conformado por profesionales y estudiantes de Medicina y Enfermer\u00eda. \u201cEs la &hellip; <a href=\"https:\/\/unifranz.edu.bo\/pt\/blog\/fundacion-unifranz-y-red-alumni-llevan-atencion-medica-a-internas-de-la-carcel-de-montero\/\">Continued<\/a><\/p>","protected":false},"author":33,"featured_media":276006,"comment_status":"open","ping_status":"open","sticky":false,"template":"","format":"standard","meta":{"_acf_changed":false,"footnotes":""},"categories":[60,1938,2424],"tags":[2432,3898,8622,236,8620,5522,184],"class_list":["post-276005","post","type-post","status-publish","format-standard","has-post-thumbnail","hentry","category-blog","category-fundacion-unifranz","category-red-alumni","tag-cerprom","tag-cancer-de-cuello-uterino","tag-carcel-de-montero","tag-fundacion-unifranz","tag-montero","tag-red-alumni-unifranz","tag-solidaridad"],"acf":[],"_links":{"self":[{"href":"https:\/\/unifranz.edu.bo\/pt\/wp-json\/wp\/v2\/posts\/276005","targetHints":{"allow":["GET"]}}],"collection":[{"href":"https:\/\/unifranz.edu.bo\/pt\/wp-json\/wp\/v2\/posts"}],"about":[{"href":"https:\/\/unifranz.edu.bo\/pt\/wp-json\/wp\/v2\/types\/post"}],"author":[{"embeddable":true,"href":"https:\/\/unifranz.edu.bo\/pt\/wp-json\/wp\/v2\/users\/33"}],"replies":[{"embeddable":true,"href":"https:\/\/unifranz.edu.bo\/pt\/wp-json\/wp\/v2\/comments?post=276005"}],"version-history":[{"count":1,"href":"https:\/\/unifranz.edu.bo\/pt\/wp-json\/wp\/v2\/posts\/276005\/revisions"}],"predecessor-version":[{"id":276009,"href":"https:\/\/unifranz.edu.bo\/pt\/wp-json\/wp\/v2\/posts\/276005\/revisions\/276009"}],"wp:featuredmedia":[{"embeddable":true,"href":"https:\/\/unifranz.edu.bo\/pt\/wp-json\/wp\/v2\/media\/276006"}],"wp:attachment":[{"href":"https:\/\/unifranz.edu.bo\/pt\/wp-json\/wp\/v2\/media?parent=276005"}],"wp:term":[{"taxonomy":"category","embeddable":true,"href":"https:\/\/unifranz.edu.bo\/pt\/wp-json\/wp\/v2\/categories?post=276005"},{"taxonomy":"post_tag","embeddable":true,"href":"https:\/\/unifranz.edu.bo\/pt\/wp-json\/wp\/v2\/tags?post=276005"}],"curies":[{"name":"wp","href":"https:\/\/api.w.org\/{rel}","templated":true}]}}