{"id":274166,"date":"2024-05-17T17:33:55","date_gmt":"2024-05-17T21:33:55","guid":{"rendered":"https:\/\/unifranz.edu.bo\/?p=274166"},"modified":"2024-05-17T17:51:29","modified_gmt":"2024-05-17T21:51:29","slug":"periodistas-de-trayectoria-establecen-dialogo-con-futuros-licenciados-en-periodismo-de-unifranz","status":"publish","type":"post","link":"https:\/\/unifranz.edu.bo\/pt\/blog\/periodistas-de-trayectoria-establecen-dialogo-con-futuros-licenciados-en-periodismo-de-unifranz\/","title":{"rendered":"Periodistas de trayectoria establecen di\u00e1logo con futuros licenciados en Periodismo de Unifranz"},"content":{"rendered":"<p><span style=\"color: #000000;\">La Universidad Franz Tamayo, Unifranz sede Santa Cruz, a trav\u00e9s de la carrera de Periodismo, organiz\u00f3 el conversatorio \u201cPeriodismo emergente en la era digital: nuevas ideas, nuevos actores\u201d. La actividad acad\u00e9mica tuvo como protagonistas a los periodistas bolivianos Jorge A\u00f1ez, Mariana Garc\u00eda y Christopher Andr\u00e9, quienes brindaron algunos consejos para ejercer la profesi\u00f3n.<\/span><\/p>\n<p><span style=\"color: #000000;\">\u201cEn el periodismo podemos ser profundos sin ser rebuscados en el lenguaje, esa es la verdadera profundidad, hablar para que toda la gente nos pueda entender, pero plantear ideas pesadas al respecto. Si voy a hablar del sistema p\u00fablico de salud y nunca fui a un hospital p\u00fablico, yo no deber\u00eda hablar o escribir del tema\u201d, aconsej\u00f3 A\u00f1ez, periodista multimedia de El Deber.<\/span><\/p>\n<p><img loading=\"lazy\" decoding=\"async\" class=\"alignnone wp-image-274167 size-full\" src=\"https:\/\/unifranz.edu.bo\/wp-content\/uploads\/2024\/05\/WhatsApp-Image-2024-05-17-at-17.09.52.jpeg\" alt=\"\" width=\"1000\" height=\"1000\" srcset=\"https:\/\/unifranz.edu.bo\/wp-content\/uploads\/2024\/05\/WhatsApp-Image-2024-05-17-at-17.09.52.jpeg 1000w, https:\/\/unifranz.edu.bo\/wp-content\/uploads\/2024\/05\/WhatsApp-Image-2024-05-17-at-17.09.52-300x300.jpeg 300w, https:\/\/unifranz.edu.bo\/wp-content\/uploads\/2024\/05\/WhatsApp-Image-2024-05-17-at-17.09.52-768x768.jpeg 768w, https:\/\/unifranz.edu.bo\/wp-content\/uploads\/2024\/05\/WhatsApp-Image-2024-05-17-at-17.09.52-12x12.jpeg 12w\" sizes=\"auto, (max-width: 1000px) 100vw, 1000px\" \/><\/p>\n<p><span style=\"color: #000000;\">El comunicador se refiri\u00f3 a la incursi\u00f3n de j\u00f3venes que generan contenido en redes sociales. Hizo \u00e9nfasis en la importancia de prepararse para dar a conocer una informaci\u00f3n.<\/span><\/p>\n<p><span style=\"color: #000000;\">\u201cHay generadores de contenido de todo gusto y todos merecen su p\u00fablico. El problema es que cuando se habla de periodismo tiene que ver con un servicio de \u00edndole social. Traerlo a que hable de temas m\u00e1s \u00e1lgidos es m\u00e1s responsabilidad de quien lo trajo. Si viene y trata de aprender, ya es otra cosa, est\u00e1 en todo su derecho y es absolutamente v\u00e1lido\u201d, resalt\u00f3 A\u00f1ez.<\/span><\/p>\n<p><span style=\"color: #000000;\">Asegur\u00f3 que el periodista debe ser militante de la verdad y no contar verdades a medias. Agreg\u00f3 que la audiencia debe saber y sentir que el periodista se prepar\u00f3 para dirigirse a ella, porque a trav\u00e9s de los medios de comunicaci\u00f3n se informa, educa y entretiene.<\/span><\/p>\n<p><span style=\"color: #000000;\">Por su parte, el editor web de Unitel, Christopher Andr\u00e9, indic\u00f3 que el periodismo es un oficio atrapante y que sorprende a quien lo ejerce.<\/span><\/p>\n<p><span style=\"color: #000000;\">\u201cEl periodismo nos lleva a lugares incre\u00edbles, a conocer personas que tal vez estando en otro rubro no lograr\u00edamos conocer. Quien se inicia en esta noble labor ya no quiere soltarla luego, es un oficio que te atrapa y no te suelta\u201d, expres\u00f3 Andr\u00e9.<\/span><\/p>\n<p><span style=\"color: #000000;\">El especialista en periodismo digital enfatiz\u00f3 que, con la llegada de la digitalizaci\u00f3n, el periodismo se volvi\u00f3 m\u00e1s competitivo. Dijo que en el momento en el que el profesional no est\u00e1 listo para afrontar los desaf\u00edos que plantea la generaci\u00f3n de nuevas tecnolog\u00edas, estar\u00e1 en desventaja.<\/span><\/p>\n<p><img loading=\"lazy\" decoding=\"async\" class=\"alignnone wp-image-274169 size-large\" src=\"https:\/\/unifranz.edu.bo\/wp-content\/uploads\/2024\/05\/WhatsApp-Image-2024-05-09-at-17.43.53-1024x1024.jpeg\" alt=\"\" width=\"1024\" height=\"1024\" srcset=\"https:\/\/unifranz.edu.bo\/wp-content\/uploads\/2024\/05\/WhatsApp-Image-2024-05-09-at-17.43.53-1024x1024.jpeg 1024w, https:\/\/unifranz.edu.bo\/wp-content\/uploads\/2024\/05\/WhatsApp-Image-2024-05-09-at-17.43.53-300x300.jpeg 300w, https:\/\/unifranz.edu.bo\/wp-content\/uploads\/2024\/05\/WhatsApp-Image-2024-05-09-at-17.43.53-768x768.jpeg 768w, https:\/\/unifranz.edu.bo\/wp-content\/uploads\/2024\/05\/WhatsApp-Image-2024-05-09-at-17.43.53-12x12.jpeg 12w, https:\/\/unifranz.edu.bo\/wp-content\/uploads\/2024\/05\/WhatsApp-Image-2024-05-09-at-17.43.53.jpeg 1280w\" sizes=\"auto, (max-width: 1024px) 100vw, 1024px\" \/><\/p>\n<p><span style=\"color: #000000;\"><strong>Competencias de un periodista<\/strong><\/span><\/p>\n<p><span style=\"color: #000000;\">En su acontecer laboral, Andr\u00e9 debe reclutar profesionales para que se unan a su equipo de trabajo. Indic\u00f3 que, al momento de finalizar las entrevistas, considera dos factores fundamentales para elegir a la persona indicada.<\/span><\/p>\n<p><span style=\"color: #000000;\">\u201cA los futuros licenciados en Periodismo les dar\u00eda dos consejos: el primero ser\u00eda leer, porque si uno es lector, tendr\u00e1 la capacidad de redactar buen periodismo. El otro es que aprendan a editar video. Cuando yo hago entrevistas de trabajo, pregunto esas dos cosas; si leen y cu\u00e1l es su nivel en edici\u00f3n de video. Porque el video es el presente y futuro del contenido en plataformas digitales\u201d, afirm\u00f3 el colaborador de Unitel.<\/span><\/p>\n<p><span style=\"color: #000000;\"><strong>La mujer en el Periodismo Deportivo<\/strong><\/span><\/p>\n<p><span style=\"color: #000000;\">Mariana Garc\u00eda inici\u00f3 su carrera en el periodismo en Unitel. Luego de un tiempo en esa red nacional decidi\u00f3 especializarse en Periodismo Deportivo. Su talento, disciplina y preparaci\u00f3n la llevaron a ocupar cargos en el \u00e1rea de comunicaci\u00f3n en el club Nacional, de Uruguay, y como jefa de prensa del Club Bol\u00edvar.<\/span><\/p>\n<p><span style=\"color: #000000;\">La periodista asegur\u00f3 que no fue f\u00e1cil abrirse camino en un \u00e1mbito en el que la mayor\u00eda de los profesionales son varones, pero sostuvo que con dedicaci\u00f3n y mucho estudio, logr\u00f3 cumplir varios sue\u00f1os y objetivos.<\/span><\/p>\n<p><span style=\"color: #000000;\">\u201cEs importante que seamos conscientes de que, si algo nos gusta y queremos vivir de ello, tenemos que prepararnos y actualizarnos constantemente. El mundo y la tecnolog\u00eda van evolucionando cada vez m\u00e1s de una manera tan acelerada, que no tenemos opci\u00f3n a estancarnos\u201d, destac\u00f3 Garc\u00eda.<\/span><\/p>\n<p><img loading=\"lazy\" decoding=\"async\" class=\"alignnone wp-image-274168 size-large\" src=\"https:\/\/unifranz.edu.bo\/wp-content\/uploads\/2024\/05\/WhatsApp-Image-2024-05-09-at-15.49.26-1024x1020.jpeg\" alt=\"\" width=\"1024\" height=\"1020\" srcset=\"https:\/\/unifranz.edu.bo\/wp-content\/uploads\/2024\/05\/WhatsApp-Image-2024-05-09-at-15.49.26-1024x1020.jpeg 1024w, https:\/\/unifranz.edu.bo\/wp-content\/uploads\/2024\/05\/WhatsApp-Image-2024-05-09-at-15.49.26-300x300.jpeg 300w, https:\/\/unifranz.edu.bo\/wp-content\/uploads\/2024\/05\/WhatsApp-Image-2024-05-09-at-15.49.26-768x765.jpeg 768w, https:\/\/unifranz.edu.bo\/wp-content\/uploads\/2024\/05\/WhatsApp-Image-2024-05-09-at-15.49.26-12x12.jpeg 12w, https:\/\/unifranz.edu.bo\/wp-content\/uploads\/2024\/05\/WhatsApp-Image-2024-05-09-at-15.49.26.jpeg 1179w\" sizes=\"auto, (max-width: 1024px) 100vw, 1024px\" \/><\/p>\n<p>&nbsp;<\/p>\n<p><span style=\"color: #000000;\"><strong>La \u00fanica universidad boliviana con licenciatura en Periodismo<\/strong><\/span><\/p>\n<p><span style=\"color: #000000;\">Unifranz es la \u00fanica universidad en Bolivia que ofrece la carrera de Periodismo en grado de licenciatura. Adem\u00e1s, los estudiantes pueden elegir entre Periodismo Digital o Periodismo Investigativo y de Datos como menci\u00f3n de especialidad.<\/span><\/p>\n<p><span style=\"color: #000000;\">El periodista formado en Unifranz puede trabajar en medios de comunicaci\u00f3n, medios digitales, empresas p\u00fablicas y privadas, consultor\u00eda y asesor\u00eda de comunicaci\u00f3n, agencias de comunicaci\u00f3n y relaciones p\u00fablicas, medios independientes, organizaciones internacionales y ONG.<\/span><\/p>\n<p><span style=\"color: #000000;\">Conoce m\u00e1s de la carrera de Periodismo en el siguiente enlace:<\/span> <a href=\"https:\/\/ux.unifranz.edu.bo\/periodismo\">https:\/\/ux.unifranz.edu.bo\/periodismo<\/a><\/p>\n<p>&nbsp;<\/p>","protected":false},"excerpt":{"rendered":"<p>La Universidad Franz Tamayo, Unifranz sede Santa Cruz, a trav\u00e9s de la carrera de Periodismo, organiz\u00f3 el conversatorio \u201cPeriodismo emergente en la era digital: nuevas ideas, nuevos actores\u201d. La actividad acad\u00e9mica tuvo como protagonistas a los periodistas bolivianos Jorge A\u00f1ez, Mariana Garc\u00eda y Christopher Andr\u00e9, quienes brindaron algunos consejos para ejercer la profesi\u00f3n. \u201cEn el &hellip; <a href=\"https:\/\/unifranz.edu.bo\/pt\/blog\/periodistas-de-trayectoria-establecen-dialogo-con-futuros-licenciados-en-periodismo-de-unifranz\/\">Continued<\/a><\/p>","protected":false},"author":33,"featured_media":274177,"comment_status":"open","ping_status":"open","sticky":false,"template":"","format":"standard","meta":{"_acf_changed":false,"footnotes":""},"categories":[60,1950,1930],"tags":[8600,677,268,7361,8562,8602,1650,278,1382,2070,8598],"class_list":["post-274166","post","type-post","status-publish","format-standard","has-post-thumbnail","hentry","category-blog","category-calidad-academica","category-periodismo","tag-christopher-andre","tag-el-deber","tag-investigacion","tag-jorge-anez","tag-licenciatura-en-periodismo","tag-mariana-garcia","tag-mejores-universidades-de-bolivia","tag-periodismo","tag-periodismo-deportivo","tag-periodismo-digital","tag-unitel"],"acf":[],"_links":{"self":[{"href":"https:\/\/unifranz.edu.bo\/pt\/wp-json\/wp\/v2\/posts\/274166","targetHints":{"allow":["GET"]}}],"collection":[{"href":"https:\/\/unifranz.edu.bo\/pt\/wp-json\/wp\/v2\/posts"}],"about":[{"href":"https:\/\/unifranz.edu.bo\/pt\/wp-json\/wp\/v2\/types\/post"}],"author":[{"embeddable":true,"href":"https:\/\/unifranz.edu.bo\/pt\/wp-json\/wp\/v2\/users\/33"}],"replies":[{"embeddable":true,"href":"https:\/\/unifranz.edu.bo\/pt\/wp-json\/wp\/v2\/comments?post=274166"}],"version-history":[{"count":1,"href":"https:\/\/unifranz.edu.bo\/pt\/wp-json\/wp\/v2\/posts\/274166\/revisions"}],"predecessor-version":[{"id":274170,"href":"https:\/\/unifranz.edu.bo\/pt\/wp-json\/wp\/v2\/posts\/274166\/revisions\/274170"}],"wp:featuredmedia":[{"embeddable":true,"href":"https:\/\/unifranz.edu.bo\/pt\/wp-json\/wp\/v2\/media\/274177"}],"wp:attachment":[{"href":"https:\/\/unifranz.edu.bo\/pt\/wp-json\/wp\/v2\/media?parent=274166"}],"wp:term":[{"taxonomy":"category","embeddable":true,"href":"https:\/\/unifranz.edu.bo\/pt\/wp-json\/wp\/v2\/categories?post=274166"},{"taxonomy":"post_tag","embeddable":true,"href":"https:\/\/unifranz.edu.bo\/pt\/wp-json\/wp\/v2\/tags?post=274166"}],"curies":[{"name":"wp","href":"https:\/\/api.w.org\/{rel}","templated":true}]}}