{"id":274158,"date":"2024-05-17T16:26:21","date_gmt":"2024-05-17T20:26:21","guid":{"rendered":"https:\/\/unifranz.edu.bo\/?p=274158"},"modified":"2024-05-17T22:02:21","modified_gmt":"2024-05-18T02:02:21","slug":"unifranz-y-la-fundacion-cimas-de-la-esperanza-abren-nuevos-caminos-paises-en-la-lucha-contra-el-cancer","status":"publish","type":"post","link":"https:\/\/unifranz.edu.bo\/pt\/blog\/unifranz-y-la-fundacion-cimas-de-la-esperanza-abren-nuevos-caminos-paises-en-la-lucha-contra-el-cancer\/","title":{"rendered":"Unifranz y las Fundaciones Cimas y Esperanza abren \u00abNuevos caminos\u00bb, un conversatorio que une a pa\u00edses en la lucha contra el c\u00e1ncer"},"content":{"rendered":"<p><span style=\"color: #000000;\">Por Fernando Garc\u00eda<\/span><\/p>\n<p><span style=\"font-weight: 400; color: #000000;\">Conquistar la c\u00faspide de una monta\u00f1a demanda del escalador fuerza f\u00edsica y mental, resiliencia, determinaci\u00f3n y estar dispuesto a levantarse una innumerable cantidad de veces, hasta llegar a la cima y contemplar desde lo alto el camino andado.<\/span><\/p>\n<p><span style=\"font-weight: 400; color: #000000;\">Librar una batalla contra el c\u00e1ncer es el s\u00edmil m\u00e1s cercano a recorrer ese tosco camino que se extiende desde la explanada hasta el pico de un macizo. Quienes sobrevivieron a esta enfermedad suelen llamar al proceso \u201cascensi\u00f3n a la esperanza\u201d.<\/span><\/p>\n<p><span style=\"font-weight: 400; color: #000000;\">Fundaci\u00f3n Unifranz, en un trabajo conjunto con la Fundaci\u00f3n Cimas de la Esperanza, la Fundaci\u00f3n Nuestra Esperanza y la carrera de Psicolog\u00eda de la Universidad Franz Tamayo, Unifranz, pusieron a Bolivia en el mapa de un grupo de sobrevivientes del c\u00e1ncer que se dedican a conquistar algunas de las monta\u00f1as m\u00e1s desafiantes del mundo, como una forma de honrar la lucha de cientos de miles de enfermos.<\/span><\/p>\n<p><span style=\"color: #000000;\"><b>Di\u00e1logos que enriquecen<\/b><\/span><\/p>\n<p><span style=\"font-weight: 400; color: #000000;\">Detr\u00e1s de cada persona hay una historia, y detr\u00e1s de cada sobreviviente de c\u00e1ncer esa historia es de una lucha convertida en fuente de inspiraci\u00f3n. Darle pelea a la enfermedad, eludir la muerte y encontrarle sentido a la vida es lo que tienen en com\u00fan 15 personas que, adem\u00e1s de librar la batalla e imponerse al c\u00e1ncer, hoy comparten sus experiencias y transmiten su fortaleza. En Bolivia, lo har\u00e1n a trav\u00e9s del conversatorio \u201cNuevos caminos\u201d.<\/span><\/p>\n<p><span style=\"font-weight: 400; color: #000000;\">\u201cOrganizar este conversatorio, para nosotros representa la posibilidad de internacionalizar un proceso de resiliencia mediante la historia personal de cada uno de los escaladores mexicanos y franceses que nos visitar\u00e1n\u201d, explic\u00f3 la directora de Fundaci\u00f3n Unifranz, Mar\u00eda del Pilar Hidalgo, instituci\u00f3n que hace posible la visita.<\/span><\/p>\n<p><span style=\"font-weight: 400; color: #000000;\">Los escaladores de los que habla la responsable de la fundaci\u00f3n universitaria son todos sobrevivientes de distintos tipos de c\u00e1ncer, quienes llegar\u00e1n por primera vez al pa\u00eds para entablar una conversaci\u00f3n con la comunidad, en un espacio en el que compartir\u00e1n sus vivencias, desde el diagn\u00f3stico hasta la sanaci\u00f3n.<\/span><\/p>\n<p><span style=\"font-weight: 400; color: #000000;\">\u201cEntre los participantes de esta aventura extraordinaria se encuentran valientes sobrevivientes, como Ximena Guti\u00e9rrez Jim\u00e9nez, quien super\u00f3 un osteosarcoma y la amputaci\u00f3n de su pierna izquierda; V\u00edctor Vergara D\u00edaz, quien venci\u00f3 a la retinoblastoma (c\u00e1ncer del globo ocular), a pesar de la p\u00e9rdida de su ojo derecho; Fernando Mendoza, quien enfrent\u00f3 valientemente la amputaci\u00f3n de su pierna izquierda, y Rosa Santill\u00e1n, una guerrera que triunf\u00f3 sobre el c\u00e1ncer de mama, entre otros\u201d, anunci\u00f3 la Fundaci\u00f3n Cimas de la Esperanza, organizaci\u00f3n franco-mexicana que re\u00fane a estos sobrevivientes.<\/span><\/p>\n<p><span style=\"font-weight: 400; color: #000000;\">Las instituciones que forman parte de la iniciativa buscan inspirar y extender apoyo a las personas que luchan contra el c\u00e1ncer, mostr\u00e1ndoles que \u201ccada d\u00eda es una nueva oportunidad para luchar y vencer\u201d, motivo por el cual tendieron lazos con Bolivia, a trav\u00e9s de Fundaci\u00f3n Unifranz, para generar consciencia sobre la enfermedad y transmitir un mensaje poderoso de superaci\u00f3n.<\/span><\/p>\n<p><span style=\"font-weight: 400; color: #000000;\">\u201cEste conversatorio est\u00e1 dirigido a estudiantes, j\u00f3venes universitarios que muchas veces no tienen un ejemplo de vida, queremos compartir motivaci\u00f3n, que sepan que, aunque siempre habr\u00e1 momentos dif\u00edciles, depende de nuestra actitud c\u00f3mo enfrentamos estos retos\u201d, sostuvo M\u00f3nica M\u00e9ndez, presidenta de la Fundaci\u00f3n Nuestra Esperanza, otra de las instituciones que trabajan con Unifranz, para asistir a los enfermos de c\u00e1ncer y sus familias.<\/span><\/p>\n<figure id=\"attachment_274162\" aria-describedby=\"caption-attachment-274162\" style=\"width: 915px\" class=\"wp-caption aligncenter\"><img loading=\"lazy\" decoding=\"async\" class=\"wp-image-274162\" src=\"https:\/\/unifranz.edu.bo\/wp-content\/uploads\/2024\/05\/cima-esperanza1-blog-min-300x155.jpg\" alt=\"\" width=\"915\" height=\"473\" srcset=\"https:\/\/unifranz.edu.bo\/wp-content\/uploads\/2024\/05\/cima-esperanza1-blog-min-300x155.jpg 300w, https:\/\/unifranz.edu.bo\/wp-content\/uploads\/2024\/05\/cima-esperanza1-blog-min-1024x529.jpg 1024w, https:\/\/unifranz.edu.bo\/wp-content\/uploads\/2024\/05\/cima-esperanza1-blog-min-768x397.jpg 768w, https:\/\/unifranz.edu.bo\/wp-content\/uploads\/2024\/05\/cima-esperanza1-blog-min-18x9.jpg 18w, https:\/\/unifranz.edu.bo\/wp-content\/uploads\/2024\/05\/cima-esperanza1-blog-min.jpg 1200w\" sizes=\"auto, (max-width: 915px) 100vw, 915px\" \/><figcaption id=\"caption-attachment-274162\" class=\"wp-caption-text\"><em><span style=\"color: #000000;\">Fundaci\u00f3n Unifranz y la Fundaci\u00f3n Cimas de la Esperanza abren \u00abNuevos caminos\u00bb, un conversatorio que une a 3 pa\u00edses en torno a la lucha contra el c\u00e1ncer<\/span><\/em><\/figcaption><\/figure>\n<p><span style=\"color: #000000;\"><b>Ejemplos de superaci\u00f3n<\/b><\/span><\/p>\n<p><span style=\"font-weight: 400; color: #000000;\">El conversatorio \u201cNuevos caminos\u201d se llevar\u00e1 a cabo la ma\u00f1ana del mi\u00e9rcoles 22 de mayo, en el auditorio de Unifranz sede La Paz, donde los estudiantes de la carrera de Psicolog\u00eda colaborar\u00e1n en la organizaci\u00f3n del encuentro. Ese d\u00eda, adem\u00e1s de la conferencia de prensa y el di\u00e1logo con los sobrevivientes, se proyectar\u00e1n los documentales producidos por la Fundaci\u00f3n Cimas de la Esperanza.<\/span><\/p>\n<p><span style=\"font-weight: 400; color: #000000;\">\u201cDurante nuestra estancia en La Paz visitaremos a la Fundaci\u00f3n Nuestra Esperanza, que en colaboraci\u00f3n con la carrera de Psicolog\u00eda de la Universidad Franz Tamayo y la Fundaci\u00f3n Unifranz ser\u00e1n los organizadores de este encuentro; proyectaremos nuestros documentales y realizaremos un conversatorio para que la comunidad educativa conozca este importante mensaje de resiliencia\u201d, adelant\u00f3 la fundaci\u00f3n internacional.<\/span><\/p>\n<p><span style=\"font-weight: 400; color: #000000;\">En consecuencia del trabajo conjunto, Fundaci\u00f3n Unifranz y su hom\u00f3loga Nuestra Esperanza permitieron darles una oportunidad a los j\u00f3venes sobrevivientes del c\u00e1ncer con la otorgaci\u00f3n de becas de estudios superiores.<\/span><\/p>\n<p><span style=\"font-weight: 400; color: #000000;\">\u201cEsta es una actividad que combinamos con la Fundaci\u00f3n Nuestra Esperanza, con la que becamos a sobrevivientes de c\u00e1ncer en nuestras carreras y los formamos acad\u00e9micamente, para que estas voces del futuro, con su legado transformador e historias, transformen el pensamiento\u201d, afirm\u00f3 Hidalgo.<\/span><\/p>\n<p><span style=\"color: #000000;\"><span style=\"font-weight: 400;\">Para ser parte del conversatorio \u201cNuevos caminos\u201d, los interesados deben llenar el formulario habilitado en este <\/span><a style=\"color: #000000;\" href=\"https:\/\/forms.gle\/jbqsZ4h8UKQm7cE27\" target=\"_blank\" rel=\"noopener\"><span style=\"font-weight: 400;\">link<\/span><\/a><span style=\"font-weight: 400;\">, con el que podr\u00e1n asegurarse una plaza en el auditorio de la universidad.<\/span><\/span><\/p>\n<p><span style=\"font-weight: 400; color: #000000;\">Unifranz, a trav\u00e9s de su fundaci\u00f3n, desarrolla e implementa programas y proyectos en las \u00e1reas de salud, educaci\u00f3n e investigaci\u00f3n; ejecuta acciones relacionadas a esos \u00e1mbitos, en beneficio de la sociedad boliviana.<\/span><\/p>","protected":false},"excerpt":{"rendered":"<p>Por Fernando Garc\u00eda Conquistar la c\u00faspide de una monta\u00f1a demanda del escalador fuerza f\u00edsica y mental, resiliencia, determinaci\u00f3n y estar dispuesto a levantarse una innumerable cantidad de veces, hasta llegar a la cima y contemplar desde lo alto el camino andado. Librar una batalla contra el c\u00e1ncer es el s\u00edmil m\u00e1s cercano a recorrer ese &hellip; <a href=\"https:\/\/unifranz.edu.bo\/pt\/blog\/unifranz-y-la-fundacion-cimas-de-la-esperanza-abren-nuevos-caminos-paises-en-la-lucha-contra-el-cancer\/\">Continued<\/a><\/p>","protected":false},"author":45,"featured_media":274160,"comment_status":"open","ping_status":"open","sticky":false,"template":"","format":"standard","meta":{"_acf_changed":false,"footnotes":""},"categories":[60,1862,1938,1782,2266],"tags":[2340,8596,7760,8594,236,8592,242],"class_list":["post-274158","post","type-post","status-publish","format-standard","has-post-thumbnail","hentry","category-blog","category-educacion","category-fundacion-unifranz","category-unifranz","category-voluntariado","tag-cancer","tag-escaladores","tag-esperanza","tag-fundacion-cimas-de-esperanza","tag-fundacion-unifranz","tag-nuevos-caminos","tag-unifranz"],"acf":[],"_links":{"self":[{"href":"https:\/\/unifranz.edu.bo\/pt\/wp-json\/wp\/v2\/posts\/274158","targetHints":{"allow":["GET"]}}],"collection":[{"href":"https:\/\/unifranz.edu.bo\/pt\/wp-json\/wp\/v2\/posts"}],"about":[{"href":"https:\/\/unifranz.edu.bo\/pt\/wp-json\/wp\/v2\/types\/post"}],"author":[{"embeddable":true,"href":"https:\/\/unifranz.edu.bo\/pt\/wp-json\/wp\/v2\/users\/45"}],"replies":[{"embeddable":true,"href":"https:\/\/unifranz.edu.bo\/pt\/wp-json\/wp\/v2\/comments?post=274158"}],"version-history":[{"count":5,"href":"https:\/\/unifranz.edu.bo\/pt\/wp-json\/wp\/v2\/posts\/274158\/revisions"}],"predecessor-version":[{"id":274193,"href":"https:\/\/unifranz.edu.bo\/pt\/wp-json\/wp\/v2\/posts\/274158\/revisions\/274193"}],"wp:featuredmedia":[{"embeddable":true,"href":"https:\/\/unifranz.edu.bo\/pt\/wp-json\/wp\/v2\/media\/274160"}],"wp:attachment":[{"href":"https:\/\/unifranz.edu.bo\/pt\/wp-json\/wp\/v2\/media?parent=274158"}],"wp:term":[{"taxonomy":"category","embeddable":true,"href":"https:\/\/unifranz.edu.bo\/pt\/wp-json\/wp\/v2\/categories?post=274158"},{"taxonomy":"post_tag","embeddable":true,"href":"https:\/\/unifranz.edu.bo\/pt\/wp-json\/wp\/v2\/tags?post=274158"}],"curies":[{"name":"wp","href":"https:\/\/api.w.org\/{rel}","templated":true}]}}