{"id":27308,"date":"2019-02-11T18:38:29","date_gmt":"2019-02-11T22:38:29","guid":{"rendered":"https:\/\/unifranz.edu.bo\/?p=27308"},"modified":"2019-02-11T18:38:29","modified_gmt":"2019-02-11T22:38:29","slug":"ime-invita-a-mujeres-emprendedoras-a-entrenarse-y-conectarse","status":"publish","type":"post","link":"https:\/\/unifranz.edu.bo\/pt\/eventos\/ime-invita-a-mujeres-emprendedoras-a-entrenarse-y-conectarse\/","title":{"rendered":"IME invita a mujeres emprendedoras a entrenarse y conectarse"},"content":{"rendered":"<p><strong>Santa Cruz, febrero de 2019. <\/strong>El Instituto de la Mujer &amp; Empresa (IME) present\u00f3 la propuesta para este mes de febrero dirigida a sus Socias IME, as\u00ed como a mujeres empresarias y emprendedoras que busquen fortalecer sus habilidades y conocimientos en gesti\u00f3n e innovaci\u00f3n empresariales.<\/p>\n<p>El viernes 15 de febrero contin\u00faa el ciclo de webinars (seminarios online en la web) denominado Mujeres Tech LATAM, un espacio para conocer a emprendedoras y empresarias de Am\u00e9rica Latina que est\u00e1n cambiando el mundo y creando soluciones con el uso de la tecnolog\u00eda. En esta oportunidad se contar\u00e1 con la participaci\u00f3n de Mar\u00eda Laura Palacios, de Argentina, quien es CoFundadora de PUMA (Plataforma \u00danica de Manejo Agr\u00edcola). El evento es gratuito, online de 11 a 11:30 a.m. y se puede acceder a este en el siguiente link: <a href=\"https:\/\/zoom.us\/j\/310146216\" target=\"_blank\" rel=\"noopener\">https:\/\/zoom.us\/j\/310146216<\/a><\/p>\n<p>Los talleres programados para este mes comienzan hoy lunes con el titulado \u201cGu\u00eda legal para iniciar tu empresa\u201d, a cargo de la Dra. Olga Villarroel. La programaci\u00f3n incluye tambi\u00e9n \u201cDesign Thinking utilizando la herramienta FlipKit\u201d, que impartir\u00e1 Gustavo Thompson, el martes 19 de febrero, y \u201cADN del Innovador\u201d, que ser\u00e1 dictado por Annelissie Arr\u00e1zola, el martes 26. Todos se realizar\u00e1n de 19:00 a 21:00 horas, en el Auditorio 2 de UNIFRANZ Santa Cruz, ubicado en la Av. Bush y 2do. Anillo.<\/p>\n<p>El viernes 22, de 8:00 a 9:30 a.m., se llevar\u00e1 adelante el Coffee Women Talk, un espacio de aprendizaje distendido donde se conversar\u00e1 sobre el desaf\u00edo de las ventas mientras se disfruta un delicioso caf\u00e9 en BecCaf\u00e9, del Banco Econ\u00f3mico, en la calle Ingavi entre Independencia y Velasco.<\/p>\n<p>Las Socias IME acceden a mentoring y coaching hecho a medida en \u00e1reas como finanzas, marketing, contabilidad, impuestos y otros, de mano de expertos, como es el caso de Mariana Barrientos, que todos los viernes asesora los emprendimientos en fase de incubaci\u00f3n y pre-incubaci\u00f3n.<\/p>\n<p>La membres\u00eda SociaIME, a trav\u00e9s de un registro anual, permite participar de todas las actividades de entrenamiento, networking y mentoring, adem\u00e1s de descuentos especiales en cursos certificados y diplomados.<\/p>\n<p><strong>Acerca del IME <\/strong><\/p>\n<p>El Instituto de la Mujer &amp; Empresa (IME) de la Universidad Franz Tamayo, nace el 25 de octubre de 2017, con el prop\u00f3sito de potenciar la innovaci\u00f3n y el liderazgo de la mujer boliviana. El IME act\u00faa como un catalizador para emprendimientos y negocios tecnol\u00f3gicos (4.0) y cuenta con una metodolog\u00eda pensada en proveer formaci\u00f3n y capacitaci\u00f3n de la mano de profesionales especialistas de nivel internacional.<\/p>\n<p><strong>Acerca de UNIFRANZ<\/strong><\/p>\n<p>La Universidad Privada Franz Tamayo (UNIFRANZ) se ha posicionado como una de las mejores universidades del pa\u00eds y se destaca por ser la primera en promover la internacionalizaci\u00f3n y la innovaci\u00f3n en la formaci\u00f3n profesional. Ha llevado a sus estudiantes de intercambios a m\u00e1s de 20 pa\u00edses por el mundo con el primer programa de intercambios en Bolivia, Internacional\u00edzate.\u00a0UNIFRANZ cumple 25 a\u00f1os de trayectoria en educaci\u00f3n superior y mantiene el compromiso de acompa\u00f1ar la evoluci\u00f3n de la sociedad en este mundo globalizado. Su actual modelo pedag\u00f3gico tiene un enfoque por competencias que se apoya en tres pilares: el saber, el saber hacer y el saber ser, a fin de formar profesionales de talento de clase mundial. Por ello, UNIFRANZ considera vital la internacionalizaci\u00f3n en su visi\u00f3n de una universidad disruptiva y transformadora que apunta a cambiar el modelo educativo de Bolivia. Cuenta con una infraestructura de m\u00e1s 65 000 metros cuadrados construidos en La Paz, El Alto, Cochabamba y Santa Cruz y obtuvo la certificaci\u00f3n de calidad ISO 9001: 2015.<\/p>\n<p><img loading=\"lazy\" decoding=\"async\" class=\"alignnone size-medium wp-image-27310\" src=\"https:\/\/unifranz.edu.bo\/wp-content\/uploads\/2019\/02\/Design-Thinking-Flipkit-300x300.jpg\" alt=\"\" width=\"300\" height=\"300\" srcset=\"https:\/\/unifranz.edu.bo\/wp-content\/uploads\/2019\/02\/Design-Thinking-Flipkit-300x300.jpg 300w, https:\/\/unifranz.edu.bo\/wp-content\/uploads\/2019\/02\/Design-Thinking-Flipkit-768x768.jpg 768w, https:\/\/unifranz.edu.bo\/wp-content\/uploads\/2019\/02\/Design-Thinking-Flipkit-12x12.jpg 12w, https:\/\/unifranz.edu.bo\/wp-content\/uploads\/2019\/02\/Design-Thinking-Flipkit.jpg 960w\" sizes=\"auto, (max-width: 300px) 100vw, 300px\" \/> <img loading=\"lazy\" decoding=\"async\" class=\"alignnone size-medium wp-image-27311\" src=\"https:\/\/unifranz.edu.bo\/wp-content\/uploads\/2019\/02\/Coffe-Women-300x300.jpg\" alt=\"\" width=\"300\" height=\"300\" srcset=\"https:\/\/unifranz.edu.bo\/wp-content\/uploads\/2019\/02\/Coffe-Women-300x300.jpg 300w, https:\/\/unifranz.edu.bo\/wp-content\/uploads\/2019\/02\/Coffe-Women-768x768.jpg 768w, https:\/\/unifranz.edu.bo\/wp-content\/uploads\/2019\/02\/Coffe-Women-12x12.jpg 12w, https:\/\/unifranz.edu.bo\/wp-content\/uploads\/2019\/02\/Coffe-Women.jpg 960w\" sizes=\"auto, (max-width: 300px) 100vw, 300px\" \/><\/p>","protected":false},"excerpt":{"rendered":"<p>Santa Cruz, febrero de 2019. El Instituto de la Mujer &amp; Empresa (IME) present\u00f3 la propuesta para este mes de febrero dirigida a sus Socias IME, as\u00ed como a mujeres empresarias y emprendedoras que busquen fortalecer sus habilidades y conocimientos en gesti\u00f3n e innovaci\u00f3n empresariales. El viernes 15 de febrero contin\u00faa el ciclo de webinars &hellip; <a href=\"https:\/\/unifranz.edu.bo\/pt\/eventos\/ime-invita-a-mujeres-emprendedoras-a-entrenarse-y-conectarse\/\">Continued<\/a><\/p>","protected":false},"author":45,"featured_media":27312,"comment_status":"open","ping_status":"open","sticky":false,"template":"","format":"standard","meta":{"_acf_changed":false,"footnotes":""},"categories":[60,226,442,45,274],"tags":[926,210,928,406,242],"class_list":["post-27308","post","type-post","status-publish","format-standard","has-post-thumbnail","hentry","category-blog","category-cultura","category-designing","category-eventos","category-santa-cruz","tag-design-thinking","tag-innovacion","tag-instituto-de-la-mujer-empresa-es","tag-mujeres-emprendedoras","tag-unifranz"],"acf":[],"_links":{"self":[{"href":"https:\/\/unifranz.edu.bo\/pt\/wp-json\/wp\/v2\/posts\/27308","targetHints":{"allow":["GET"]}}],"collection":[{"href":"https:\/\/unifranz.edu.bo\/pt\/wp-json\/wp\/v2\/posts"}],"about":[{"href":"https:\/\/unifranz.edu.bo\/pt\/wp-json\/wp\/v2\/types\/post"}],"author":[{"embeddable":true,"href":"https:\/\/unifranz.edu.bo\/pt\/wp-json\/wp\/v2\/users\/45"}],"replies":[{"embeddable":true,"href":"https:\/\/unifranz.edu.bo\/pt\/wp-json\/wp\/v2\/comments?post=27308"}],"version-history":[{"count":3,"href":"https:\/\/unifranz.edu.bo\/pt\/wp-json\/wp\/v2\/posts\/27308\/revisions"}],"predecessor-version":[{"id":27314,"href":"https:\/\/unifranz.edu.bo\/pt\/wp-json\/wp\/v2\/posts\/27308\/revisions\/27314"}],"wp:featuredmedia":[{"embeddable":true,"href":"https:\/\/unifranz.edu.bo\/pt\/wp-json\/wp\/v2\/media\/27312"}],"wp:attachment":[{"href":"https:\/\/unifranz.edu.bo\/pt\/wp-json\/wp\/v2\/media?parent=27308"}],"wp:term":[{"taxonomy":"category","embeddable":true,"href":"https:\/\/unifranz.edu.bo\/pt\/wp-json\/wp\/v2\/categories?post=27308"},{"taxonomy":"post_tag","embeddable":true,"href":"https:\/\/unifranz.edu.bo\/pt\/wp-json\/wp\/v2\/tags?post=27308"}],"curies":[{"name":"wp","href":"https:\/\/api.w.org\/{rel}","templated":true}]}}