{"id":27273,"date":"2019-02-05T15:30:01","date_gmt":"2019-02-05T19:30:01","guid":{"rendered":"https:\/\/unifranz.edu.bo\/?p=27273"},"modified":"2019-02-05T15:30:01","modified_gmt":"2019-02-05T19:30:01","slug":"ovidio-una-historia-de-autentica-superacion","status":"publish","type":"post","link":"https:\/\/unifranz.edu.bo\/pt\/blog\/ovidio-una-historia-de-autentica-superacion\/","title":{"rendered":"OVIDIO, UNA HISTORIA DE AUTENTICA SUPERACI\u00d3N"},"content":{"rendered":"<p><strong>El Alto. Febrero.<\/strong> La historia de \u00e9xito que vamos a contar es fruto de la sumatoria de esfuerzos en beneficio de una vida y la aut\u00e9ntica convicci\u00f3n de superaci\u00f3n por parte de Ovidio Machaca Apaza, un ni\u00f1o de apenas 11 a\u00f1os, que volvi\u00f3 a sonre\u00edr tras un tratamiento dental completo al que accedi\u00f3 gracias a una alianza estrat\u00e9gica entre el Gobierno Aut\u00f3nomo Municipal de El Alto, UNIFRANZ, el programa de Radial Mujeres Valientes Forjadoras de Futuro de Radio Estudio 94.0 FM y la dedicaci\u00f3n del Dr. \u00c1lvaro Iba\u00f1ez.<\/p>\n<p>Sin duda este proceso por el que paso el ni\u00f1o Ovidio forjo mucha esperanza de cara a su futuro: \u201cQuiero ser odont\u00f3logo y polic\u00eda, y estudiar para ayudar a mi mam\u00e1\u201d, expres\u00f3 el peque\u00f1o Ovidio, con una sonrisa radiante.<\/p>\n<p>La Unidad de Atenci\u00f3n a la Persona con Discapacidad del Gobierno Aut\u00f3nomo Municipal de El Alto (GAMEA), desde un inicio ha realizado gestiones con la finalidad de beneficiar y colaborar de alguna manera a esta familia que vive en una situaci\u00f3n compleja. \u00abEn este camino encontramos el apoyo de Instituciones que aportaron con una silla de ruedas para el ni\u00f1o, v\u00edveres y enseres para el hogar y felizmente el apoyo de un gran coraz\u00f3n de oro, Silvia Gemio locutora de Radio Studio, quien gestion\u00f3\u00a0 con el Dr. Alvaro Iba\u00f1ez Dur\u00e1n, Director de la Carrera de Odontolog\u00eda de la Universidad Privada Franz Tamayo\u00a0 Sede El Alto, para que colabore con el tratamiento dental al ni\u00f1o Ovidio en la Cl\u00ednica Ontol\u00f3gica UNIFRANZ\u00bb, dijo la jefa de la Unidad Raquel Huanca.<\/p>\n<p>El Dr. Ib\u00e1\u00f1ez coordin\u00f3 para que los equipos de trabajo de Odontopediatria e Integral Ni\u00f1os a cargo de la Dra. Carla Larrea, de la Cl\u00ednica Metodol\u00f3gica UNIFRANZ, puedan realizar las intervenciones necesarias a Ovidio, con la promesa de que \u00e9l, correr\u00eda con los gastos de todos los tratamientos que se vayan a realizar durante la rehabilitaci\u00f3n integral.<\/p>\n<p>Al momento de entrevistar al Dr. Iba\u00f1ez, nos cont\u00f3 c\u00f3mo se sinti\u00f3 al ayudar al peque\u00f1o Ovidio; \u201cLa verdad que como universidad y carrera estamos muy vinculados a las campa\u00f1as y trabajos que realiza la Fundaci\u00f3n UNIFRANZ, a la cual le mostraremos el trabajo realizado en la Cl\u00ednica Ontol\u00f3gica con el ni\u00f1o Ovidio, es as\u00ed que pensamos extender esta experiencia y poder ser <strong><em>\u201cPadrinos de Sonrisas\u201d<\/em><\/strong> para ayudar a todos los ni\u00f1os que podamos\u201d.<\/p>\n<p>Asimismo, la Unidad de Atenci\u00f3n a la Persona con Discapacidad fue la encargada de recoger a Ovidio y a su madre, para transportarlos en el veh\u00edculo del Bono Mensual para Personas con Discapacidad hasta la Cl\u00ednica Odontol\u00f3gica UNIFRANZ, y a la conclusi\u00f3n de la consulta, llevarlos de regreso a su hogar.<\/p>\n<p>Al inicio del proceso de curaci\u00f3n, Ovidio se encontraba muy temeroso y nervioso, pero tambi\u00e9n sorprendido ya que iba a ser su primer encuentro con un dentista lamentablemente al revisarlo los m\u00e9dicos se dieron cuenta de que en su boca no exist\u00eda ninguna pieza dental sana y que jam\u00e1s se hab\u00eda lavado los dientes, sin embargo, el avance del tratamiento fue progresivo y los profesionales de la Cl\u00ednica Ontol\u00f3gica UNIFRANZ, se ganaron la confianza del ni\u00f1o, logrando en Ovidio el gusto por asistir a cada una de sus consultas realizadas una vez por semana. El tratamiento dur\u00f3 aproximadamente 3 meses y el resultado despu\u00e9s de haber pasado por limpieza dental, higiene bucal mediante la t\u00e9cnica de cepillado, curaciones y extracciones, fue sorprendente, ya que Ovidio concluy\u00f3 todo el tratamiento lleno de amigos de la Cl\u00ednica Ontol\u00f3gica UNIFRANZ. Profesionales que frecuentaron semana a semana al peque\u00f1o, y que adem\u00e1s se encari\u00f1aron con \u00e9l.<\/p>\n<p>El resultado fue el milagro que solo se puede lograr cuando, por una noble causa, se unen instituciones, profesionales, medios de comunicaci\u00f3n y el apoyo de la poblaci\u00f3n universitaria para que un ni\u00f1o vuelva a sonre\u00edr.<\/p>\n<p>\u201cParticipamos en el programa Radial Mujeres Forjadoras de Futuro, junto a la conductora Silvia Gemio Riveros, en el mismo ofrec\u00edamos cirug\u00edas gratuitas y gracias al GAMEA conocimos a Ovidio. En la Cl\u00ednica Odontol\u00f3gica nos pusimos a trabajar y con la Dra. Carla Larrea encargada de tratamientos pedi\u00e1tricos, ahora podemos ver el resultado en la vida de Ovidio\u201d, cont\u00f3 el Dr. \u00c1lvaro Ib\u00e1\u00f1ez Dur\u00e1n, qui\u00e9n a su vez cubri\u00f3 con fondos propios todos los gastos del tratamiento para el menor.<\/p>\n<p>Un pilar fundamental dentro de este proceso fue el apoyo de la madre de Ovidio; \u201cFue toda una sorpresa para m\u00ed, las se\u00f1oritas de la alcald\u00eda vinieron a mi casa, me dijeron que me ayudar\u00edan, en un principio no cre\u00eda, pero ellos son \u00e1ngeles que nos mand\u00f3 diosito. Mi hijo ya no pod\u00eda comer, puro caldito tomaba, que lloraba por que le dol\u00eda toda la boquita; ahora, no para de sonre\u00edr\u201d, declar\u00f3 la mam\u00e1, notablemente emocionada.<\/p>\n<p>Ovidio tiene discapacidad f\u00edsica \u2013 motora, sin embargo, el d\u00eda que el GAMEA lo visit\u00f3, \u00e9l ten\u00eda toda la carita hinchada ya que adem\u00e1s padec\u00eda de una inflamaci\u00f3n aparentemente de un molar y al consultar a la madre del ni\u00f1o, coment\u00f3 que llevaba varios d\u00edas con dolor de muela y que afortunadamente ya le hab\u00eda calmado el dolor, pero su rostro estaba hinchado y le dol\u00eda. Adem\u00e1s, el peque\u00f1o, presentaba la enfermedad de los huesos, y seg\u00fan informes m\u00e9dicos es una enfermedad hereditaria, ambos pies del ni\u00f1o son semi aplanados, por lo cual no presenta resistencia en los pies, por esa raz\u00f3n, Ovidio a\u00fan se transporta de un sitio a otro arrastr\u00e1ndose o en silla de ruedas.<\/p>\n<p><strong>Sobre UNIFRANZ<\/strong><\/p>\n<p>La Universidad Privada Franz Tamayo \u2013 UNIFRANZ cumple 25 a\u00f1os de trayectoria en educaci\u00f3n superior y mantiene el compromiso de acompa\u00f1ar la evoluci\u00f3n de la sociedad en este mundo globalizado. Su actual modelo pedag\u00f3gico tiene un enfoque por competencias que se apoya en tres pilares: el saber, el saber hacer y el saber ser, a fin de formar profesionales con talento de clase mundial. Igualmente, la UNIFRANZ considera vital la internacionalizaci\u00f3n en su visi\u00f3n de una universidad disruptiva y transformadora que apunta a cambiar el modelo educativo en Bolivia. Cuenta con una infraestructura de m\u00e1s 65.000 metros cuadrados construidos en La Paz, El Alto, Cochabamba y Santa Cruz y obtuvo la certificaci\u00f3n de calidad ISO 9001: 2015.<\/p>\n<p><img loading=\"lazy\" decoding=\"async\" class=\"alignnone size-medium wp-image-27275\" src=\"https:\/\/unifranz.edu.bo\/wp-content\/uploads\/2019\/02\/OVIDIO-2-300x169.jpeg\" alt=\"\" width=\"300\" height=\"169\" srcset=\"https:\/\/unifranz.edu.bo\/wp-content\/uploads\/2019\/02\/OVIDIO-2-300x169.jpeg 300w, https:\/\/unifranz.edu.bo\/wp-content\/uploads\/2019\/02\/OVIDIO-2-1024x576.jpeg 1024w, https:\/\/unifranz.edu.bo\/wp-content\/uploads\/2019\/02\/OVIDIO-2-768x432.jpeg 768w, https:\/\/unifranz.edu.bo\/wp-content\/uploads\/2019\/02\/OVIDIO-2-18x10.jpeg 18w, https:\/\/unifranz.edu.bo\/wp-content\/uploads\/2019\/02\/OVIDIO-2.jpeg 1032w\" sizes=\"auto, (max-width: 300px) 100vw, 300px\" \/><\/p>\n<p><img loading=\"lazy\" decoding=\"async\" class=\"alignnone size-medium wp-image-27274\" src=\"https:\/\/unifranz.edu.bo\/wp-content\/uploads\/2019\/02\/OVIDIO-1-300x225.jpeg\" alt=\"\" width=\"300\" height=\"225\" srcset=\"https:\/\/unifranz.edu.bo\/wp-content\/uploads\/2019\/02\/OVIDIO-1-300x225.jpeg 300w, https:\/\/unifranz.edu.bo\/wp-content\/uploads\/2019\/02\/OVIDIO-1-1024x768.jpeg 1024w, https:\/\/unifranz.edu.bo\/wp-content\/uploads\/2019\/02\/OVIDIO-1-768x576.jpeg 768w, https:\/\/unifranz.edu.bo\/wp-content\/uploads\/2019\/02\/OVIDIO-1-16x12.jpeg 16w, https:\/\/unifranz.edu.bo\/wp-content\/uploads\/2019\/02\/OVIDIO-1.jpeg 1032w\" sizes=\"auto, (max-width: 300px) 100vw, 300px\" \/><\/p>\n<p>&nbsp;<\/p>\n<p>&nbsp;<\/p>\n<p>&nbsp;<\/p>","protected":false},"excerpt":{"rendered":"<p>El Alto. Febrero. La historia de \u00e9xito que vamos a contar es fruto de la sumatoria de esfuerzos en beneficio de una vida y la aut\u00e9ntica convicci\u00f3n de superaci\u00f3n por parte de Ovidio Machaca Apaza, un ni\u00f1o de apenas 11 a\u00f1os, que volvi\u00f3 a sonre\u00edr tras un tratamiento dental completo al que accedi\u00f3 gracias a &hellip; <a href=\"https:\/\/unifranz.edu.bo\/pt\/blog\/ovidio-una-historia-de-autentica-superacion\/\">Continued<\/a><\/p>","protected":false},"author":45,"featured_media":27277,"comment_status":"open","ping_status":"open","sticky":false,"template":"","format":"standard","meta":{"_acf_changed":false,"footnotes":""},"categories":[60,302],"tags":[922,376,186],"class_list":["post-27273","post","type-post","status-publish","format-standard","has-post-thumbnail","hentry","category-blog","category-el-alto","tag-clinica-odontologia","tag-gamea","tag-odontologia"],"acf":[],"_links":{"self":[{"href":"https:\/\/unifranz.edu.bo\/pt\/wp-json\/wp\/v2\/posts\/27273","targetHints":{"allow":["GET"]}}],"collection":[{"href":"https:\/\/unifranz.edu.bo\/pt\/wp-json\/wp\/v2\/posts"}],"about":[{"href":"https:\/\/unifranz.edu.bo\/pt\/wp-json\/wp\/v2\/types\/post"}],"author":[{"embeddable":true,"href":"https:\/\/unifranz.edu.bo\/pt\/wp-json\/wp\/v2\/users\/45"}],"replies":[{"embeddable":true,"href":"https:\/\/unifranz.edu.bo\/pt\/wp-json\/wp\/v2\/comments?post=27273"}],"version-history":[{"count":2,"href":"https:\/\/unifranz.edu.bo\/pt\/wp-json\/wp\/v2\/posts\/27273\/revisions"}],"predecessor-version":[{"id":27279,"href":"https:\/\/unifranz.edu.bo\/pt\/wp-json\/wp\/v2\/posts\/27273\/revisions\/27279"}],"wp:featuredmedia":[{"embeddable":true,"href":"https:\/\/unifranz.edu.bo\/pt\/wp-json\/wp\/v2\/media\/27277"}],"wp:attachment":[{"href":"https:\/\/unifranz.edu.bo\/pt\/wp-json\/wp\/v2\/media?parent=27273"}],"wp:term":[{"taxonomy":"category","embeddable":true,"href":"https:\/\/unifranz.edu.bo\/pt\/wp-json\/wp\/v2\/categories?post=27273"},{"taxonomy":"post_tag","embeddable":true,"href":"https:\/\/unifranz.edu.bo\/pt\/wp-json\/wp\/v2\/tags?post=27273"}],"curies":[{"name":"wp","href":"https:\/\/api.w.org\/{rel}","templated":true}]}}