{"id":27237,"date":"2019-01-29T19:35:17","date_gmt":"2019-01-29T23:35:17","guid":{"rendered":"https:\/\/unifranz.edu.bo\/?p=27237"},"modified":"2019-01-29T19:37:18","modified_gmt":"2019-01-29T23:37:18","slug":"el-talento-unifranz-se-lucira-en-el-48-days-film-project-iberoamerica-2019","status":"publish","type":"post","link":"https:\/\/unifranz.edu.bo\/pt\/noticias\/el-talento-unifranz-se-lucira-en-el-48-days-film-project-iberoamerica-2019\/","title":{"rendered":"El talento UNIFRANZ se lucir\u00e1 en el \u201c48 Days Film Project Iberoam\u00e9rica 2019\u201d"},"content":{"rendered":"<p><strong>Cochabamba, enero de 2019.-<\/strong> \u00a0El equipo UNIFRANZ, compuesto por estudiantes y docentes de la Carrera de Publicidad y Marketing de la sede Cochabamba, qued\u00f3 seleccionado como uno de los cinco grupos finalistas para el \u201c48 Days Film Project Iberoam\u00e9rica 2019\u201d, que consiste en realizar un largometraje en 48 d\u00edas.<\/p>\n<p>El equipo UNIFRANZ ha sido seleccionado entre los mejores cinco equipos de Iberoam\u00e9rica por su desempe\u00f1o de trabajo en equipo, calidad y contenido del corto piloto, quedando as\u00ed seleccionado como equipo final del \u201c48 Days Film Project Iberoam\u00e9rica 2019\u201d, a lanzarse el mes de febrero.\u00a0 La pel\u00edcula producida entre estos cinco equipos se proyectar\u00e1 en el \u201cFilmapalooza 2020\u201d, la sede a\u00fan est\u00e1 en proceso de definici\u00f3n.<\/p>\n<p>El Director del equipo, Ariel Monta\u00f1o, destaca el realce internacional de este proyecto y el talento de todo el equipo. Explica que el corto que presentaron, titulado \u201cEstampas\u201d, cuenta la historia y an\u00e9cdotas de un coleccionista de estampillas, cuyos recuerdos lo trasladan a un escenario pasado: una fiesta de Carnaval que presenta giros inesperados.<\/p>\n<p>El Equipo UNIFRANZ est\u00e1 conformado por:<\/p>\n<p>Ariel Monta\u00f1o (Direcci\u00f3n General)<\/p>\n<p>Producci\u00f3n de Campo:\u00a0 Mar\u00eda Fernanda Ustariz, Vianca Espinoza\/Patricia Ruiz y Carmen Gonzales<\/p>\n<p>Producci\u00f3n Ejecutiva: Ximena Gonzales, Daniel Mara\u00f1\u00f3n y Nayra Veizaga<\/p>\n<p>Asistencia de Fotograf\u00eda: Andr\u00e9s Berm\u00fadez<\/p>\n<p>Runner: Jos\u00e9 Luis Far\u00edas<\/p>\n<p>Direcci\u00f3n de Fotograf\u00eda: Luis Marco Fern\u00e1ndez<\/p>\n<p>Gaffer: Dante Rosas<\/p>\n<p>Sonido: Cristian Heredia<\/p>\n<p>Continuidad: Lineth Rodr\u00edguez<\/p>\n<p>Scouting: Andr\u00e9s Berm\u00fadez<\/p>\n<p>Asistencia de luces: Kevin Cardozo<\/p>\n<p>Postproducci\u00f3n: Pablo Camacho<\/p>\n<p>Direcci\u00f3n de Arte: Valeria Alanes y Kimberly D\u00edaz<\/p>\n<p>ACTORES<\/p>\n<p>Comprador: Franklin Torrez Moreira<\/p>\n<p>Vendedor: Jos\u00e9 Luis Far\u00edas<\/p>\n<figure id=\"attachment_27240\" aria-describedby=\"caption-attachment-27240\" style=\"width: 300px\" class=\"wp-caption alignnone\"><img loading=\"lazy\" decoding=\"async\" class=\"wp-image-27240 size-medium\" src=\"https:\/\/unifranz.edu.bo\/wp-content\/uploads\/2019\/01\/50922804_2282038712011965_8457576318551195648_n-300x224.jpg\" alt=\"Im\u00e1genes del corto &quot;Estampas&quot;, trabajo presentado por el equipo Unifranz.\" width=\"300\" height=\"224\" srcset=\"https:\/\/unifranz.edu.bo\/wp-content\/uploads\/2019\/01\/50922804_2282038712011965_8457576318551195648_n-300x224.jpg 300w, https:\/\/unifranz.edu.bo\/wp-content\/uploads\/2019\/01\/50922804_2282038712011965_8457576318551195648_n-1024x766.jpg 1024w, https:\/\/unifranz.edu.bo\/wp-content\/uploads\/2019\/01\/50922804_2282038712011965_8457576318551195648_n-768x574.jpg 768w, https:\/\/unifranz.edu.bo\/wp-content\/uploads\/2019\/01\/50922804_2282038712011965_8457576318551195648_n-16x12.jpg 16w, https:\/\/unifranz.edu.bo\/wp-content\/uploads\/2019\/01\/50922804_2282038712011965_8457576318551195648_n.jpg 1170w\" sizes=\"auto, (max-width: 300px) 100vw, 300px\" \/><figcaption id=\"caption-attachment-27240\" class=\"wp-caption-text\">Im\u00e1genes del corto \u00abEstampas\u00bb, trabajo presentado por el equipo Unifranz.<\/figcaption><\/figure>\n<p><img loading=\"lazy\" decoding=\"async\" class=\"alignnone size-medium wp-image-27242\" src=\"https:\/\/unifranz.edu.bo\/wp-content\/uploads\/2019\/01\/50946125_2158830867509721_9167093439697780736_n-300x275.jpg\" alt=\"\" width=\"300\" height=\"275\" srcset=\"https:\/\/unifranz.edu.bo\/wp-content\/uploads\/2019\/01\/50946125_2158830867509721_9167093439697780736_n-300x275.jpg 300w, https:\/\/unifranz.edu.bo\/wp-content\/uploads\/2019\/01\/50946125_2158830867509721_9167093439697780736_n-768x705.jpg 768w, https:\/\/unifranz.edu.bo\/wp-content\/uploads\/2019\/01\/50946125_2158830867509721_9167093439697780736_n-13x12.jpg 13w, https:\/\/unifranz.edu.bo\/wp-content\/uploads\/2019\/01\/50946125_2158830867509721_9167093439697780736_n.jpg 916w\" sizes=\"auto, (max-width: 300px) 100vw, 300px\" \/><\/p>","protected":false},"excerpt":{"rendered":"<p>Cochabamba, enero de 2019.- \u00a0El equipo UNIFRANZ, compuesto por estudiantes y docentes de la Carrera de Publicidad y Marketing de la sede Cochabamba, qued\u00f3 seleccionado como uno de los cinco grupos finalistas para el \u201c48 Days Film Project Iberoam\u00e9rica 2019\u201d, que consiste en realizar un largometraje en 48 d\u00edas. El equipo UNIFRANZ ha sido seleccionado &hellip; <a href=\"https:\/\/unifranz.edu.bo\/pt\/noticias\/el-talento-unifranz-se-lucira-en-el-48-days-film-project-iberoamerica-2019\/\">Continued<\/a><\/p>","protected":false},"author":45,"featured_media":27239,"comment_status":"open","ping_status":"open","sticky":false,"template":"","format":"standard","meta":{"_acf_changed":false,"footnotes":""},"categories":[60,280,226,29],"tags":[912,914,916],"class_list":["post-27237","post","type-post","status-publish","format-standard","has-post-thumbnail","hentry","category-blog","category-cochabamba","category-cultura","category-noticias","tag-artes-audiovisuales","tag-cortos","tag-filmes"],"acf":[],"_links":{"self":[{"href":"https:\/\/unifranz.edu.bo\/pt\/wp-json\/wp\/v2\/posts\/27237","targetHints":{"allow":["GET"]}}],"collection":[{"href":"https:\/\/unifranz.edu.bo\/pt\/wp-json\/wp\/v2\/posts"}],"about":[{"href":"https:\/\/unifranz.edu.bo\/pt\/wp-json\/wp\/v2\/types\/post"}],"author":[{"embeddable":true,"href":"https:\/\/unifranz.edu.bo\/pt\/wp-json\/wp\/v2\/users\/45"}],"replies":[{"embeddable":true,"href":"https:\/\/unifranz.edu.bo\/pt\/wp-json\/wp\/v2\/comments?post=27237"}],"version-history":[{"count":3,"href":"https:\/\/unifranz.edu.bo\/pt\/wp-json\/wp\/v2\/posts\/27237\/revisions"}],"predecessor-version":[{"id":27245,"href":"https:\/\/unifranz.edu.bo\/pt\/wp-json\/wp\/v2\/posts\/27237\/revisions\/27245"}],"wp:featuredmedia":[{"embeddable":true,"href":"https:\/\/unifranz.edu.bo\/pt\/wp-json\/wp\/v2\/media\/27239"}],"wp:attachment":[{"href":"https:\/\/unifranz.edu.bo\/pt\/wp-json\/wp\/v2\/media?parent=27237"}],"wp:term":[{"taxonomy":"category","embeddable":true,"href":"https:\/\/unifranz.edu.bo\/pt\/wp-json\/wp\/v2\/categories?post=27237"},{"taxonomy":"post_tag","embeddable":true,"href":"https:\/\/unifranz.edu.bo\/pt\/wp-json\/wp\/v2\/tags?post=27237"}],"curies":[{"name":"wp","href":"https:\/\/api.w.org\/{rel}","templated":true}]}}