{"id":27129,"date":"2019-01-11T11:15:18","date_gmt":"2019-01-11T15:15:18","guid":{"rendered":"https:\/\/unifranz.edu.bo\/?p=27129"},"modified":"2019-01-11T11:15:18","modified_gmt":"2019-01-11T15:15:18","slug":"la-ciencia-y-la-tecnologia-al-servicio-de-los-estudiantes-universitarios","status":"publish","type":"post","link":"https:\/\/unifranz.edu.bo\/pt\/la-paz\/la-ciencia-y-la-tecnologia-al-servicio-de-los-estudiantes-universitarios\/","title":{"rendered":"LA CIENCIA Y LA TECNOLOG\u00cdA AL SERVICIO DE LOS ESTUDIANTES UNIVERSITARIOS"},"content":{"rendered":"<p><strong>Enero 2019. <\/strong>El Modelo Educativo por competencias apuesta por profesionales que son protagonistas de su aprendizaje y enriquecen sus conocimientos bas\u00e1ndose en una educaci\u00f3n transformadora y de excelencia.<\/p>\n<p>Esta apuesta tecnol\u00f3gica supone, no solo un desaf\u00edo para los estudiantes, sino un intensivo programa de capacitaci\u00f3n para el plantel docente a fin de que puedan utilizar adecuadamente los nuevos equipos adquiridos, en beneficio de la formaci\u00f3n de los futuros profesionales, acorde a los par\u00e1metros de educaci\u00f3n que impone el contexto global.<\/p>\n<p>La Universidad Privada Franz Tamayo en sus cuatro sedes a nivel nacional (La Paz, El Alto, Cochabamba y Santa Cruz) apost\u00f3 por la implementaci\u00f3n de tecnolog\u00eda y la simulaci\u00f3n para el aprendizaje por competencias en sus carreras de la <strong><em>Facultad de Ciencias de la Salud,<\/em><\/strong> para que el profesional egresado no s\u00f3lo tenga las competencias del saber conocer, necesarias para desenvolverse en la profesi\u00f3n, sino tambi\u00e9n tenga las competencias del saber hacer para actuar en diversas situaciones que demanda su profesi\u00f3n.<\/p>\n<p>A su vez, UNIFRANZ se encuentra inmersa en el proceso de ACREDITACION del Mercosur para sus Carreras de Odontolog\u00eda y Medicina (a nivel nacional), proceso que requiri\u00f3 la participaci\u00f3n de toda la comunidad universitaria; colaboradores, estudiantes, docentes, graduados, autoridades, proveedores y empleadores. Dicha interacci\u00f3n nutri\u00f3 y reforz\u00f3 la proyecci\u00f3n actual de la Facultad de Ciencias de la Salud en su conjunto.<\/p>\n<p>En palabras del Decano de la Facultad de Ciencias de la Salud de La Paz, Dr. \u00c1lvaro Mu\u00f1oz-Reyes Navarro, \u201cEn mis a\u00f1os de experiencia, con mucho orgullo puedo asegurar que esta infraestructura es \u00fanica en Bolivia, tenemos un Museo de Osteoteca que viene recolectando piezas hace 20 a\u00f1os para ser un referente en el estudio de la anatom\u00eda, eso sumado a los simuladores y la mesa t\u00e1ctil de anatom\u00eda, fusiona lo mejor de las pr\u00e1cticas tradicionales con la tecnolog\u00eda para beneficio de todos nuestros estudiantes\u201d.<\/p>\n<p>A su vez, la Vicerrectora de la Sede El Alto, Eve Gomez Ferrufino resalt\u00f3 el esfuerzo \u201cEsta inversi\u00f3n en equipamiento e infraestructura es una muestra de que UNIFRANZ apuesta por Bolivia y en particular por cada una de las ciudades donde tiene presencia, en El Alto fuimos pioneros y todos los a\u00f1os vemos que la poblaci\u00f3n alte\u00f1a premia nuestro esfuerzo y dedicaci\u00f3n entreg\u00e1ndonos a sus j\u00f3venes para que podamos formarlos y motivarlos para pensar de forma distinta y aportar soluciones novedosas a su entorn\u00f3. Esta apuesta se ve reflejada en las Carreras de Odontolog\u00eda, Enfermer\u00eda, Medicina y Bioqu\u00edmica y Farmacia\u201d.<\/p>\n<p>Esta modernizaci\u00f3n del aprendizaje se extiende a todas las carreras de la Facultad de Ciencias de la Salud; Medicina, Odontolog\u00eda, Enfermer\u00eda, Bioqu\u00edmica y Farmacia, todas son parte de esta nueva infraestructura donde el estudiante interact\u00faa con la realidad a trav\u00e9s de modernos simuladores y microscopios de \u00faltima generaci\u00f3n. Sin olvidar que para el adecuado ejercicio de la profesi\u00f3n no solo se deben desarrollar habilidades t\u00e9cnicas sino preparar a los estudiantes para desenvolverse en su entorno con templanza y mucha empat\u00eda con el paciente.<\/p>\n<p>Por \u00faltimo, UNIFRANZ apunta a ser un referente de excelencia con reconocimiento a nivel nacional e internacional, que promueva el desarrollo humano, cient\u00edfico y tecnol\u00f3gico cuyo liderazgo influya activamente en el bienestar de la sociedad.<\/p>\n<p><strong>Sobre UNIFRANZ<\/strong><\/p>\n<p>La Universidad Privada Franz Tamayo (UNIFRANZ) se ha posicionado como una de las mejores universidades del pa\u00eds y se destaca por ser la primera en promover la internacionalizan y la innovaci\u00f3n en la formaci\u00f3n profesional. Ha llevado a sus estudiantes de intercambio a m\u00e1s de 20 pa\u00edses por el mundo con el 1er programa de intercambios en Bolivia, internacional\u00edzate.<\/p>\n<p>UNIFRANZ con 25 a\u00f1os de trayectoria en educaci\u00f3n superior implanta un modelo pedag\u00f3gico basado en competencias, que desarrolla el talento, las aptitudes y el sentido de responsabilidad en los estudiantes para que sean profesionales globales capaces de competir y trabajar por Bolivia y para el mundo.<\/p>\n<p>Cuenta con una infraestructura de m\u00e1s 65.000 metros cuadrados construidos en La Paz, El Alto, Cochabamba y Santa Cruz, ofrece carreras como Psicolog\u00eda, Administraci\u00f3n de Empresas, Ingenier\u00eda Comercial. Ingenier\u00eda Econ\u00f3mica y financiera, Publicidad y Marketing, Dise\u00f1o Gr\u00e1fico y Producci\u00f3n, Medicina, Odontolog\u00eda, Bioqu\u00edmica y Farmacia e Ingenier\u00eda de Sistemas y obtuvo la certificaci\u00f3n de calidad ISO 9001: 2015.<\/p>\n<p><img loading=\"lazy\" decoding=\"async\" class=\"alignnone size-medium wp-image-27131\" src=\"https:\/\/unifranz.edu.bo\/wp-content\/uploads\/2019\/01\/IMG_6517-300x200.jpg\" alt=\"\" width=\"300\" height=\"200\" srcset=\"https:\/\/unifranz.edu.bo\/wp-content\/uploads\/2019\/01\/IMG_6517-300x200.jpg 300w, https:\/\/unifranz.edu.bo\/wp-content\/uploads\/2019\/01\/IMG_6517-1024x683.jpg 1024w, https:\/\/unifranz.edu.bo\/wp-content\/uploads\/2019\/01\/IMG_6517-768x512.jpg 768w, https:\/\/unifranz.edu.bo\/wp-content\/uploads\/2019\/01\/IMG_6517-1536x1024.jpg 1536w, https:\/\/unifranz.edu.bo\/wp-content\/uploads\/2019\/01\/IMG_6517-2048x1365.jpg 2048w, https:\/\/unifranz.edu.bo\/wp-content\/uploads\/2019\/01\/IMG_6517-18x12.jpg 18w\" sizes=\"auto, (max-width: 300px) 100vw, 300px\" \/> \u00a0<img loading=\"lazy\" decoding=\"async\" class=\"alignnone size-medium wp-image-27133\" src=\"https:\/\/unifranz.edu.bo\/wp-content\/uploads\/2019\/01\/med6-300x200.jpg\" alt=\"\" width=\"300\" height=\"200\" srcset=\"https:\/\/unifranz.edu.bo\/wp-content\/uploads\/2019\/01\/med6-300x200.jpg 300w, https:\/\/unifranz.edu.bo\/wp-content\/uploads\/2019\/01\/med6-1024x683.jpg 1024w, https:\/\/unifranz.edu.bo\/wp-content\/uploads\/2019\/01\/med6-768x512.jpg 768w, https:\/\/unifranz.edu.bo\/wp-content\/uploads\/2019\/01\/med6-1536x1024.jpg 1536w, https:\/\/unifranz.edu.bo\/wp-content\/uploads\/2019\/01\/med6-2048x1365.jpg 2048w, https:\/\/unifranz.edu.bo\/wp-content\/uploads\/2019\/01\/med6-18x12.jpg 18w\" sizes=\"auto, (max-width: 300px) 100vw, 300px\" \/><\/p>","protected":false},"excerpt":{"rendered":"<p>Enero 2019. El Modelo Educativo por competencias apuesta por profesionales que son protagonistas de su aprendizaje y enriquecen sus conocimientos bas\u00e1ndose en una educaci\u00f3n transformadora y de excelencia. Esta apuesta tecnol\u00f3gica supone, no solo un desaf\u00edo para los estudiantes, sino un intensivo programa de capacitaci\u00f3n para el plantel docente a fin de que puedan utilizar &hellip; <a href=\"https:\/\/unifranz.edu.bo\/pt\/la-paz\/la-ciencia-y-la-tecnologia-al-servicio-de-los-estudiantes-universitarios\/\">Continued<\/a><\/p>","protected":false},"author":45,"featured_media":27130,"comment_status":"open","ping_status":"open","sticky":false,"template":"","format":"standard","meta":{"_acf_changed":false,"footnotes":""},"categories":[60,302,27],"tags":[888,603,49,186],"class_list":["post-27129","post","type-post","status-publish","format-standard","has-post-thumbnail","hentry","category-blog","category-el-alto","category-la-paz","tag-bioquimica-y-farmacia-es","tag-enfermeria","tag-medicina","tag-odontologia"],"acf":[],"_links":{"self":[{"href":"https:\/\/unifranz.edu.bo\/pt\/wp-json\/wp\/v2\/posts\/27129","targetHints":{"allow":["GET"]}}],"collection":[{"href":"https:\/\/unifranz.edu.bo\/pt\/wp-json\/wp\/v2\/posts"}],"about":[{"href":"https:\/\/unifranz.edu.bo\/pt\/wp-json\/wp\/v2\/types\/post"}],"author":[{"embeddable":true,"href":"https:\/\/unifranz.edu.bo\/pt\/wp-json\/wp\/v2\/users\/45"}],"replies":[{"embeddable":true,"href":"https:\/\/unifranz.edu.bo\/pt\/wp-json\/wp\/v2\/comments?post=27129"}],"version-history":[{"count":2,"href":"https:\/\/unifranz.edu.bo\/pt\/wp-json\/wp\/v2\/posts\/27129\/revisions"}],"predecessor-version":[{"id":27135,"href":"https:\/\/unifranz.edu.bo\/pt\/wp-json\/wp\/v2\/posts\/27129\/revisions\/27135"}],"wp:featuredmedia":[{"embeddable":true,"href":"https:\/\/unifranz.edu.bo\/pt\/wp-json\/wp\/v2\/media\/27130"}],"wp:attachment":[{"href":"https:\/\/unifranz.edu.bo\/pt\/wp-json\/wp\/v2\/media?parent=27129"}],"wp:term":[{"taxonomy":"category","embeddable":true,"href":"https:\/\/unifranz.edu.bo\/pt\/wp-json\/wp\/v2\/categories?post=27129"},{"taxonomy":"post_tag","embeddable":true,"href":"https:\/\/unifranz.edu.bo\/pt\/wp-json\/wp\/v2\/tags?post=27129"}],"curies":[{"name":"wp","href":"https:\/\/api.w.org\/{rel}","templated":true}]}}