{"id":26727,"date":"2018-12-05T17:37:48","date_gmt":"2018-12-05T21:37:48","guid":{"rendered":"https:\/\/unifranz.edu.bo\/?p=26727"},"modified":"2018-12-05T17:37:52","modified_gmt":"2018-12-05T21:37:52","slug":"unifranz-gradua-a-nueva-generacion-de-profesionales","status":"publish","type":"post","link":"https:\/\/unifranz.edu.bo\/pt\/eventos\/unifranz-gradua-a-nueva-generacion-de-profesionales\/","title":{"rendered":"UNIFRANZ GRAD\u00daA A NUEVA GENERACI\u00d3N DE PROFESIONALES"},"content":{"rendered":"<p><strong>Cochabamba, diciembre de 2018.-<\/strong> En un ameno acto en el Gran Hotel Cochabamba, se realiz\u00f3 la graduaci\u00f3n de la d\u00e9cimo sexta generaci\u00f3n de profesionales de la Universidad Privada Franz Tamayo. Los graduados recibieron su merecido reconocimiento por finalizar sus estudios de grado y estar preparados para aportar a la sociedad y al pa\u00eds con s\u00f3lidos conocimientos adquiridos en esta casa superior de estudios. <\/p>\n\n\n\n<p>La Rectora Nacionalde UNIFRANZ, Arq. DESA Ver\u00f3nica Agreda, el Vicerrector Acad\u00e9mico Nacional, Mgr.Erick Gustavo Monta\u00f1o, el vicerrector de la sede, Ing. Rolando L\u00f3pez, decanos y directores de carreras estuvieron presentes para otorgar los respectivos t\u00edtulos a los graduados de las carreras de Bioqu\u00edmica y Farmacia, Medicina, Administraci\u00f3n de empresas, Ingenier\u00eda Comercial, Ingenier\u00eda de Sistemas, Publicidad y Marketing.<\/p>\n\n\n\n<p>El profesional de la carrera de Derecho, Juan Pablo G\u00f3mez Rojas, quien tuvo el puntaje m\u00e1s alto, fue el que brind\u00f3 las palabras ante el p\u00fablico presente en representaci\u00f3n de los graduados. Tambi\u00e9n fueron distinguidos Mauricio Colque Mercado (Administraci\u00f3n de Empresas) y Lieke Hannah Elise Dormans (Medicina).<\/p>\n\n\n\n<p>La Rectora Nacional de UNIFRANZ, Arq. DESA Ver\u00f3nica \u00c1greda, expres\u00f3 que UNIFRAZ forma profesionales que tengan la capacidad de realizar una elecci\u00f3n de vida, para que vean oportunidades donde nadie las ve, para que sean innovadores y, sobre todo, para que rompan paradigmas.<\/p>\n\n\n\n<figure class=\"wp-block-image\"><img loading=\"lazy\" decoding=\"async\" width=\"1024\" height=\"646\" src=\"\/wp-content\/uploads\/2018\/12\/20181204_192631-1024x646.jpg\" alt=\"\" class=\"wp-image-26728\" srcset=\"https:\/\/unifranz.edu.bo\/wp-content\/uploads\/2018\/12\/20181204_192631-1024x646.jpg 1024w, https:\/\/unifranz.edu.bo\/wp-content\/uploads\/2018\/12\/20181204_192631-300x189.jpg 300w, https:\/\/unifranz.edu.bo\/wp-content\/uploads\/2018\/12\/20181204_192631-768x484.jpg 768w, https:\/\/unifranz.edu.bo\/wp-content\/uploads\/2018\/12\/20181204_192631-1536x969.jpg 1536w, https:\/\/unifranz.edu.bo\/wp-content\/uploads\/2018\/12\/20181204_192631-2048x1291.jpg 2048w, https:\/\/unifranz.edu.bo\/wp-content\/uploads\/2018\/12\/20181204_192631-18x12.jpg 18w\" sizes=\"auto, (max-width: 1024px) 100vw, 1024px\" \/><figcaption><br><br><\/figcaption><\/figure>\n\n\n\n<figure class=\"wp-block-image\"><img loading=\"lazy\" decoding=\"async\" width=\"1024\" height=\"972\" src=\"\/wp-content\/uploads\/2018\/12\/20181204_204438-1024x972.jpg\" alt=\"\" class=\"wp-image-26729\" srcset=\"https:\/\/unifranz.edu.bo\/wp-content\/uploads\/2018\/12\/20181204_204438-1024x972.jpg 1024w, https:\/\/unifranz.edu.bo\/wp-content\/uploads\/2018\/12\/20181204_204438-300x285.jpg 300w, https:\/\/unifranz.edu.bo\/wp-content\/uploads\/2018\/12\/20181204_204438-768x729.jpg 768w, https:\/\/unifranz.edu.bo\/wp-content\/uploads\/2018\/12\/20181204_204438-1536x1459.jpg 1536w, https:\/\/unifranz.edu.bo\/wp-content\/uploads\/2018\/12\/20181204_204438-2048x1945.jpg 2048w, https:\/\/unifranz.edu.bo\/wp-content\/uploads\/2018\/12\/20181204_204438-13x12.jpg 13w\" sizes=\"auto, (max-width: 1024px) 100vw, 1024px\" \/><\/figure>\n\n\n\n<figure class=\"wp-block-image\"><img loading=\"lazy\" decoding=\"async\" width=\"834\" height=\"1024\" src=\"\/wp-content\/uploads\/2018\/12\/20181204_195542-834x1024.jpg\" alt=\"\" class=\"wp-image-26730\" srcset=\"https:\/\/unifranz.edu.bo\/wp-content\/uploads\/2018\/12\/20181204_195542-834x1024.jpg 834w, https:\/\/unifranz.edu.bo\/wp-content\/uploads\/2018\/12\/20181204_195542-244x300.jpg 244w, https:\/\/unifranz.edu.bo\/wp-content\/uploads\/2018\/12\/20181204_195542-768x942.jpg 768w, https:\/\/unifranz.edu.bo\/wp-content\/uploads\/2018\/12\/20181204_195542-1252x1536.jpg 1252w, https:\/\/unifranz.edu.bo\/wp-content\/uploads\/2018\/12\/20181204_195542-1669x2048.jpg 1669w, https:\/\/unifranz.edu.bo\/wp-content\/uploads\/2018\/12\/20181204_195542-10x12.jpg 10w\" sizes=\"auto, (max-width: 834px) 100vw, 834px\" \/><\/figure>\n\n\n\n<figure class=\"wp-block-image\"><img loading=\"lazy\" decoding=\"async\" width=\"1024\" height=\"808\" src=\"\/wp-content\/uploads\/2018\/12\/20181204_203533-1024x808.jpg\" alt=\"\" class=\"wp-image-26731\" srcset=\"https:\/\/unifranz.edu.bo\/wp-content\/uploads\/2018\/12\/20181204_203533-1024x808.jpg 1024w, https:\/\/unifranz.edu.bo\/wp-content\/uploads\/2018\/12\/20181204_203533-300x237.jpg 300w, https:\/\/unifranz.edu.bo\/wp-content\/uploads\/2018\/12\/20181204_203533-768x606.jpg 768w, https:\/\/unifranz.edu.bo\/wp-content\/uploads\/2018\/12\/20181204_203533-1536x1212.jpg 1536w, https:\/\/unifranz.edu.bo\/wp-content\/uploads\/2018\/12\/20181204_203533-2048x1616.jpg 2048w, https:\/\/unifranz.edu.bo\/wp-content\/uploads\/2018\/12\/20181204_203533-15x12.jpg 15w\" sizes=\"auto, (max-width: 1024px) 100vw, 1024px\" \/><\/figure>\n\n\n\n<figure class=\"wp-block-image\"><img loading=\"lazy\" decoding=\"async\" width=\"1024\" height=\"768\" src=\"\/wp-content\/uploads\/2018\/12\/20181204_203609-1024x768.jpg\" alt=\"\" class=\"wp-image-26732\" srcset=\"https:\/\/unifranz.edu.bo\/wp-content\/uploads\/2018\/12\/20181204_203609-1024x768.jpg 1024w, https:\/\/unifranz.edu.bo\/wp-content\/uploads\/2018\/12\/20181204_203609-300x225.jpg 300w, https:\/\/unifranz.edu.bo\/wp-content\/uploads\/2018\/12\/20181204_203609-768x576.jpg 768w, https:\/\/unifranz.edu.bo\/wp-content\/uploads\/2018\/12\/20181204_203609-1536x1152.jpg 1536w, https:\/\/unifranz.edu.bo\/wp-content\/uploads\/2018\/12\/20181204_203609-2048x1536.jpg 2048w, https:\/\/unifranz.edu.bo\/wp-content\/uploads\/2018\/12\/20181204_203609-16x12.jpg 16w\" sizes=\"auto, (max-width: 1024px) 100vw, 1024px\" \/><\/figure>\n\n\n\n<figure class=\"wp-block-image\"><img loading=\"lazy\" decoding=\"async\" width=\"1024\" height=\"496\" src=\"\/wp-content\/uploads\/2018\/12\/20181204_210803-1024x496.jpg\" alt=\"\" class=\"wp-image-26733\" srcset=\"https:\/\/unifranz.edu.bo\/wp-content\/uploads\/2018\/12\/20181204_210803-1024x496.jpg 1024w, https:\/\/unifranz.edu.bo\/wp-content\/uploads\/2018\/12\/20181204_210803-300x145.jpg 300w, https:\/\/unifranz.edu.bo\/wp-content\/uploads\/2018\/12\/20181204_210803-768x372.jpg 768w, https:\/\/unifranz.edu.bo\/wp-content\/uploads\/2018\/12\/20181204_210803-1536x743.jpg 1536w, https:\/\/unifranz.edu.bo\/wp-content\/uploads\/2018\/12\/20181204_210803-2048x991.jpg 2048w, https:\/\/unifranz.edu.bo\/wp-content\/uploads\/2018\/12\/20181204_210803-18x9.jpg 18w\" sizes=\"auto, (max-width: 1024px) 100vw, 1024px\" \/><\/figure>\n\n\n\n<ul class=\"wp-block-gallery columns-2 is-cropped wp-block-gallery-1 is-layout-flex wp-block-gallery-is-layout-flex\"><li class=\"blocks-gallery-item\"><figure><img loading=\"lazy\" decoding=\"async\" width=\"1024\" height=\"965\" src=\"\/wp-content\/uploads\/2018\/12\/20181204_210845-1024x965.jpg\" alt=\"\" data-id=\"26734\" data-link=\"https:\/\/unifranz.edu.bo\/?attachment_id=26734\" class=\"wp-image-26734\" srcset=\"https:\/\/unifranz.edu.bo\/wp-content\/uploads\/2018\/12\/20181204_210845-1024x965.jpg 1024w, https:\/\/unifranz.edu.bo\/wp-content\/uploads\/2018\/12\/20181204_210845-300x283.jpg 300w, https:\/\/unifranz.edu.bo\/wp-content\/uploads\/2018\/12\/20181204_210845-768x724.jpg 768w, https:\/\/unifranz.edu.bo\/wp-content\/uploads\/2018\/12\/20181204_210845-1536x1448.jpg 1536w, https:\/\/unifranz.edu.bo\/wp-content\/uploads\/2018\/12\/20181204_210845-2048x1930.jpg 2048w, https:\/\/unifranz.edu.bo\/wp-content\/uploads\/2018\/12\/20181204_210845-13x12.jpg 13w\" sizes=\"auto, (max-width: 1024px) 100vw, 1024px\" \/><\/figure><\/li><li class=\"blocks-gallery-item\"><figure><img loading=\"lazy\" decoding=\"async\" width=\"726\" height=\"1024\" src=\"\/wp-content\/uploads\/2018\/12\/20181204_211932-726x1024.jpg\" alt=\"\" data-id=\"26735\" data-link=\"https:\/\/unifranz.edu.bo\/?attachment_id=26735\" class=\"wp-image-26735\" srcset=\"https:\/\/unifranz.edu.bo\/wp-content\/uploads\/2018\/12\/20181204_211932-726x1024.jpg 726w, https:\/\/unifranz.edu.bo\/wp-content\/uploads\/2018\/12\/20181204_211932-213x300.jpg 213w, https:\/\/unifranz.edu.bo\/wp-content\/uploads\/2018\/12\/20181204_211932-768x1083.jpg 768w, https:\/\/unifranz.edu.bo\/wp-content\/uploads\/2018\/12\/20181204_211932-1090x1536.jpg 1090w, https:\/\/unifranz.edu.bo\/wp-content\/uploads\/2018\/12\/20181204_211932-1453x2048.jpg 1453w, https:\/\/unifranz.edu.bo\/wp-content\/uploads\/2018\/12\/20181204_211932-9x12.jpg 9w, https:\/\/unifranz.edu.bo\/wp-content\/uploads\/2018\/12\/20181204_211932-scaled.jpg 1816w\" sizes=\"auto, (max-width: 726px) 100vw, 726px\" \/><\/figure><\/li><\/ul>\n\n\n\n<p>\u00a0<\/p>","protected":false},"excerpt":{"rendered":"<p>Cochabamba, diciembre de 2018.- En un ameno acto en el Gran Hotel Cochabamba, se realiz\u00f3 la graduaci\u00f3n de la d\u00e9cimo sexta generaci\u00f3n de profesionales de la Universidad Privada Franz Tamayo. Los graduados recibieron su merecido reconocimiento por finalizar sus estudios de grado y estar preparados para aportar a la sociedad y al pa\u00eds con s\u00f3lidos &hellip; <a href=\"https:\/\/unifranz.edu.bo\/pt\/eventos\/unifranz-gradua-a-nueva-generacion-de-profesionales\/\">Continued<\/a><\/p>","protected":false},"author":45,"featured_media":26737,"comment_status":"open","ping_status":"open","sticky":false,"template":"","format":"standard","meta":{"_acf_changed":false,"footnotes":""},"categories":[60,280,45],"tags":[796,118],"class_list":["post-26727","post","type-post","status-publish","format-standard","has-post-thumbnail","hentry","category-blog","category-cochabamba","category-eventos","tag-colacion-de-grado","tag-profesionales"],"acf":[],"_links":{"self":[{"href":"https:\/\/unifranz.edu.bo\/pt\/wp-json\/wp\/v2\/posts\/26727","targetHints":{"allow":["GET"]}}],"collection":[{"href":"https:\/\/unifranz.edu.bo\/pt\/wp-json\/wp\/v2\/posts"}],"about":[{"href":"https:\/\/unifranz.edu.bo\/pt\/wp-json\/wp\/v2\/types\/post"}],"author":[{"embeddable":true,"href":"https:\/\/unifranz.edu.bo\/pt\/wp-json\/wp\/v2\/users\/45"}],"replies":[{"embeddable":true,"href":"https:\/\/unifranz.edu.bo\/pt\/wp-json\/wp\/v2\/comments?post=26727"}],"version-history":[{"count":2,"href":"https:\/\/unifranz.edu.bo\/pt\/wp-json\/wp\/v2\/posts\/26727\/revisions"}],"predecessor-version":[{"id":26739,"href":"https:\/\/unifranz.edu.bo\/pt\/wp-json\/wp\/v2\/posts\/26727\/revisions\/26739"}],"wp:featuredmedia":[{"embeddable":true,"href":"https:\/\/unifranz.edu.bo\/pt\/wp-json\/wp\/v2\/media\/26737"}],"wp:attachment":[{"href":"https:\/\/unifranz.edu.bo\/pt\/wp-json\/wp\/v2\/media?parent=26727"}],"wp:term":[{"taxonomy":"category","embeddable":true,"href":"https:\/\/unifranz.edu.bo\/pt\/wp-json\/wp\/v2\/categories?post=26727"},{"taxonomy":"post_tag","embeddable":true,"href":"https:\/\/unifranz.edu.bo\/pt\/wp-json\/wp\/v2\/tags?post=26727"}],"curies":[{"name":"wp","href":"https:\/\/api.w.org\/{rel}","templated":true}]}}