{"id":263810,"date":"2024-05-10T12:13:15","date_gmt":"2024-05-10T16:13:15","guid":{"rendered":"https:\/\/unifranz.edu.bo\/?p=263810"},"modified":"2024-05-10T12:13:15","modified_gmt":"2024-05-10T16:13:15","slug":"unifranz-prepara-a-la-primera-generacion-de-licenciados-en-periodismo-con-menciones-de-especialidad","status":"publish","type":"post","link":"https:\/\/unifranz.edu.bo\/pt\/investigacion\/unifranz-prepara-a-la-primera-generacion-de-licenciados-en-periodismo-con-menciones-de-especialidad\/","title":{"rendered":"Unifranz prepara a la primera generaci\u00f3n de licenciados en Periodismo con menciones de especialidad"},"content":{"rendered":"<p><span style=\"color: #000000;\">Desde 1938, cada 10 de mayo se celebra el D\u00eda del Periodista en Bolivia, una fecha que fue instituida durante la presidencia de Germ\u00e1n Busch con el objetivo de reivindicar los derechos de quienes ejercen el periodismo como profesi\u00f3n. En este contexto, la Universidad Franz Tamayo, Unifranz, se constituy\u00f3 en 2022 como la primera casa de estudios superiores en el pa\u00eds en formar licenciados en Periodismo con diferentes especialidades, que contribuyen con principios, valores e innovaci\u00f3n al sector.<\/span><\/p>\n<p><span style=\"color: #000000;\">El coordinador de la carrera de Periodismo de Unifranz Santa Cruz, Cesar del Castillo, resalta la importancia de formar periodistas \u00edntegros, que sean innovadores y defiendan los derechos de los ciudadanos y el pa\u00eds.<\/span><\/p>\n<p><span style=\"color: #000000;\">\u201cLos valores ser\u00e1n siempre los pilares de un buen periodista, quien debe ser una buena persona por excelencia. La integridad, la credibilidad, la responsabilidad, la objetividad y la defensa de los derechos humanos deben estar en el ADN de todo aquel que se dedique a este noble y apasionante oficio\u201d, expres\u00f3 el acad\u00e9mico.<\/span><\/p>\n<p><span style=\"color: #000000;\">La pasi\u00f3n y compromiso son dos valores que resaltan en los estudiantes de esta carrera, quienes aseguran que desde ni\u00f1os sintieron la curiosidad por contar historias e investigar. Aseguran que en Unifranz encontraron el lugar ideal para formarse y la oportunidad para expandir su experiencia y redes de contactos.<\/span><\/p>\n<p><img loading=\"lazy\" decoding=\"async\" class=\"alignnone wp-image-263812 size-large\" src=\"https:\/\/unifranz.edu.bo\/wp-content\/uploads\/2024\/05\/WhatsApp-Image-2024-05-10-at-12.07.48-1-1024x682.jpeg\" alt=\"\" width=\"1024\" height=\"682\" srcset=\"https:\/\/unifranz.edu.bo\/wp-content\/uploads\/2024\/05\/WhatsApp-Image-2024-05-10-at-12.07.48-1-1024x682.jpeg 1024w, https:\/\/unifranz.edu.bo\/wp-content\/uploads\/2024\/05\/WhatsApp-Image-2024-05-10-at-12.07.48-1-300x200.jpeg 300w, https:\/\/unifranz.edu.bo\/wp-content\/uploads\/2024\/05\/WhatsApp-Image-2024-05-10-at-12.07.48-1-768x512.jpeg 768w, https:\/\/unifranz.edu.bo\/wp-content\/uploads\/2024\/05\/WhatsApp-Image-2024-05-10-at-12.07.48-1-1536x1023.jpeg 1536w, https:\/\/unifranz.edu.bo\/wp-content\/uploads\/2024\/05\/WhatsApp-Image-2024-05-10-at-12.07.48-1-18x12.jpeg 18w, https:\/\/unifranz.edu.bo\/wp-content\/uploads\/2024\/05\/WhatsApp-Image-2024-05-10-at-12.07.48-1.jpeg 1600w\" sizes=\"auto, (max-width: 1024px) 100vw, 1024px\" \/><\/p>\n<p><span style=\"color: #000000;\">\u201cDesde los siete a\u00f1os tuve claro que quer\u00eda estudiar Periodismo, mi t\u00eda posee v\u00eddeos en los que estoy entrevistando a mis vecinos, abuela y primos. Eleg\u00ed esta carrera por pasi\u00f3n, es el sue\u00f1o de mi vida y cada d\u00eda me convenzo m\u00e1s de ello\u201d, afirm\u00f3 el estudiante de la carrera de Periodismo, Alexander Vaca.<\/span><\/p>\n<p><span style=\"color: #000000;\">El joven trabaja como periodista y creador de contenido en MDOR, Marketing Deportivo y RSE. Adem\u00e1s trabaj\u00f3 en diferentes medios de comunicaci\u00f3n, como en Radio Mar\u00edtima junto al periodista Tuff\u00ed Ar\u00e9, desenvolvi\u00e9ndose en m\u00faltiples \u00e1reas: producci\u00f3n, redacci\u00f3n, coordinaci\u00f3n y entrevistas.<\/span><\/p>\n<p><span style=\"color: #000000;\"><strong>La primera licenciada en Periodismo<\/strong><\/span><\/p>\n<p><span style=\"color: #000000;\">Gabriela Moreno, estudiante de quinto semestre de Periodismo, es la \u00fanica mujer en su semestre que es parte la primera generaci\u00f3n de estudiantes de esta carrera en Unifranz. Desde peque\u00f1a so\u00f1\u00f3 con estar en una sala de redacci\u00f3n o en un set de televisi\u00f3n para informar los hechos noticiosos.<\/span><\/p>\n<p><span style=\"color: #000000;\">Lleg\u00f3 a Unifranz porque buscaba una universidad que tenga la licenciatura especializada en Periodismo. Al cursar el cuarto semestre, sus docentes Juan Manuel Ijurko y M\u00f3nica Salvatierra le informaron que El Deber estaba en la b\u00fasqueda de su nueva periodista para producir <em>explainers<\/em>, se present\u00f3 al casting y en s\u00f3lo unos d\u00edas le informaron que hab\u00eda sido elegida.<\/span><\/p>\n<p><span style=\"color: #000000;\">\u201cSiempre me gust\u00f3 mucho leer, hablar y escribir, considero que Periodismo es la carrera perfecta que fusiona mis tres pasiones. Desde ni\u00f1a me gustaba contar historias y el periodismo es eso, contar los hechos que suceden y forman parte de la historia del mundo\u201d, se\u00f1al\u00f3 la joven destacada.<\/span><\/p>\n<p><span style=\"color: #000000;\">Oriunda de Beni, cuenta con una trayectoria en ascenso. Tambi\u00e9n trabaj\u00f3 con Maggy Talavera, presidenta de la Asociaci\u00f3n de Periodistas de Santa Cruz (APSC) en su programa multiplataforma Periodismo Sin Photoshop. Adem\u00e1s, realiz\u00f3 cobertura period\u00edstica en una agencia de turismo.<\/span><\/p>\n<p><span style=\"color: #000000;\">Al ser el rostro femenino de El Deber, tiene la responsabilidad de informar y analizar los hechos m\u00e1s importantes que marcan el acontecer nacional e internacional. Asimismo, sus textos son publicados en la edici\u00f3n impresa del peri\u00f3dico y acompa\u00f1a en la locuci\u00f3n todos los s\u00e1bados a M\u00f3nica Salvatierra y Pedro Rivero en El Deber Radio 103.3.<\/span><\/p>\n<p><img loading=\"lazy\" decoding=\"async\" class=\"alignnone wp-image-263813 size-large\" src=\"https:\/\/unifranz.edu.bo\/wp-content\/uploads\/2024\/05\/WhatsApp-Image-2024-05-10-at-12.06.29-2-768x1024.jpeg\" alt=\"\" width=\"768\" height=\"1024\" \/><\/p>\n<p><span style=\"color: #000000;\"><strong>Profesionales especialistas en Periodismo Deportivo<\/strong><\/span><\/p>\n<p><span style=\"color: #000000;\">Javier Iriarte naci\u00f3 en Cochabamba y lleg\u00f3 a Santa Cruz para obtener la licenciatura en Periodismo de la Universidad Franz Tamayo. Considera que su pasi\u00f3n, adrenalina y responsabilidad al momento de informar le abrieron muchas puertas en la prensa deportiva.<\/span><\/p>\n<p><span style=\"color: #000000;\">\u201cComenc\u00e9 trabajando desde muy joven en lo que amo hacer, pero decid\u00ed llevar mi pasi\u00f3n a un nivel profesional, por eso me inscrib\u00ed en Unifranz, no s\u00f3lo porque es la \u00fanica universidad en Bolivia que tiene la licenciatura en Periodismo, sino tambi\u00e9n porque al graduarnos podemos elegir una menci\u00f3n de especialidad, en mi caso voy a optar por Periodismo Investigativo y de Datos\u201d, precis\u00f3 Iriarte.<\/span><\/p>\n<p><span style=\"color: #000000;\">El estudiante trabaja en El Deber y Tigo Sports en simult\u00e1neo: en El Deber es panelista del programa radial \u201cLos m\u00e1s buscados\u201d y relator deportivo en \u201c11-90\u201d, programa dirigido por el periodista Jorge A\u00f1ez. En su jornada tambi\u00e9n se da tiempo para trabajar en Tigo Sports, medio en el que crea contenido para Play Gol, que se sube a diferentes plataformas de la empresa de telecomunicaciones.<\/span><\/p>\n<p><span style=\"color: #000000;\">El Periodismo Deportivo es una rama que Unifranz consider\u00f3 fundamental incluir en la malla curricular de la carrera, es por ello que la materia es dictada por Fernando \u201cPapi\u201d N\u00fcrnberg. El profesional fund\u00f3 el programa Facetas Deportivas, que se trasmite en diferentes redes nacionales de televisi\u00f3n y con el que hizo historia en coberturas a deportistas bolivianos y extranjeros.<\/span><\/p>\n<p><img loading=\"lazy\" decoding=\"async\" class=\"alignnone wp-image-263814 size-large\" src=\"https:\/\/unifranz.edu.bo\/wp-content\/uploads\/2024\/05\/WhatsApp-Image-2024-05-10-at-12.07.18-1024x739.jpeg\" alt=\"\" width=\"1024\" height=\"739\" srcset=\"https:\/\/unifranz.edu.bo\/wp-content\/uploads\/2024\/05\/WhatsApp-Image-2024-05-10-at-12.07.18-1024x739.jpeg 1024w, https:\/\/unifranz.edu.bo\/wp-content\/uploads\/2024\/05\/WhatsApp-Image-2024-05-10-at-12.07.18-300x217.jpeg 300w, https:\/\/unifranz.edu.bo\/wp-content\/uploads\/2024\/05\/WhatsApp-Image-2024-05-10-at-12.07.18-768x555.jpeg 768w, https:\/\/unifranz.edu.bo\/wp-content\/uploads\/2024\/05\/WhatsApp-Image-2024-05-10-at-12.07.18-1536x1109.jpeg 1536w, https:\/\/unifranz.edu.bo\/wp-content\/uploads\/2024\/05\/WhatsApp-Image-2024-05-10-at-12.07.18-2048x1479.jpeg 2048w, https:\/\/unifranz.edu.bo\/wp-content\/uploads\/2024\/05\/WhatsApp-Image-2024-05-10-at-12.07.18-18x12.jpeg 18w\" sizes=\"auto, (max-width: 1024px) 100vw, 1024px\" \/><\/p>\n<p><span style=\"color: #000000;\"><strong>Licenciados innovadores y de clase mundial<\/strong><\/span><\/p>\n<p><span style=\"color: #000000;\">Materias como Fotograf\u00eda, Producci\u00f3n Radial, Periodismo Gr\u00e1fico, Redacci\u00f3n Creativa, Creaci\u00f3n y Administraci\u00f3n de Blogs, Periodismo de Investigaci\u00f3n, Periodismo Ciudadano, Redes Sociales y Tics, Globalizaci\u00f3n y Nuevas Tecnolog\u00edas hacen que los licenciados en Periodismo de Unifranz est\u00e9n capacitados para ejercer su profesi\u00f3n en los diferentes medios de comunicaci\u00f3n.<\/span><\/p>\n<p><span style=\"color: #000000;\">Adem\u00e1s, con el programa Internacional\u00edzate, los j\u00f3venes ampl\u00edan su visi\u00f3n del mundo y fortalecen su red de contactos al estudiar durante uno o dos semestres en una universidad del extranjero.<\/span><\/p>\n<p><span style=\"color: #000000;\">El profesional en Periodismo de Unifranz crea contenido para distintas plataformas, con abordaje period\u00edstico actualizado, integral y trasparente, adem\u00e1s de generar proyectos de gesti\u00f3n social, siendo especialista en investigaci\u00f3n, producci\u00f3n y difusi\u00f3n de informaci\u00f3n, a la vanguardia del cambio y la evoluci\u00f3n en el uso de las tecnolog\u00edas de informaci\u00f3n y tendencias emergentes del periodismo.<\/span><\/p>\n<p><span style=\"color: #000000;\">Encuentra m\u00e1s informaci\u00f3n de esta apasionante carrera en el siguiente enlace:<\/span> <a href=\"https:\/\/ux.unifranz.edu.bo\/periodismo\">https:\/\/ux.unifranz.edu.bo\/periodismo<\/a><\/p>","protected":false},"excerpt":{"rendered":"<p>Desde 1938, cada 10 de mayo se celebra el D\u00eda del Periodista en Bolivia, una fecha que fue instituida durante la presidencia de Germ\u00e1n Busch con el objetivo de reivindicar los derechos de quienes ejercen el periodismo como profesi\u00f3n. En este contexto, la Universidad Franz Tamayo, Unifranz, se constituy\u00f3 en 2022 como la primera casa &hellip; <a href=\"https:\/\/unifranz.edu.bo\/pt\/investigacion\/unifranz-prepara-a-la-primera-generacion-de-licenciados-en-periodismo-con-menciones-de-especialidad\/\">Continued<\/a><\/p>","protected":false},"author":33,"featured_media":263811,"comment_status":"open","ping_status":"open","sticky":false,"template":"","format":"standard","meta":{"_acf_changed":false,"footnotes":""},"categories":[2576,5100,2494,2858,1636,2068,1782],"tags":[4380,8518,278,436,7233,3044],"class_list":["post-263810","post","type-post","status-publish","format-standard","has-post-thumbnail","hentry","category-unifranz-santa-cruz","category-bolivia","category-catedra-pedro-rivero-mercado","category-innovacion-en-educacion","category-investigacion","category-periodismo-es","category-unifranz","tag-dia-del-periodista","tag-german-busch","tag-periodismo","tag-periodistas","tag-periodistas-bolivianos","tag-prensa-es"],"acf":[],"_links":{"self":[{"href":"https:\/\/unifranz.edu.bo\/pt\/wp-json\/wp\/v2\/posts\/263810","targetHints":{"allow":["GET"]}}],"collection":[{"href":"https:\/\/unifranz.edu.bo\/pt\/wp-json\/wp\/v2\/posts"}],"about":[{"href":"https:\/\/unifranz.edu.bo\/pt\/wp-json\/wp\/v2\/types\/post"}],"author":[{"embeddable":true,"href":"https:\/\/unifranz.edu.bo\/pt\/wp-json\/wp\/v2\/users\/33"}],"replies":[{"embeddable":true,"href":"https:\/\/unifranz.edu.bo\/pt\/wp-json\/wp\/v2\/comments?post=263810"}],"version-history":[{"count":1,"href":"https:\/\/unifranz.edu.bo\/pt\/wp-json\/wp\/v2\/posts\/263810\/revisions"}],"predecessor-version":[{"id":263815,"href":"https:\/\/unifranz.edu.bo\/pt\/wp-json\/wp\/v2\/posts\/263810\/revisions\/263815"}],"wp:featuredmedia":[{"embeddable":true,"href":"https:\/\/unifranz.edu.bo\/pt\/wp-json\/wp\/v2\/media\/263811"}],"wp:attachment":[{"href":"https:\/\/unifranz.edu.bo\/pt\/wp-json\/wp\/v2\/media?parent=263810"}],"wp:term":[{"taxonomy":"category","embeddable":true,"href":"https:\/\/unifranz.edu.bo\/pt\/wp-json\/wp\/v2\/categories?post=263810"},{"taxonomy":"post_tag","embeddable":true,"href":"https:\/\/unifranz.edu.bo\/pt\/wp-json\/wp\/v2\/tags?post=263810"}],"curies":[{"name":"wp","href":"https:\/\/api.w.org\/{rel}","templated":true}]}}