{"id":262493,"date":"2024-05-08T14:13:53","date_gmt":"2024-05-08T18:13:53","guid":{"rendered":"https:\/\/unifranz.edu.bo\/?p=262493"},"modified":"2024-05-08T17:51:12","modified_gmt":"2024-05-08T21:51:12","slug":"con-el-aporte-de-unifranz-operacion-sonrisa-cambio-la-vida-de-60-nuevos-pacientes","status":"publish","type":"post","link":"https:\/\/unifranz.edu.bo\/pt\/blog\/con-el-aporte-de-unifranz-operacion-sonrisa-cambio-la-vida-de-60-nuevos-pacientes\/","title":{"rendered":"Con el aporte de Unifranz, Operaci\u00f3n Sonrisa cambi\u00f3 la vida de 60 nuevos pacientes"},"content":{"rendered":"<p><span style=\"color: #000000;\">Operaci\u00f3n Sonrisa culmin\u00f3 con \u00e9xito su reciente campa\u00f1a, al beneficiar a 60 personas con cirug\u00edas gratuitas correctivas de labio fisurado y\/o paladar hendido. Las operaciones se practicaron la \u00faltima semana de abril en Santa Cruz de la Sierra, luego de una etapa de preselecci\u00f3n realizada en la Cl\u00ednica Odontol\u00f3gica de la Universidad Franz Tamayo, Unifranz, de la ciudad de El Alto, adem\u00e1s de otros centros en Cochabamba, Sucre y Santa Cruz.<\/span><\/p>\n<p><span style=\"color: #000000;\">Esta campa\u00f1a es posible gracias al trabajo de responsabilidad social empresarial y la alianza estrat\u00e9gica entre la Fundaci\u00f3n Operaci\u00f3n Sonrisa, Fundaci\u00f3n Unifranz, el BCP, y otras instituciones comprometidas con esta noble causa.<\/span><\/p>\n<p><span style=\"color: #000000;\">Como resultado de esta alianza, la universidad coadyuv\u00f3 por tercer a\u00f1o consecutivo a trav\u00e9s de docentes y estudiantes, tanto en la parte log\u00edstica como en las mismas valoraciones m\u00e9dicas.<\/span><\/p>\n<p><span style=\"color: #000000;\">\u201cEs una campa\u00f1a grande y muy importante, enmarcada en la responsabilidad social universitaria. Estamos trabajando para tener este tipo de campa\u00f1as de manera recurrente y as\u00ed beneficiar a muchas m\u00e1s personas\u201d, puntualiz\u00f3 el director de la carrera de Odontolog\u00eda del campus acad\u00e9mico de El Alto, \u00c1lvaro Ib\u00e1\u00f1ez.<\/span><\/p>\n<p><span style=\"color: #000000;\">La jornada de preselecci\u00f3n, realizada entre el 6 y el 20 de abril en cuatro ciudades capitales, permiti\u00f3 identificar a aquellas personas que podr\u00edan beneficiarse de intervenciones quir\u00fargicas gratuitas.<\/span><\/p>\n<p><span style=\"color: #000000;\">La ciudad de El Alto, que concentr\u00f3 a pacientes de todo el departamento de La Paz, reuni\u00f3 a un total de 50 ni\u00f1os junto a sus familias en busca de una oportunidad para cambiar sus vidas, 20 de los cuales fueron seleccionados despu\u00e9s de ser valorados por el equipo de especialistas m\u00e9dicos y odontol\u00f3gicos, quienes determinan si los pacientes est\u00e1n en condiciones de acceder a la cirug\u00eda.<\/span><\/p>\n<figure id=\"attachment_262808\" aria-describedby=\"caption-attachment-262808\" style=\"width: 546px\" class=\"wp-caption aligncenter\"><a href=\"nada de preselecci\u00f3n \"><img loading=\"lazy\" decoding=\"async\" class=\"wp-image-262808\" src=\"https:\/\/unifranz.edu.bo\/wp-content\/uploads\/2024\/05\/3-5-1024x684.jpg\" alt=\"\" width=\"546\" height=\"365\" srcset=\"https:\/\/unifranz.edu.bo\/wp-content\/uploads\/2024\/05\/3-5-1024x684.jpg 1024w, https:\/\/unifranz.edu.bo\/wp-content\/uploads\/2024\/05\/3-5-300x200.jpg 300w, https:\/\/unifranz.edu.bo\/wp-content\/uploads\/2024\/05\/3-5-768x513.jpg 768w, https:\/\/unifranz.edu.bo\/wp-content\/uploads\/2024\/05\/3-5-1536x1026.jpg 1536w, https:\/\/unifranz.edu.bo\/wp-content\/uploads\/2024\/05\/3-5-18x12.jpg 18w, https:\/\/unifranz.edu.bo\/wp-content\/uploads\/2024\/05\/3-5.jpg 2048w\" sizes=\"auto, (max-width: 546px) 100vw, 546px\" \/><\/a><figcaption id=\"caption-attachment-262808\" class=\"wp-caption-text\">\u00a0 \u00a0 \u00a0 \u00a0 \u00a0 \u00a0 \u00a0 \u00a0 \u00a0 \u00a0Jornada de preselecci\u00f3n en Unifranz El Alto<\/figcaption><\/figure>\n<p><span style=\"color: #000000;\">La directora ejecutiva de Fundaci\u00f3n Operaci\u00f3n Sonrisa Bolivia, Cecilia Vaca, expres\u00f3 su satisfacci\u00f3n por llevar a cabo esta iniciativa. Destac\u00f3 la importancia de brindar atenci\u00f3n m\u00e9dica a aquellas familias que m\u00e1s lo necesitan y que estas puedan acceder a realizarse la cirug\u00eda que requieren en el programa quir\u00fargico.<\/span><\/p>\n<p><span style=\"color: #000000;\">\u201cEs importante dar a conocer que en nuestro pa\u00eds la incidencia de ni\u00f1os con labio fisurado y paladar hendido es muy alta; muchos de ellos quedan aislados de la sociedad o simplemente mueren a temprana edad debido a que tienen problemas para alimentarse. Esta historia puede cambiar, con una cirug\u00eda de 45 minutos estos ni\u00f1os pueden comenzar a superar sus dolencias, alimentarse, hablar y expresarse sin dificultades y, sobre todo, volver sonre\u00edr\u201d, afirm\u00f3 Vaca.<\/span><\/p>\n<p><span style=\"color: #000000;\">La jornada quir\u00fargica concluy\u00f3 la anterior semana, con un total de 60 cirug\u00edas, por lo que la profesional expres\u00f3 su gratitud con todos los integrantes de su equipo, tanto nacionales como extranjeros, aliados y patrocinadores \u201cque dedicaron sus inestimables tiempo y esfuerzo para alcanzar este exitoso objetivo\u201d, agreg\u00f3.<\/span><\/p>\n<p><span style=\"color: #000000;\">Este programa busca cambiar la vida de quienes padecen de labio fisurado y\/o paladar hendido, ofreci\u00e9ndoles la posibilidad de mejorar su condici\u00f3n y recuperar sus sonrisas. La cirug\u00eda es fundamental para superar dificultades al alimentarse, hablar y prevenir infecciones en el caso de los m\u00e1s peque\u00f1os.<\/span><\/p>\n<h6><strong><span style=\"color: #000000;\">Historias que inspiran sonrisas<\/span><\/strong><\/h6>\n<p><span style=\"color: #000000;\"><img loading=\"lazy\" decoding=\"async\" class=\"wp-image-262797 alignleft\" src=\"https:\/\/unifranz.edu.bo\/wp-content\/uploads\/2024\/05\/WhatsApp-Image-2024-05-08-at-10.29.37-1-fotor-20240508152510-1024x1024.png\" alt=\"\" width=\"288\" height=\"288\" srcset=\"https:\/\/unifranz.edu.bo\/wp-content\/uploads\/2024\/05\/WhatsApp-Image-2024-05-08-at-10.29.37-1-fotor-20240508152510-1024x1024.png 1024w, https:\/\/unifranz.edu.bo\/wp-content\/uploads\/2024\/05\/WhatsApp-Image-2024-05-08-at-10.29.37-1-fotor-20240508152510-300x300.png 300w, https:\/\/unifranz.edu.bo\/wp-content\/uploads\/2024\/05\/WhatsApp-Image-2024-05-08-at-10.29.37-1-fotor-20240508152510-768x768.png 768w, https:\/\/unifranz.edu.bo\/wp-content\/uploads\/2024\/05\/WhatsApp-Image-2024-05-08-at-10.29.37-1-fotor-20240508152510-12x12.png 12w, https:\/\/unifranz.edu.bo\/wp-content\/uploads\/2024\/05\/WhatsApp-Image-2024-05-08-at-10.29.37-1-fotor-20240508152510.png 1129w\" sizes=\"auto, (max-width: 288px) 100vw, 288px\" \/>Mariela es una madre valiente que super\u00f3 numerosos sucesos complejos en su vida para prosperar con su familia. A sus 30 a\u00f1os, con tres hijos bajo su protecci\u00f3n, naci\u00f3 Daniel, con labio fisurado y paladar hendido, una condici\u00f3n que implic\u00f3 que entre en diversos gastos.<\/span><\/p>\n<p><span style=\"color: #000000;\">La joven madre, quien vive junto con su familia en El Alto, donde en el cuidado de ovejas y la cosecha de papas, revela que se enter\u00f3 de la campa\u00f1a de preselecci\u00f3n en La Paz a trav\u00e9s de un amigo y decidi\u00f3 ir en busca de una nueva oportunidad para Daniel, quien cumpli\u00f3 todos los requisitos para ser sometido a la cirug\u00eda. Con la noticia de la selecci\u00f3n de su hijo, no dud\u00f3 en viajar a Santa Cruz, a pesar de la distancia.<\/span><\/p>\n<p><span style=\"color: #000000;\">Al t\u00e9rmino de una cirug\u00eda exitosa, Mariela destac\u00f3 la enorme gratitud hacia los especialistas al ver la sonrisa en el rostro de Daniel.<\/span><\/p>\n<p><span style=\"color: #000000;\">La directora de Fundaci\u00f3n Unifranz, Pilar Hidalgo, destac\u00f3 la importancia de organizar actividades de asistencia m\u00e9dica como Operaci\u00f3n Sonrisa, y agradeci\u00f3 la participaci\u00f3n de todas las personas involucradas en la tarea.<\/span><\/p>\n<p><span style=\"color: #000000;\">\u201cA nombre de la instituci\u00f3n y, sobre todo, de los ni\u00f1os que producto de esta colaboraci\u00f3n han recibido el regalo de un futuro digno, \u00a1muchas gracias! (\u2026). La intervenci\u00f3n quir\u00fargica no es una mejora est\u00e9tica, sino la puerta hacia un futuro\u201d, manifest\u00f3 Hidalgo.<\/span><\/p>","protected":false},"excerpt":{"rendered":"<p>Operaci\u00f3n Sonrisa culmin\u00f3 con \u00e9xito su reciente campa\u00f1a, al beneficiar a 60 personas con cirug\u00edas gratuitas correctivas de labio fisurado y\/o paladar hendido. Las operaciones se practicaron la \u00faltima semana de abril en Santa Cruz de la Sierra, luego de una etapa de preselecci\u00f3n realizada en la Cl\u00ednica Odontol\u00f3gica de la Universidad Franz Tamayo, Unifranz, &hellip; <a href=\"https:\/\/unifranz.edu.bo\/pt\/blog\/con-el-aporte-de-unifranz-operacion-sonrisa-cambio-la-vida-de-60-nuevos-pacientes\/\">Continued<\/a><\/p>","protected":false},"author":25,"featured_media":262504,"comment_status":"open","ping_status":"open","sticky":false,"template":"","format":"standard","meta":{"_acf_changed":false,"footnotes":""},"categories":[60,302,1938,2022,6032,1878,2090,2266],"tags":[47,236,242],"class_list":["post-262493","post","type-post","status-publish","format-standard","has-post-thumbnail","hentry","category-blog","category-el-alto","category-fundacion-unifranz","category-odontologia","category-operacion-sonrisa","category-salud","category-solidaridad-es","category-voluntariado","tag-el-alto","tag-fundacion-unifranz","tag-unifranz"],"acf":[],"_links":{"self":[{"href":"https:\/\/unifranz.edu.bo\/pt\/wp-json\/wp\/v2\/posts\/262493","targetHints":{"allow":["GET"]}}],"collection":[{"href":"https:\/\/unifranz.edu.bo\/pt\/wp-json\/wp\/v2\/posts"}],"about":[{"href":"https:\/\/unifranz.edu.bo\/pt\/wp-json\/wp\/v2\/types\/post"}],"author":[{"embeddable":true,"href":"https:\/\/unifranz.edu.bo\/pt\/wp-json\/wp\/v2\/users\/25"}],"replies":[{"embeddable":true,"href":"https:\/\/unifranz.edu.bo\/pt\/wp-json\/wp\/v2\/comments?post=262493"}],"version-history":[{"count":5,"href":"https:\/\/unifranz.edu.bo\/pt\/wp-json\/wp\/v2\/posts\/262493\/revisions"}],"predecessor-version":[{"id":262848,"href":"https:\/\/unifranz.edu.bo\/pt\/wp-json\/wp\/v2\/posts\/262493\/revisions\/262848"}],"wp:featuredmedia":[{"embeddable":true,"href":"https:\/\/unifranz.edu.bo\/pt\/wp-json\/wp\/v2\/media\/262504"}],"wp:attachment":[{"href":"https:\/\/unifranz.edu.bo\/pt\/wp-json\/wp\/v2\/media?parent=262493"}],"wp:term":[{"taxonomy":"category","embeddable":true,"href":"https:\/\/unifranz.edu.bo\/pt\/wp-json\/wp\/v2\/categories?post=262493"},{"taxonomy":"post_tag","embeddable":true,"href":"https:\/\/unifranz.edu.bo\/pt\/wp-json\/wp\/v2\/tags?post=262493"}],"curies":[{"name":"wp","href":"https:\/\/api.w.org\/{rel}","templated":true}]}}